{"id":24671,"date":"2026-04-26T18:22:21","date_gmt":"2026-04-26T22:22:21","guid":{"rendered":"https:\/\/ermdigital.com\/index.php\/2026\/04\/26\/f1-colapinto-reune-a-mas-de-500-000-personas-en-show-callejero\/"},"modified":"2026-04-26T18:22:21","modified_gmt":"2026-04-26T22:22:21","slug":"f1-colapinto-reune-a-mas-de-500-000-personas-en-show-callejero","status":"publish","type":"post","link":"https:\/\/ermdigital.com\/index.php\/2026\/04\/26\/f1-colapinto-reune-a-mas-de-500-000-personas-en-show-callejero\/","title":{"rendered":"F1: Colapinto re\u00fane a m\u00e1s de 500.000 personas en show callejero"},"content":{"rendered":"<p>\u00a0\u00a0<\/p>\n<p>El piloto argentino de <strong>F\u00f3rmula 1<\/strong>, <strong>Franco Colapinto<\/strong>, reuni\u00f3 a m\u00e1s de <strong>500.000 personas<\/strong> este domingo para un <strong>show callejero<\/strong> de automovilismo en Buenos Aires, dijeron los organizadores al t\u00e9rmino de un espect\u00e1culo en el que el joven reaviv\u00f3 el reclamo por el regreso de la categor\u00eda al pa\u00eds.<\/p>\n<p><strong>Colapinto<\/strong>, de 22 a\u00f1os, condujo un <strong>Lotus E20<\/strong> de 2012 con los colores de la escuder\u00eda francesa <strong>Alpine<\/strong> y una r\u00e9plica de la Flecha de Plata con la que su compatriota Juan Manuel Fangio compiti\u00f3 en la d\u00e9cada de 1950.<\/p>\n<p>El joven piloto emocion\u00f3 a una multitud que cop\u00f3 tribunas, fan zones y veredas en un circuito callejero de dos kil\u00f3metros en el adinerado barrio de <strong>Palermo<\/strong>, en el que hizo <strong>trompos<\/strong> hasta que el monoplaza de <strong>Alpine<\/strong> se prendi\u00f3 fuego, r\u00e1pidamente controlado.<\/p>\n<p>\"<strong>Sali\u00f3 fuego<\/strong>, se <strong>quem\u00f3<\/strong>\", dijo a un periodista cuando saludaba al p\u00fablico en el paseo final. \"Me dijeron que lo cuide, pero al final me calent\u00e9 un poquito\", <strong>brome\u00f3<\/strong>.<\/p>\n<p>\"Ojal\u00e1 que este <strong>show<\/strong> le muestre a la <strong>F\u00f3rmula 1<\/strong> lo que generamos y que volvamos a tener un <strong>Gran Premio<\/strong> en la <strong>Argentina<\/strong>\", hab\u00eda dicho en la previa, despertando una ovaci\u00f3n del p\u00fablico.<\/p>\n<p><strong>Argentina<\/strong> no alberga un <strong>Gran Premio<\/strong> de la m\u00e1xima categor\u00eda del automovilismo desde <strong>1998<\/strong>, una falta imperdonable para los amantes de los \"fierros\", como se conoce en el pa\u00eds todo lo vinculado a los autos de carrera.<\/p>\n<div class=\"w-full pt-2 float-left inside-related\"><strong>RELACIONADAS<\/strong><\/p>\n<article class=\"flex flex-wrap border-b pb-4 mb-3 inline-block\">\n<div class=\"xl:w-2\/12 w-4\/12\">\n<figure class=\"mb-0\"><img loading=\"lazy\" decoding=\"async\" src=\"https:\/\/resources.diariolibre.com\/images\/2026\/03\/03\/dos-espanoles-y-tres-latinoamericanos-en-la-elite-de-la-f1-ae8fc167-focus-0-0-149-99.jpg\" width=\"149\" height=\"99\" title=\"Las cinco cosas a saber antes de la nueva temporada de la F1, adem\u00e1s de la incursi\u00f3n de Cadillac\" alt=\"Las cinco cosas a saber antes de la nueva temporada de la F1, adem\u00e1s de la incursi\u00f3n de Cadillac\" class=\"object-cover\" \/><\/figure>\n<\/div>\n<\/article>\n<article class=\"flex flex-wrap border-b pb-4 mb-3 inline-block\">\n<div class=\"xl:w-2\/12 w-4\/12\">\n<figure class=\"mb-0\"><img loading=\"lazy\" decoding=\"async\" src=\"https:\/\/resources.diariolibre.com\/images\/2026\/03\/08\/el-britanico-russell-gana-el-gp-de-australia-primera-carrera-del-ano-82db67e5-focus-min0.03-0.25-149-99.jpg\" width=\"149\" height=\"99\" title=\"El brit\u00e1nico George Russell gana el GP de Australia, primera carrera del a\u00f1o de F1\" alt=\"El brit\u00e1nico George Russell gana el GP de Australia, primera carrera del a\u00f1o de F1\" class=\"object-cover\" \/><\/figure>\n<\/div>\n<\/article>\n<article class=\"flex flex-wrap border-b pb-4 mb-3 inline-block\">\n<div class=\"xl:w-2\/12 w-4\/12\">\n<figure class=\"mb-0\"><img loading=\"lazy\" decoding=\"async\" src=\"https:\/\/resources.diariolibre.com\/images\/2026\/03\/29\/f1-nace-una-estrella-en-suzuka-antonelli-lider-mas-joven-en-historia-ccee448b-focus-min0.19-0.58-149-99.jpg\" width=\"149\" height=\"99\" title=\"Nace una estrella en Suzuka, Antonelli l\u00edder m\u00e1s joven en historia de la F1\" alt=\"Nace una estrella en Suzuka, Antonelli l\u00edder m\u00e1s joven en historia de la F1\" class=\"object-cover\" \/><\/figure>\n<\/div>\n<\/article>\n<\/div>\n<ul class=\"list-text\">\n<li><strong>Colapinto<\/strong> se concentrar\u00e1 ahora en la reanudaci\u00f3n del <strong>campeonato mundial<\/strong> de F1, en el que marcha en la decimosexta casilla, cuya pr\u00f3xima parada ser\u00e1 en <strong>Miami<\/strong> el domingo siguiente.<\/li>\n<\/ul>\n<p>lm\/raa\/<\/p>\n<div class=\"border-t border-b py-2 my-5 tags-container\"><strong>TEMAS &#8211; <\/strong><\/p>\n<ul>\n<li><\/li>\n<li>\n<div class=\"inline-block border p-2 rounded-full align-middle\">\n<p><a href=\"https:\/\/www.diariolibre.com\/tags\/escuderia-ineta\/377083\" title=\"Escuder\u00eda ineta\">Escuder\u00eda ineta<\/a><\/p>\n<\/div>\n<\/li>\n<\/ul>\n<\/div>\n<p>\u00a0<\/p>\n","protected":false},"excerpt":{"rendered":"<p>\u00a0\u00a0 El piloto argentino de F\u00f3rmula 1, Franco Colapinto, reuni\u00f3 a m\u00e1s de 500.000 personas este domingo para un show callejero de automovilismo en Buenos Aires, dijeron los organizadores al t\u00e9rmino de un espect\u00e1culo en el que el joven reaviv\u00f3 el reclamo por el regreso de la categor\u00eda al pa\u00eds. Colapinto, de 22 a\u00f1os, condujo [&hellip;]<\/p>\n","protected":false},"author":1,"featured_media":24673,"comment_status":"open","ping_status":"open","sticky":false,"template":"","format":"standard","meta":{"amp_status":"","footnotes":""},"categories":[4],"tags":[],"class_list":["post-24671","post","type-post","status-publish","format-standard","has-post-thumbnail","hentry","category-deportes"],"_links":{"self":[{"href":"https:\/\/ermdigital.com\/index.php\/wp-json\/wp\/v2\/posts\/24671","targetHints":{"allow":["GET"]}}],"collection":[{"href":"https:\/\/ermdigital.com\/index.php\/wp-json\/wp\/v2\/posts"}],"about":[{"href":"https:\/\/ermdigital.com\/index.php\/wp-json\/wp\/v2\/types\/post"}],"author":[{"embeddable":true,"href":"https:\/\/ermdigital.com\/index.php\/wp-json\/wp\/v2\/users\/1"}],"replies":[{"embeddable":true,"href":"https:\/\/ermdigital.com\/index.php\/wp-json\/wp\/v2\/comments?post=24671"}],"version-history":[{"count":0,"href":"https:\/\/ermdigital.com\/index.php\/wp-json\/wp\/v2\/posts\/24671\/revisions"}],"wp:featuredmedia":[{"embeddable":true,"href":"https:\/\/ermdigital.com\/index.php\/wp-json\/wp\/v2\/media\/24673"}],"wp:attachment":[{"href":"https:\/\/ermdigital.com\/index.php\/wp-json\/wp\/v2\/media?parent=24671"}],"wp:term":[{"taxonomy":"category","embeddable":true,"href":"https:\/\/ermdigital.com\/index.php\/wp-json\/wp\/v2\/categories?post=24671"},{"taxonomy":"post_tag","embeddable":true,"href":"https:\/\/ermdigital.com\/index.php\/wp-json\/wp\/v2\/tags?post=24671"}],"curies":[{"name":"wp","href":"https:\/\/api.w.org\/{rel}","templated":true}]}}