{"id":24659,"date":"2026-04-26T17:47:33","date_gmt":"2026-04-26T21:47:33","guid":{"rendered":"https:\/\/ermdigital.com\/index.php\/2026\/04\/26\/abinader-entrega-circuito-vial-bajo-yuna-y-transforma-la-vida-de-mas-de-30000-personas-en-el-nordeste\/"},"modified":"2026-04-26T17:47:33","modified_gmt":"2026-04-26T21:47:33","slug":"abinader-entrega-circuito-vial-bajo-yuna-y-transforma-la-vida-de-mas-de-30000-personas-en-el-nordeste","status":"publish","type":"post","link":"https:\/\/ermdigital.com\/index.php\/2026\/04\/26\/abinader-entrega-circuito-vial-bajo-yuna-y-transforma-la-vida-de-mas-de-30000-personas-en-el-nordeste\/","title":{"rendered":"Abinader entrega Circuito Vial Bajo Yuna y transforma la vida de m\u00e1s de 30,000 personas en el Nordeste"},"content":{"rendered":"<p>\u200b<\/p>\n<p>El presidente Luis Abinader encabez\u00f3 la inauguraci\u00f3n del Circuito Vial Bajo Yuna que abarca una totalidad de 49.2 kil\u00f3metros y crea una conexi\u00f3n entre las provincias Duarte y Mar\u00eda Trinidad S\u00e1nchez, y que, adem\u00e1s de ampliar la movilidad entre comunidades aisladas, fortalece el intercambio comercial de importantes rubros como el arroz y el cacao.<\/p>\n<p>Con una extensi\u00f3n de 42.8 kil\u00f3metros, este circuito vial transforma la conectividad del Nordeste, habilitando un camino seguro para las comunidades La Reforma, Las Coles, La Jagua, El Jobo, Jobo Afuera, Molenillo y La Garza, y conect\u00e1ndolas de manera directa con la Autopista Juan Pablo Segundo y la carretera Nagua\u2013Saman\u00e1.<\/p>\n<p>Adicional a este, se asfaltaron 6.2 kil\u00f3metros de v\u00edas internas, superando as\u00ed los 49 kil\u00f3metros.<\/p>\n<p>Al trasladarse al lugar, el jefe de Estado reiter\u00f3 que nunca antes se hab\u00edan construido tantas carreteras como en la actualidad, y contin\u00faan acortando distancias entre comunidades de todo el pa\u00eds al citar la v\u00eda que se construye para unir Las Gu\u00e1ranas con Pimentel, en esta misma provincia.<\/p>\n<p>Destac\u00f3 tambi\u00e9n la alta calidad con que se realizan estos trabajos, priorizando la asignaci\u00f3n de recursos para llevar progreso a la poblaci\u00f3n. En este sentido inform\u00f3 a los presentes que dar\u00e1 respuesta a otras necesidades de la zona, como una funeraria, cementerio y m\u00e1s asfaltados.<\/p>\n<p>Construido por el Ministerio de Obras P\u00fablicas y Comunicaciones, el Circuito Vial Bajo Yuna acerca tambi\u00e9n estas comunidades a servicios b\u00e1sicos de salud y educaci\u00f3n que sol\u00edan ser de limitado acceso, mejorando las condiciones de vida de m\u00e1s de 20,000 personas de forma directa y m\u00e1s de 30,000 de manera indirecta.<\/p>\n<p>De su lado, el ministro Eduardo Estrella subray\u00f3 que el circuito llega en un momento clave en que ha aumentado la producci\u00f3n de arroz, eliminando trabas para su transporte.<\/p>\n<p>\u201cEstamos llenos de v\u00edas que comunican unas comunidades con otras y mejoran la calidad de vida de la gente\u201d.<\/p>\n<p>Con entusiasmo, Estrella agreg\u00f3 que los hechos hablan por s\u00ed solos y este es un \u201cpresidente que se preocupa por su gente, que est\u00e1 trabajando no solamente por una provincia, sino tambi\u00e9n por un pa\u00eds. Tengan confianza en el presidente Luis Abinader, que cada d\u00eda demuestra m\u00e1s que los chelitos le rinden\u201d.<\/p>\n<h2>M\u00e1s proyectos impactan positivamente provincia Duarte<\/h2>\n<p>En beneficio de esta productiva provincia Duarte, el titular de Obras P\u00fablicas indic\u00f3 que contin\u00faan trabajando \u00e1gilmente en otros 78 kil\u00f3metros de carretera, la Circunvalaci\u00f3n de San Francisco y la construcci\u00f3n de 5 puentes, as\u00ed como el asfaltado de calles de diferentes municipios y distritos, citando zonas como San Francisco de Macor\u00eds, Mam\u00e1 Tingo, Pimentel y El Aguacate.<\/p>\n<p>Igualmente, comunitarios agradecieron la construcci\u00f3n de un puente en la comunidad de Bebedero que comunica 30 mil tareas m\u00e1s de tierra, dragados que han permitido la rehabilitaci\u00f3n de unas 5 mil tareas, la construcci\u00f3n de aceras y contenes y caminos vecinales.<\/p>\n<h2>Impulso a la econom\u00eda agr\u00edcola<\/h2>\n<p>El senador por la provincia Duarte, Franklin Romero, asever\u00f3 que el Bajo Yuna es una de las zonas agroproductivas m\u00e1s importantes del pa\u00eds, por lo que esta obra, fortalece la comercializaci\u00f3n de rubros clave como el arroz y el cacao, reduciendo costos log\u00edsticos, disminuyendo p\u00e9rdidas postcosecha y aumentando la competitividad de los productores.<\/p>\n<p>Dijo, adem\u00e1s, que esta v\u00eda crea nuevas oportunidades de progreso y desarrollo para las familias locales, permitiendo el crecimiento de esta zona antes intransitable.<\/p>\n<h2>Dise\u00f1o responde a los desaf\u00edos del territorio<\/h2>\n<p>Ubicado en una zona vulnerable a inundaciones, el Circuito Bajo Yuna incorpora soluciones de drenaje y dise\u00f1o que garantizan la transitabilidad incluso en condiciones clim\u00e1ticas adversas, protegiendo tanto a las comunidades como a la producci\u00f3n agr\u00edcola, aline\u00e1ndose con la visi\u00f3n del Gobierno de construir infraestructuras preparadas para responder a los desaf\u00edos clim\u00e1ticos del presente y el futuro.<\/p>\n<p>En el acto participaron el senador por Mar\u00eda Trinidad S\u00e1nchez, Alexis Victoria Yeb; las gobernadoras Ana Xiomara Cort\u00e9s y Mar\u00eda L\u00f3pez; el Director Ejecutivo del Instituto Nacional de Recursos Hidr\u00e1ulicos (Indrhi), Olmedo Caba.<\/p>\n<p>Archivado en: <a href=\"https:\/\/eldinero.com.do\/tag\/luis-abinader\/\" rel=\"tag\">Luis Abinader<\/a><\/p>\n<p>\u00a0<\/p>\n","protected":false},"excerpt":{"rendered":"<p>\u200b El presidente Luis Abinader encabez\u00f3 la inauguraci\u00f3n del Circuito Vial Bajo Yuna que abarca una totalidad de 49.2 kil\u00f3metros y crea una conexi\u00f3n entre las provincias Duarte y Mar\u00eda Trinidad S\u00e1nchez, y que, adem\u00e1s de ampliar la movilidad entre comunidades aisladas, fortalece el intercambio comercial de importantes rubros como el arroz y el cacao. [&hellip;]<\/p>\n","protected":false},"author":1,"featured_media":24661,"comment_status":"open","ping_status":"open","sticky":false,"template":"","format":"standard","meta":{"amp_status":"","footnotes":""},"categories":[7],"tags":[],"class_list":["post-24659","post","type-post","status-publish","format-standard","has-post-thumbnail","hentry","category-economia"],"_links":{"self":[{"href":"https:\/\/ermdigital.com\/index.php\/wp-json\/wp\/v2\/posts\/24659","targetHints":{"allow":["GET"]}}],"collection":[{"href":"https:\/\/ermdigital.com\/index.php\/wp-json\/wp\/v2\/posts"}],"about":[{"href":"https:\/\/ermdigital.com\/index.php\/wp-json\/wp\/v2\/types\/post"}],"author":[{"embeddable":true,"href":"https:\/\/ermdigital.com\/index.php\/wp-json\/wp\/v2\/users\/1"}],"replies":[{"embeddable":true,"href":"https:\/\/ermdigital.com\/index.php\/wp-json\/wp\/v2\/comments?post=24659"}],"version-history":[{"count":0,"href":"https:\/\/ermdigital.com\/index.php\/wp-json\/wp\/v2\/posts\/24659\/revisions"}],"wp:featuredmedia":[{"embeddable":true,"href":"https:\/\/ermdigital.com\/index.php\/wp-json\/wp\/v2\/media\/24661"}],"wp:attachment":[{"href":"https:\/\/ermdigital.com\/index.php\/wp-json\/wp\/v2\/media?parent=24659"}],"wp:term":[{"taxonomy":"category","embeddable":true,"href":"https:\/\/ermdigital.com\/index.php\/wp-json\/wp\/v2\/categories?post=24659"},{"taxonomy":"post_tag","embeddable":true,"href":"https:\/\/ermdigital.com\/index.php\/wp-json\/wp\/v2\/tags?post=24659"}],"curies":[{"name":"wp","href":"https:\/\/api.w.org\/{rel}","templated":true}]}}