{"id":24655,"date":"2026-04-26T18:04:54","date_gmt":"2026-04-26T22:04:54","guid":{"rendered":"https:\/\/ermdigital.com\/index.php\/2026\/04\/26\/nuevo-liceo-en-copeyito-rio-san-juan-es-inaugurado-por-el-presidente-luis-abinader-tras-14-anos-de-espera\/"},"modified":"2026-04-26T18:04:54","modified_gmt":"2026-04-26T22:04:54","slug":"nuevo-liceo-en-copeyito-rio-san-juan-es-inaugurado-por-el-presidente-luis-abinader-tras-14-anos-de-espera","status":"publish","type":"post","link":"https:\/\/ermdigital.com\/index.php\/2026\/04\/26\/nuevo-liceo-en-copeyito-rio-san-juan-es-inaugurado-por-el-presidente-luis-abinader-tras-14-anos-de-espera\/","title":{"rendered":"Nuevo liceo en Copeyito, R\u00edo San Juan, es inaugurado por el presidente Luis Abinader tras 14 a\u00f1os de espera"},"content":{"rendered":"<p><span class=\"field field--name-title field--type-string field--label-hidden\">Nuevo liceo en Copeyito, R\u00edo San Juan, es inaugurado por el presidente Luis Abinader tras 14 a\u00f1os de espera<\/span><br \/>\n<span class=\"field field--name-uid field--type-entity-reference field--label-hidden\"><span>yamellrossi<\/span><\/span><br \/>\n<span class=\"field field--name-created field--type-created field--label-hidden\"><time datetime=\"2026-04-26T18:04:54-04:00\" title=\"Domingo, Abril 26, 2026 - 18:04\" class=\"datetime\">26 de  Abril 2026 | 18:04<\/time><br \/>\n<\/span><\/p>\n<div class=\"clearfix text-formatted field field--name-body field--type-text-with-summary field--label-hidden field__item\">\n<p class=\"text-align-justify\"><span>R\u00edo San Juan.- En beneficio de <strong>m\u00e1s de 280 estudiantes de Copeyito<\/strong>, el presidente Luis Abinader <strong>inaugur\u00f3 el liceo<\/strong>\u00a0que lleva el mismo nombre y que hab\u00eda sido deseado con ansias por esta comunidad durante <strong>m\u00e1s de una d\u00e9cada.<\/strong><\/span><\/p>\n<p class=\"text-align-justify\"><span>A partir de ahora, estudiantes, maestros y personal administrativo podr\u00e1n desempe\u00f1ar sus responsabilidades diarias en <strong>espacios f\u00edsicos adecuados<\/strong>\u00a0para el aprendizaje y la ense\u00f1anza, el crecimiento y un futuro promisorio.<\/span><\/p>\n<p class=\"text-align-justify\"><span>Ubicado en R\u00edo San Juan, provincia Mar\u00eda Trinidad S\u00e1nchez, el Liceo Copeyito refuerza el sistema educativo p\u00fablico nacional con seis aulas, laboratorio de inform\u00e1tica, laboratorio de ciencias, sala de enfermer\u00eda, sal\u00f3n de profesores, cancha mixta, entre otros.<\/span><\/p>\n<p><img decoding=\"async\" data-entity-uuid=\"0f0f72b3-7b0e-41d6-a684-ff5daf5eeeea\" data-entity-type=\"file\" src=\"https:\/\/www.presidencia.gob.do\/sites\/default\/files\/inline-images\/1001570331_1.jpg\" width=\"4160\" height=\"2773\" loading=\"lazy\">\n<\/p>\n<p class=\"text-align-justify\"><span><strong>Roberto Herrera<\/strong>, director de Infraestructura Escolar, destac\u00f3 que este centro educativo de nivel medio fue concluido a trav\u00e9s del <strong>Plan \u201cAulas 24\/7-365\u201d<\/strong>, puesto en marcha por el Ministerio de Educaci\u00f3n para retomar <strong>obras abandonadas<\/strong>, as\u00ed como ampliar y fortalecer la infraestructura escolar, con especial atenci\u00f3n en <strong>comunidades<\/strong>\u00a0que requieren respuestas concretas.<\/span><\/p>\n<p class=\"text-align-justify\"><span>Previo a estas palabras, el<strong>\u00a0p\u00e1rroco Ram\u00f3n Andr\u00e9s Hern\u00e1ndez<\/strong>, valor\u00f3 como positiva la gesti\u00f3n de Gobierno del presidente Abinader, destacando que se ha trabajado <strong>en favor del bien com\u00fan y el desarrollo del pa\u00eds.<\/strong><\/span><\/p>\n<p class=\"text-align-justify\"><span><strong>Inaugura escuela en R\u00edo San Juan<\/strong><\/span><\/p>\n<p class=\"text-align-justify\"><span>De manera simult\u00e1nea, en representaci\u00f3n del presidente Luis Abinader, el ministro de Educaci\u00f3n, <strong>Luis Miguel De Camps<\/strong>, realiz\u00f3 la inauguraci\u00f3n de la <strong>Escuela Primaria Raquel de la Rosa Fa\u00f1a<\/strong>, en la comunidad <strong>El Ed\u00e9n<\/strong>, R\u00edo San Juan, <strong>tambi\u00e9n esperada por los lugare\u00f1os durante 14 a\u00f1os.<\/strong><\/span><\/p>\n<p class=\"text-align-justify\"><span>Al igual que el Liceo Copeyito, la terminaci\u00f3n del plantel educativo, iniciado en 2012,<strong>\u00a0se realiz\u00f3 a trav\u00e9s del Plan \u201cAulas 24\/7-365\u201d,<\/strong>\u00a0que instituy\u00f3 el mandatario.<\/span><\/p>\n<p class=\"text-align-justify\"><span>En la escuela, que impactar\u00e1 a <strong>m\u00e1s de 400 alumnos<\/strong>, se hizo una inversi\u00f3n de <strong>RD 96,349,342<\/strong>\u00a0en sus 17 aulas, biblioteca, cancha deportiva, plaza c\u00edvica y sal\u00f3n multiusos.<\/span><\/p>\n<p class=\"text-align-justify\"><span>En las palabras centrales, De Camps dijo que la entrega del plantel escolar responde a la necesidad de acompa\u00f1ar a los estudiantes en <strong>un espacio en el cual se construyen las bases para el futuro<\/strong>, donde <\/span><em><span>\"se despertar\u00e1n vocaciones, se comenzar\u00e1n a construir los proyectos de vida de cientos y cientos de ni\u00f1as y de ni\u00f1os de esta comunidad\".<\/span><\/em><\/p>\n<p><img decoding=\"async\" src=\"https:\/\/www.presidencia.gob.do\/sites\/default\/files\/inline-images\/1001570158.jpg\" data-entity-uuid=\"325bbdaa-6c5a-4c33-a4b4-346f2efd5086\" data-entity-type=\"file\" width=\"4160\" height=\"2773\" loading=\"lazy\">\n<\/p>\n<p class=\"text-align-justify\"><span>Llam\u00f3 a las familias de R\u00edo San Juan a hacerse parte de la vida de la escuela acompa\u00f1ando el proceso educativo y a los estudiantes para <strong>llenar las aulas con sus sue\u00f1os, con disciplina y compromiso.<\/strong><\/span><\/p>\n<p class=\"text-align-justify\"><span>En nombre de los estudiantes, <strong>Lismary Mart\u00ednez Caraballo<\/strong>, de cuarto grado, agradeci\u00f3 por la obra y la apuesta del presidente Luis Abinader por ellos, al garantizarle el <strong>derecho a la educaci\u00f3n, <\/strong>lo que los llevar\u00e1 a alcanzar la meta de ser profesionales para <strong>su progreso y el servicio el pa\u00eds.<\/strong><\/span><\/p>\n<p><img decoding=\"async\" src=\"https:\/\/www.presidencia.gob.do\/sites\/default\/files\/inline-images\/1001570149_1.jpg\" data-entity-uuid=\"6164b88b-3d40-405c-a22f-390a0db4a9a7\" data-entity-type=\"file\" width=\"4160\" height=\"2773\" loading=\"lazy\">\n<\/p>\n<p class=\"text-align-justify\"><span>En el acto participaron la gobernadora <strong>Mar\u00eda L\u00f3pez<\/strong>; el senador <strong>Alexis Victoria Yeb<\/strong>; el director de Instituto Nacional de Bienestar Estudiantil <strong>(Inabie)<\/strong>, \u00a0del Sistema Nacional de Transporte Estudiantil <strong>(Trae),<\/strong>\u00a0<strong>Luis Felipe Cartagena,<\/strong>\u00a0y de Desarrollo de la Comunidad, <strong>Modesto Guzm\u00e1n<\/strong>; tambi\u00e9n el director general del Bandex, <strong>Catalino Correa.<\/strong><\/span><\/p>\n<\/div>\n<div class=\"field field--name-field-image field--type-image field--label-hidden field__item\">  <img decoding=\"async\" loading=\"lazy\" src=\"https:\/\/www.presidencia.gob.do\/sites\/default\/files\/news\/2026-04\/1001570321.jpg\" width=\"4160\" height=\"2773\" alt=\"Presidente \"><\/p>\n<\/div>\n<p>\u00a0Nuevo liceo en Copeyito, R\u00edo San Juan, es inaugurado por el presidente Luis Abinader tras 14 a\u00f1os de espera<br \/>\nyamellrossi<br \/>\n26 de  Abril 2026 | 18:04<\/p>\n<p>            R\u00edo San Juan.- En beneficio de m\u00e1s de 280 estudiantes de Copeyito, el presidente Luis Abinader inaugur\u00f3 el liceo\u00a0que lleva el mismo nombre y que hab\u00eda sido deseado con ansias por esta comunidad durante m\u00e1s de una d\u00e9cada.<br \/>\nA partir de ahora, estudiantes, maestros y personal administrativo podr\u00e1n desempe\u00f1ar sus responsabilidades diarias en espacios f\u00edsicos adecuados\u00a0para el aprendizaje y la ense\u00f1anza, el crecimiento y un futuro promisorio.<br \/>\nUbicado en R\u00edo San Juan, provincia Mar\u00eda Trinidad S\u00e1nchez, el Liceo Copeyito refuerza el sistema educativo p\u00fablico nacional con seis aulas, laboratorio de inform\u00e1tica, laboratorio de ciencias, sala de enfermer\u00eda, sal\u00f3n de profesores, cancha mixta, entre otros.<\/p>\n<p>Roberto Herrera, director de Infraestructura Escolar, destac\u00f3 que este centro educativo de nivel medio fue concluido a trav\u00e9s del Plan \u201cAulas 24\/7-365\u201d, puesto en marcha por el Ministerio de Educaci\u00f3n para retomar obras abandonadas, as\u00ed como ampliar y fortalecer la infraestructura escolar, con especial atenci\u00f3n en comunidades\u00a0que requieren respuestas concretas.<br \/>\nPrevio a estas palabras, el\u00a0p\u00e1rroco Ram\u00f3n Andr\u00e9s Hern\u00e1ndez, valor\u00f3 como positiva la gesti\u00f3n de Gobierno del presidente Abinader, destacando que se ha trabajado en favor del bien com\u00fan y el desarrollo del pa\u00eds.<br \/>\nInaugura escuela en R\u00edo San Juan<br \/>\nDe manera simult\u00e1nea, en representaci\u00f3n del presidente Luis Abinader, el ministro de Educaci\u00f3n, Luis Miguel De Camps, realiz\u00f3 la inauguraci\u00f3n de la Escuela Primaria Raquel de la Rosa Fa\u00f1a, en la comunidad El Ed\u00e9n, R\u00edo San Juan, tambi\u00e9n esperada por los lugare\u00f1os durante 14 a\u00f1os.<br \/>\nAl igual que el Liceo Copeyito, la terminaci\u00f3n del plantel educativo, iniciado en 2012,\u00a0se realiz\u00f3 a trav\u00e9s del Plan \u201cAulas 24\/7-365\u201d,\u00a0que instituy\u00f3 el mandatario.<br \/>\nEn la escuela, que impactar\u00e1 a m\u00e1s de 400 alumnos, se hizo una inversi\u00f3n de RD 96,349,342\u00a0en sus 17 aulas, biblioteca, cancha deportiva, plaza c\u00edvica y sal\u00f3n multiusos.<br \/>\nEn las palabras centrales, De Camps dijo que la entrega del plantel escolar responde a la necesidad de acompa\u00f1ar a los estudiantes en un espacio en el cual se construyen las bases para el futuro, donde \"se despertar\u00e1n vocaciones, se comenzar\u00e1n a construir los proyectos de vida de cientos y cientos de ni\u00f1as y de ni\u00f1os de esta comunidad\".<\/p>\n<p>Llam\u00f3 a las familias de R\u00edo San Juan a hacerse parte de la vida de la escuela acompa\u00f1ando el proceso educativo y a los estudiantes para llenar las aulas con sus sue\u00f1os, con disciplina y compromiso.<br \/>\nEn nombre de los estudiantes, Lismary Mart\u00ednez Caraballo, de cuarto grado, agradeci\u00f3 por la obra y la apuesta del presidente Luis Abinader por ellos, al garantizarle el derecho a la educaci\u00f3n, lo que los llevar\u00e1 a alcanzar la meta de ser profesionales para su progreso y el servicio el pa\u00eds.<\/p>\n<p>En el acto participaron la gobernadora Mar\u00eda L\u00f3pez; el senador Alexis Victoria Yeb; el director de Instituto Nacional de Bienestar Estudiantil (Inabie), \u00a0del Sistema Nacional de Transporte Estudiantil (Trae),\u00a0Luis Felipe Cartagena,\u00a0y de Desarrollo de la Comunidad, Modesto Guzm\u00e1n; tambi\u00e9n el director general del Bandex, Catalino Correa.\u00a0\u00a0\u00a0<\/p>\n","protected":false},"excerpt":{"rendered":"<p>Nuevo liceo en Copeyito, R\u00edo San Juan, es inaugurado por el presidente Luis Abinader tras 14 a\u00f1os de espera yamellrossi 26 de Abril 2026 | 18:04 R\u00edo San Juan.- En beneficio de m\u00e1s de 280 estudiantes de Copeyito, el presidente Luis Abinader inaugur\u00f3 el liceo\u00a0que lleva el mismo nombre y que hab\u00eda sido deseado con [&hellip;]<\/p>\n","protected":false},"author":1,"featured_media":24658,"comment_status":"open","ping_status":"open","sticky":false,"template":"","format":"standard","meta":{"amp_status":"","footnotes":""},"categories":[8],"tags":[],"class_list":["post-24655","post","type-post","status-publish","format-standard","has-post-thumbnail","hentry","category-republica"],"_links":{"self":[{"href":"https:\/\/ermdigital.com\/index.php\/wp-json\/wp\/v2\/posts\/24655","targetHints":{"allow":["GET"]}}],"collection":[{"href":"https:\/\/ermdigital.com\/index.php\/wp-json\/wp\/v2\/posts"}],"about":[{"href":"https:\/\/ermdigital.com\/index.php\/wp-json\/wp\/v2\/types\/post"}],"author":[{"embeddable":true,"href":"https:\/\/ermdigital.com\/index.php\/wp-json\/wp\/v2\/users\/1"}],"replies":[{"embeddable":true,"href":"https:\/\/ermdigital.com\/index.php\/wp-json\/wp\/v2\/comments?post=24655"}],"version-history":[{"count":0,"href":"https:\/\/ermdigital.com\/index.php\/wp-json\/wp\/v2\/posts\/24655\/revisions"}],"wp:featuredmedia":[{"embeddable":true,"href":"https:\/\/ermdigital.com\/index.php\/wp-json\/wp\/v2\/media\/24658"}],"wp:attachment":[{"href":"https:\/\/ermdigital.com\/index.php\/wp-json\/wp\/v2\/media?parent=24655"}],"wp:term":[{"taxonomy":"category","embeddable":true,"href":"https:\/\/ermdigital.com\/index.php\/wp-json\/wp\/v2\/categories?post=24655"},{"taxonomy":"post_tag","embeddable":true,"href":"https:\/\/ermdigital.com\/index.php\/wp-json\/wp\/v2\/tags?post=24655"}],"curies":[{"name":"wp","href":"https:\/\/api.w.org\/{rel}","templated":true}]}}