{"id":24620,"date":"2026-04-26T16:25:51","date_gmt":"2026-04-26T20:25:51","guid":{"rendered":"https:\/\/ermdigital.com\/index.php\/2026\/04\/26\/la-asociacion-de-corresponsales-ensalza-la-valentia-de-los-periodistas-tras-el-tiroteo-en-presencia-de-trump\/"},"modified":"2026-04-26T16:25:51","modified_gmt":"2026-04-26T20:25:51","slug":"la-asociacion-de-corresponsales-ensalza-la-valentia-de-los-periodistas-tras-el-tiroteo-en-presencia-de-trump","status":"publish","type":"post","link":"https:\/\/ermdigital.com\/index.php\/2026\/04\/26\/la-asociacion-de-corresponsales-ensalza-la-valentia-de-los-periodistas-tras-el-tiroteo-en-presencia-de-trump\/","title":{"rendered":"La Asociaci\u00f3n de Corresponsales ensalza la valent\u00eda de los periodistas tras el tiroteo en presencia de Trump"},"content":{"rendered":"<p><strong>Nueva York.-<\/strong> La Asociaci\u00f3n de Corresponsales de la Casa Blanca (WHCA, por sus siglas en ingl\u00e9s) elogi\u00f3 este domingo la \u00abcalma y el valor\u00bb de los periodistas que, tras el intento de ataque en la cena de corresponsales presidida por el mandatario de EE.UU., Donald Trump, comenzaron a informar de manera inmediata desde el lugar de los hechos.<\/p>\n<p>En un comunicado firmado por su presidenta, Weijia Jiang, la asociaci\u00f3n calific\u00f3 de \u00abmomento desgarrador\u00bb el tiroteo ocurrido en el hotel Washington Hilton, donde se celebraba la tradicional cena anual de la prensa, que tuvo que ser cancelada tras la irrupci\u00f3n de un hombre armado en el recinto.<\/p>\n<p>Esos periodistas demostraron exactamente el tipo de calma y coraje que exige este trabajo, lanz\u00e1ndose a informar inmediatamente despu\u00e9s de que se desencadenara el incidente. Estamos orgullosos de todos los que estaban en esa sala\u00bb, reza la nota de la WHCA.<\/p>\n<figure class=\"wp-block-image\"><img decoding=\"async\" src=\"https:\/\/i0.wp.com\/efe.com\/wp-content\/uploads\/2026\/04\/Corresponsales-tiroteo-2.webp?resize=900%2C600&amp;ssl=1\" alt=\"La Asociaci\u00f3n de Corresponsales ensalza la valent\u00eda de los periodistas tras el tiroteo\" class=\"wp-image-2639690\" title=\"La Asociaci\u00f3n de Corresponsales ensalza la valent\u00eda de los periodistas tras el tiroteo en presencia de Trump | 3 |\"><\/figure>\n<p>La asociaci\u00f3n, adem\u00e1s, expres\u00f3 su \u00abprofunda gratitud\u00bb al Servicio Secreto y a las fuerzas del orden por garantizar la seguridad de los miles de asistentes, entre los que se encontraban el presidente Donald Trump, su esposa, Melania Trump, y el vicepresidente, JD Vance, quienes resultaron ilesos.<\/p>\n<p><strong>Recomendamos leer:<a href=\"https:\/\/deultimominuto.net\/enlaces\/\" data-type=\"page\" data-id=\"491852\">\u00abEs una escena de un crimen\u00bb: as\u00ed se vivi\u00f3 el tiroteo de la cena de Trump desde dentro<\/a><\/strong><\/p>\n<p>Asimismo, la WHCA dese\u00f3 una pronta recuperaci\u00f3n al agente del Servicio Secreto que result\u00f3 herido al recibir un disparo, el cual impact\u00f3 en su chaleco antibalas.<\/p>\n<h3 class=\"wp-block-heading\">El tiroteo frustra la cena, pero no la labor de los periodistas<\/h3>\n<p>\u00abNuestra cena existe para celebrar la Primera Enmienda -libertad de prensa- y el duro trabajo diario de los periodistas que la defienden\u00bb, record\u00f3 Jiang, quien a\u00f1adi\u00f3 que la junta directiva de la asociaci\u00f3n se reunir\u00e1 para evaluar lo sucedido y determinar c\u00f3mo proceder tras la suspensi\u00f3n del evento.<\/p>\n<p>Seg\u00fan anunci\u00f3 Trump ayer a trav\u00e9s de su red social, Truth Social, la cena se reprogramar\u00e1 para dentro de un mes.<\/p>\n<p>El sospechoso, un joven de 31 a\u00f1os de california, permanece bajo custodia en un hospital para una evaluaci\u00f3n psiqui\u00e1trica y se espera que comparezca ante un tribunal federal de Washington D.C. el lunes.<\/p>\n<p>\u200bNueva York.- La Asociaci\u00f3n de Corresponsales de la Casa Blanca (WHCA, por sus siglas en ingl\u00e9s) elogi\u00f3 este domingo la \u00abcalma y el valor\u00bb de los periodistas que, tras el intento de ataque en la cena de corresponsales presidida por el mandatario de EE.UU., Donald Trump, comenzaron a informar de manera inmediata desde el lugar\u00a0\u00a0Internacionales, Corresponsales, periodista, Trump\u00a0\u00a0<\/p>\n","protected":false},"excerpt":{"rendered":"<p>Nueva York.- La Asociaci\u00f3n de Corresponsales de la Casa Blanca (WHCA, por sus siglas en ingl\u00e9s) elogi\u00f3 este domingo la \u00abcalma y el valor\u00bb de los periodistas que, tras el intento de ataque en la cena de corresponsales presidida por el mandatario de EE.UU., Donald Trump, comenzaron a informar de manera inmediata desde el lugar [&hellip;]<\/p>\n","protected":false},"author":1,"featured_media":24621,"comment_status":"open","ping_status":"open","sticky":false,"template":"","format":"standard","meta":{"amp_status":"","footnotes":""},"categories":[3],"tags":[],"class_list":["post-24620","post","type-post","status-publish","format-standard","has-post-thumbnail","hentry","category-de-ultimo-minuto"],"_links":{"self":[{"href":"https:\/\/ermdigital.com\/index.php\/wp-json\/wp\/v2\/posts\/24620","targetHints":{"allow":["GET"]}}],"collection":[{"href":"https:\/\/ermdigital.com\/index.php\/wp-json\/wp\/v2\/posts"}],"about":[{"href":"https:\/\/ermdigital.com\/index.php\/wp-json\/wp\/v2\/types\/post"}],"author":[{"embeddable":true,"href":"https:\/\/ermdigital.com\/index.php\/wp-json\/wp\/v2\/users\/1"}],"replies":[{"embeddable":true,"href":"https:\/\/ermdigital.com\/index.php\/wp-json\/wp\/v2\/comments?post=24620"}],"version-history":[{"count":0,"href":"https:\/\/ermdigital.com\/index.php\/wp-json\/wp\/v2\/posts\/24620\/revisions"}],"wp:featuredmedia":[{"embeddable":true,"href":"https:\/\/ermdigital.com\/index.php\/wp-json\/wp\/v2\/media\/24621"}],"wp:attachment":[{"href":"https:\/\/ermdigital.com\/index.php\/wp-json\/wp\/v2\/media?parent=24620"}],"wp:term":[{"taxonomy":"category","embeddable":true,"href":"https:\/\/ermdigital.com\/index.php\/wp-json\/wp\/v2\/categories?post=24620"},{"taxonomy":"post_tag","embeddable":true,"href":"https:\/\/ermdigital.com\/index.php\/wp-json\/wp\/v2\/tags?post=24620"}],"curies":[{"name":"wp","href":"https:\/\/api.w.org\/{rel}","templated":true}]}}