{"id":24618,"date":"2026-04-26T16:47:11","date_gmt":"2026-04-26T20:47:11","guid":{"rendered":"https:\/\/ermdigital.com\/index.php\/2026\/04\/26\/ascienden-a-19-los-civiles-muertos-por-el-ataque-con-una-bomba-en-la-via-panamericana-en-colombia\/"},"modified":"2026-04-26T16:47:11","modified_gmt":"2026-04-26T20:47:11","slug":"ascienden-a-19-los-civiles-muertos-por-el-ataque-con-una-bomba-en-la-via-panamericana-en-colombia","status":"publish","type":"post","link":"https:\/\/ermdigital.com\/index.php\/2026\/04\/26\/ascienden-a-19-los-civiles-muertos-por-el-ataque-con-una-bomba-en-la-via-panamericana-en-colombia\/","title":{"rendered":"Ascienden a 19 los civiles muertos por el ataque con una bomba en la V\u00eda Panamericana en Colombia"},"content":{"rendered":"<p><strong>Bogot\u00e1.- <\/strong>La explosi\u00f3n de un cilindro bomba lanzado el s\u00e1bado por presuntos disidentes de las FARC en un tramo de la V\u00eda Panamericana, en el departamento colombiano del Cauca (suroeste), dej\u00f3 19 civiles muertos, cinco m\u00e1s de los informados la v\u00edspera, se\u00f1alaron este domingo las autoridades.<\/p>\n<p>\u00abSeg\u00fan informes preliminares, este atroz suceso arroja un saldo doloroso de 19 civiles fallecidos\u00bb, manifest\u00f3 la Gobernaci\u00f3n del Cauca en un decreto en el que declar\u00f3 tres d\u00edas de duelo por la tragedia.<\/p>\n<h3 class=\"wp-block-heading\">Atentado en la V\u00eda Panamericana, muestra del orden p\u00fablico deteriorado<\/h3>\n<p>El Instituto de Medicina Legal (IML) confirm\u00f3 la informaci\u00f3n en un comunicado en el que se\u00f1al\u00f3 que lamenta \u00abprofundamente los hechos ocurridos en el departamento del Cauca e informa sobre el inicio de las labores de abordaje forense en las 19 v\u00edctimas\u00bb.<\/p>\n<p>\u00abLa labor forense se desarrolla con la participaci\u00f3n de seis equipos interdisciplinarios integrados por m\u00e9dicos forenses, odont\u00f3logos, antrop\u00f3logos, lofoscopistas, t\u00e9cnicos y personal de apoyo\u00bb para la identificaci\u00f3n y determinaci\u00f3n de las causas de la muerte, agreg\u00f3 el IML.<\/p>\n<figure class=\"wp-block-image\"><img decoding=\"async\" src=\"https:\/\/i0.wp.com\/efe.com\/wp-content\/uploads\/2026\/04\/Colombia-via-panamericana-2.webp?resize=900%2C600&amp;ssl=1\" alt=\"Ascienden a 19 los civiles muertos por ataque con bomba en la V\u00eda Panamericana en Colombia\" class=\"wp-image-2639514\" title=\"Ascienden a 19 los civiles muertos por el ataque con una bomba en la V\u00eda Panamericana en Colombia | 1 |\"><figcaption class=\"wp-element-caption\">Personas observan, este 26 de abril de 2026, veh\u00edculos destruidos por un atentado ocurrido en la V\u00eda Panamericana en Cajib\u00edo (Colombia). EFE\/Ernesto Guzm\u00e1n<\/figcaption><\/figure>\n<p>El ataque fue perpetrado en un punto de la Panamericana llamado El T\u00fanel, en el municipio de Cajib\u00edo (Cauca), donde un cilindro lleno de explosivos lanzado por un grupo de las desindencias de las FARC,seg\u00fan el Ej\u00e9rcito, cay\u00f3 sobre un autob\u00fas y destruy\u00f3 tambi\u00e9n otros veh\u00edculos que circulaban por la carretera, as\u00ed como un tramo de la v\u00eda.<\/p>\n<p><strong>Recomendamos leer: <a href=\"https:\/\/deultimominuto.net\/enlaces\/\" data-type=\"page\" data-id=\"491852\">La Asociaci\u00f3n de Corresponsales ensalza la valent\u00eda de los periodistas tras el tiroteo en presencia de Trump<\/a><\/strong><\/p>\n<p>En el decreto de tres d\u00edas de duelo, la Gobernaci\u00f3n del Cauca se\u00f1al\u00f3 que entre el atentado en la Panamericana y otros ataques perpetrados ayer, \u00abse tiene un saldo de m\u00e1s de 48 civiles heridos, cinco de ellos menores de edad\u00bb.<\/p>\n<p>Seg\u00fan la informaci\u00f3n, la ofensiva de las disidencias de las FARC en el Cauca ha dado lugar a \u00abuna compleja situaci\u00f3n de orden p\u00fablico recrudecida por acciones terroristas consecutivas en los municipios de Caloto, El Tambo, Guachen\u00e9, Mercaderes, Miranda, Timbio y Pat\u00eda, entre otros\u00bb.<\/p>\n<h3 class=\"wp-block-heading\">Refuerzo militar en el Cauca<\/h3>\n<p>Para enfrentar ese deterioro del orden p\u00fablico y la seguridad, que se extiende a los vecinos departamentos de Valles del Cauca y Nari\u00f1o, el Ministerio de Defensa anunci\u00f3 un refuerzo militar en el Cauca con el despliegue de 13 pelotones de caballer\u00eda blindados, 12 de infanter\u00eda y el env\u00edo de m\u00e1s unidades policiales a lo largo de la Panamericana.<\/p>\n<figure class=\"wp-block-image\"><img decoding=\"async\" src=\"https:\/\/i0.wp.com\/efe.com\/wp-content\/uploads\/2026\/04\/Colombia-via-panamericana-3.webp?resize=900%2C609&amp;ssl=1\" alt=\"Ascienden a 19 los civiles muertos por el ataque con una bomba en la V\u00eda Panamericana en Colombia\" class=\"wp-image-2639522\" title=\"Ascienden a 19 los civiles muertos por el ataque con una bomba en la V\u00eda Panamericana en Colombia | 2 |\"><\/figure>\n<p>Los asesinos son los narcoterroristas de las disidencias del cartel de alias Mordisco que delinquen en esta regi\u00f3n\u00bb, manifest\u00f3 el ministro de Defensa, Padro S\u00e1nchez Su\u00e1rez.<\/p>\n<p>Las autoridades colombianas atribuyen este ataque a la columna Jaime Mart\u00ednez, dirigida por Iv\u00e1n Idrobo Arredondo, alias Marlon, por quien desde ayer ofrecen una recompensa de hasta 5.000 millones de pesos (unos 1,4 millones de d\u00f3lares).<\/p>\n<p>La Jaime Mart\u00ednez hace parte del Estado Mayor Central (EMC), la principal disidencia de las FARC, dirigida por N\u00e9stor Gregorio Vera, alias Iv\u00e1n Mordisco, el hombre m\u00e1s buscado de Colombia, por quien el Gobierno ofrece tambi\u00e9n una millonaria recompensa.<\/p>\n<p>\u200bBogot\u00e1.- La explosi\u00f3n de un cilindro bomba lanzado el s\u00e1bado por presuntos disidentes de las FARC en un tramo de la V\u00eda Panamericana, en el departamento colombiano del Cauca (suroeste), dej\u00f3 19 civiles muertos, cinco m\u00e1s de los informados la v\u00edspera, se\u00f1alaron este domingo las autoridades. \u00abSeg\u00fan informes preliminares, este atroz suceso arroja un saldo\u00a0\u00a0Internacionales, Ataque, civiles, Muertos\u00a0\u00a0<\/p>\n","protected":false},"excerpt":{"rendered":"<p>Bogot\u00e1.- La explosi\u00f3n de un cilindro bomba lanzado el s\u00e1bado por presuntos disidentes de las FARC en un tramo de la V\u00eda Panamericana, en el departamento colombiano del Cauca (suroeste), dej\u00f3 19 civiles muertos, cinco m\u00e1s de los informados la v\u00edspera, se\u00f1alaron este domingo las autoridades. \u00abSeg\u00fan informes preliminares, este atroz suceso arroja un saldo [&hellip;]<\/p>\n","protected":false},"author":1,"featured_media":24619,"comment_status":"open","ping_status":"open","sticky":false,"template":"","format":"standard","meta":{"amp_status":"","footnotes":""},"categories":[3],"tags":[],"class_list":["post-24618","post","type-post","status-publish","format-standard","has-post-thumbnail","hentry","category-de-ultimo-minuto"],"_links":{"self":[{"href":"https:\/\/ermdigital.com\/index.php\/wp-json\/wp\/v2\/posts\/24618","targetHints":{"allow":["GET"]}}],"collection":[{"href":"https:\/\/ermdigital.com\/index.php\/wp-json\/wp\/v2\/posts"}],"about":[{"href":"https:\/\/ermdigital.com\/index.php\/wp-json\/wp\/v2\/types\/post"}],"author":[{"embeddable":true,"href":"https:\/\/ermdigital.com\/index.php\/wp-json\/wp\/v2\/users\/1"}],"replies":[{"embeddable":true,"href":"https:\/\/ermdigital.com\/index.php\/wp-json\/wp\/v2\/comments?post=24618"}],"version-history":[{"count":0,"href":"https:\/\/ermdigital.com\/index.php\/wp-json\/wp\/v2\/posts\/24618\/revisions"}],"wp:featuredmedia":[{"embeddable":true,"href":"https:\/\/ermdigital.com\/index.php\/wp-json\/wp\/v2\/media\/24619"}],"wp:attachment":[{"href":"https:\/\/ermdigital.com\/index.php\/wp-json\/wp\/v2\/media?parent=24618"}],"wp:term":[{"taxonomy":"category","embeddable":true,"href":"https:\/\/ermdigital.com\/index.php\/wp-json\/wp\/v2\/categories?post=24618"},{"taxonomy":"post_tag","embeddable":true,"href":"https:\/\/ermdigital.com\/index.php\/wp-json\/wp\/v2\/tags?post=24618"}],"curies":[{"name":"wp","href":"https:\/\/api.w.org\/{rel}","templated":true}]}}