{"id":24612,"date":"2026-04-26T17:15:52","date_gmt":"2026-04-26T21:15:52","guid":{"rendered":"https:\/\/ermdigital.com\/index.php\/2026\/04\/26\/presidente-abinader-inaugura-carretera-mata-bonita-los-memisos-de-13-8-kilometros-en-las-gordas-nagua-reclamada-por-mas-50-anos\/"},"modified":"2026-04-26T17:15:52","modified_gmt":"2026-04-26T21:15:52","slug":"presidente-abinader-inaugura-carretera-mata-bonita-los-memisos-de-13-8-kilometros-en-las-gordas-nagua-reclamada-por-mas-50-anos","status":"publish","type":"post","link":"https:\/\/ermdigital.com\/index.php\/2026\/04\/26\/presidente-abinader-inaugura-carretera-mata-bonita-los-memisos-de-13-8-kilometros-en-las-gordas-nagua-reclamada-por-mas-50-anos\/","title":{"rendered":"Presidente Abinader inaugura carretera Mata Bonita\u2013Los Memisos de 13.8 kil\u00f3metros en Las Gordas, Nagua, reclamada por m\u00e1s 50 a\u00f1os"},"content":{"rendered":"<p><span class=\"field field--name-title field--type-string field--label-hidden\">Presidente Abinader inaugura carretera Mata Bonita\u2013Los Memisos de 13.8 kil\u00f3metros en Las Gordas, Nagua, reclamada por m\u00e1s 50 a\u00f1os<\/span><br \/>\n<span class=\"field field--name-uid field--type-entity-reference field--label-hidden\"><span>yamellrossi<\/span><\/span><br \/>\n<span class=\"field field--name-created field--type-created field--label-hidden\"><time datetime=\"2026-04-26T17:15:52-04:00\" title=\"Domingo, Abril 26, 2026 - 17:15\" class=\"datetime\">26 de  Abril 2026 | 17:15<\/time><br \/>\n<\/span><\/p>\n<div class=\"clearfix text-formatted field field--name-body field--type-text-with-summary field--label-hidden field__item\">\n<p class=\"text-align-justify\"><span>Mar\u00eda Trinidad S\u00e1nchez.\u2013 <strong>El presidente Luis Abinader<\/strong>\u00a0inaugur\u00f3 este domingo la <strong>carretera Mata Bonita\u2013Los Memisos<\/strong>, de 13.8 kil\u00f3metros de longitud, en el distrito municipal de <strong>Las Gordas<\/strong>, municipio de <strong>Nagua<\/strong>, construida por la Empresa de Generaci\u00f3n Hidroel\u00e9ctrica Dominicana (Egehid), en respuesta a un <strong>reclamo de m\u00e1s de 50 a\u00f1os<\/strong>\u00a0de las comunidades de la zona.<\/span><\/p>\n<p class=\"text-align-justify\"><span>La v\u00eda, con una inversi\u00f3n superior a <strong>RD 281 millones<\/strong>, impacta directamente a las comunidades de <strong>Los Memisos, Mata Bonita, Los Guayabitos, Las Catalinas<\/strong>\u00a0y otras zonas de Las Gordas, adem\u00e1s de garantizar el <strong>acceso<\/strong>\u00a0seguro de equipos y maquinarias a la <strong>Central Hidroel\u00e9ctrica Rosa Julia de la Cruz (Boba).<\/strong><\/span><\/p>\n<p class=\"text-align-justify\"><span>Los trabajos incluyeron la construcci\u00f3n de contenes, canaletas, badenes, alcantarillas, un puente bad\u00e9n, gaviones, protecci\u00f3n de taludes, base triturada, imprimaci\u00f3n, hormig\u00f3n asf\u00e1ltico caliente, asfaltado, as\u00ed como se\u00f1alizaci\u00f3n vertical y horizontal.<\/span><\/p>\n<p class=\"text-align-justify\"><span>En el acto, el administrador de Egehid, <strong>Rafael Salazar<\/strong>, destac\u00f3 que la obra responde a una visi\u00f3n del presidente Luis Abinader de impactar directamente a las comunidades con mayores necesidades, priorizando <strong>soluciones <\/strong>que mejoren l<strong>a calidad de vida <\/strong>el acceso a<strong>\u00a0la salud y a la educaci\u00f3n, <\/strong>adem\u00e1s del<strong>\u00a0desarrollo productivo<\/strong>.<\/span><\/p>\n<p><img decoding=\"async\" data-entity-uuid=\"49b70eb9-0cf6-4b4f-8d91-ef3152552b3d\" data-entity-type=\"file\" src=\"https:\/\/www.presidencia.gob.do\/sites\/default\/files\/inline-images\/1001569851.jpg\" width=\"1280\" height=\"868\" loading=\"lazy\">\n<\/p>\n<p class=\"text-align-justify\"><span>Se\u00f1al\u00f3 que ha sido muy edificante trabajar junto con una <strong>comunidad integrada y comprometida<\/strong>, resaltando que esta carretera permite a los ciudadanos movilizarse con mayor rapidez ante <strong>emergencias<\/strong>, facilita el acceso de los <strong>estudiantes<\/strong>\u00a0a sus centros educativos y mejora las condiciones para la <strong>producci\u00f3n agr\u00edcola<\/strong>. Asimismo, explic\u00f3 que la v\u00eda, de unos <strong>13.8 kil\u00f3metros<\/strong>, incluy\u00f3 accesos integrados y fue ampliada incorporando <strong>elementos adicionales solicitados por la comunidad<\/strong>, seg\u00fan la orientaci\u00f3n del mandatario de aprovechar al m\u00e1ximo los recursos para elevar el <strong>bienestar de la gente.<\/strong><\/span><\/p>\n<p class=\"text-align-justify\"><span>Salazar tambi\u00e9n <strong>llam\u00f3 a las autoridades y comunitarios a preservar la obra<\/strong>, evitando intervenciones inadecuadas y garantizando su mantenimiento, al tiempo que valor\u00f3 como una bendici\u00f3n para la zona contar con una infraestructura de esta calidad, fruto del <strong>compromiso del Gobierno de cumplir con las demandas sociales y promover el desarrollo sostenible<\/strong>.<\/span><em><span>\u00a0\u201cEs una bendici\u00f3n para ustedes tener esta obra de calidad y un honor para nosotros y para el presidente poder cumplir con lo que exige la comunidad, con el bienestar de la gente, con la salud de la gente y con el buen vivir de la gente\u201d.<\/span><\/em><\/p>\n<p class=\"text-align-justify\"><span><strong>Un Gobierno que cumple lo que promete y que ha transformado la provincia<\/strong><\/span><\/p>\n<p class=\"text-align-justify\"><span>Asimismo, la gobernadora de Mar\u00eda Trinidad S\u00e1nchez, <strong>Mirna L\u00f3pez Polanco<\/strong>, destac\u00f3 el <strong>liderazgo del presidente Abinader<\/strong>, al afirmar que se trata de un Gobierno que cumple lo que promete y que ha transformado la provincia a trav\u00e9s de una <strong>amplia inversi\u00f3n en infraestructura vial<\/strong>. En ese sentido, resalt\u00f3 la construcci\u00f3n de <strong>m\u00e1s de 200 kil\u00f3metros de carreteras<\/strong>\u00a0durante la actual gesti\u00f3n, incluyendo la v\u00eda inaugurada de unos 13 kil\u00f3metros que conecta comunidades como Los Memisos, Mata Bonita y zonas del Bajo Yuna, as\u00ed como tramos como Arroyo Al Medio\u2013R\u00edo Agua (13.5 km), Boba\u2013Juncal (7 km), San Rafael\u2013Copeyito (12 km) y diversas rutas en R\u00edo San Juan, Sabaneta y Nagua.<\/span><\/p>\n<p class=\"text-align-justify\"><span>Adem\u00e1s, <strong>en representaci\u00f3n de los comunitarios, Santo Burgos<\/strong>\u00a0expres\u00f3 su profundo agradecimiento al presidente Abinader por hacer realidad <strong>una obra largamente esperada<\/strong>\u00a0por m\u00e1s de 50 a\u00f1os, destacando que su gesti\u00f3n ha cumplido con la palabra empe\u00f1ada y ha llevado <strong>bienestar, desarrollo y dignidad<\/strong>\u00a0a comunidades que por d\u00e9cadas enfrentaron dificultades de acceso. Resalt\u00f3 que esta carretera no solo facilita la movilidad y la producci\u00f3n agr\u00edcola, sino que tambi\u00e9n representa <strong>vida, salud y seguridad <\/strong>para los residentes, a la vez que valor\u00f3 el <strong>compromiso del mandatario<\/strong>\u00a0con ejecutar <strong>soluciones concretas<\/strong>\u00a0y rodearse de funcionarios que trabajan en beneficio de la gente.<\/span><\/p>\n<p class=\"text-align-justify\"><span><strong>Liderazgo del presidente Abinader en medio de grandes desaf\u00edos<\/strong><\/span><\/p>\n<p class=\"text-align-justify\"><span>El p\u00e1rroco <strong>Luis Mar\u00eda Ram\u00f3n,<\/strong>\u00a0durante su invocaci\u00f3n, se\u00f1al\u00f3 que en seis a\u00f1os de gesti\u00f3n <strong>el mandatario ha gobernado en tiempos de grandes desaf\u00edos<\/strong>, demostrando su liderazgo en medio de crisis. Indic\u00f3 que el pa\u00eds ha superado situaciones complejas, como problemas de seguridad y el impacto de factores internacionales, logrando avanzar y mantenerse en funcionamiento.<\/span><\/p>\n<p class=\"text-align-justify\"><span>Resalt\u00f3, adem\u00e1s, que el presidente Abinader ha marcado<strong>\u00a0una l\u00ednea clara frente a la corrupci\u00f3n<\/strong>, al se\u00f1alar que ha demostrado con hechos que \u201ctiene muchos amigos, pero no c\u00f3mplices\u201d, actuando sin titubeos ante irregularidades, sin negociar impunidad y dando ejemplo de integridad en la gesti\u00f3n p\u00fablica.<\/span><\/p>\n<p class=\"text-align-justify\"><span>Asimismo, destac\u00f3 que actualmente se registra <strong>una de las tasas de homicidios m\u00e1s bajas en la historia<\/strong>, junto a importantes <strong>avances<\/strong>\u00a0en \u00e1reas como <strong>salud, infraestructura y servicios b\u00e1sicos<\/strong>. Tambi\u00e9n resalt\u00f3 la <strong>firmeza del presidente<\/strong>\u00a0ante situaciones que han puesto a prueba la <strong>soberan\u00eda nacional,<\/strong>\u00a0subrayando que ha actuado con determinaci\u00f3n y responsabilidad, sin comprometer los intereses del pa\u00eds ni perder el sentido humano.<\/span><em><span>\u00a0\u201cEso es firmeza con dignidad y coraje sin prepotencia\u201d,<\/span><\/em><span>\u00a0expres\u00f3.<\/span><\/p>\n<p class=\"text-align-justify\"><span>En ese sentido, <strong>valor\u00f3 los logros alcanzados, <\/strong>entre ellos la reducci\u00f3n de enfermedades, la construcci\u00f3n de hospitales y centros de atenci\u00f3n primaria, as\u00ed como la llegada de servicios como agua, energ\u00eda y v\u00edas a <strong>comunidades que por a\u00f1os permanecieron olvidadas.<\/strong><\/span><\/p>\n<p class=\"text-align-justify\"><span>Finalmente, elev\u00f3 una oraci\u00f3n para que Dios bendiga la obra inaugurada en las comunidades de Los Memisos, La Laguna y Pata Bonita, as\u00ed como a todos los que hicieron posible su ejecuci\u00f3n, pidiendo que esta sirva de ejemplo para las futuras generaciones y reafirme la construcci\u00f3n de <strong>una Rep\u00fablica Dominicana basada en la integridad, el di\u00e1logo y decisiones que favorezcan al pueblo<\/strong>.<\/span><\/p>\n<p class=\"text-align-justify\"><span>Esta infraestructura vial forma parte del <strong>Programa de Responsabilidad Social de Egehid<\/strong>, orientado a impulsar obras que contribuyan al desarrollo integral de las <strong>comunidades donde operan los complejos hidroel\u00e9ctricos.<\/strong><\/span><\/p>\n<p class=\"text-align-justify\"><span>Estuvieron presentes el senador de Mar\u00eda Trinidad S\u00e1nchez, <strong>Alexis Victoria Yeb<\/strong>; el gerente general del Banco de Desarrollo y Exportaciones (Bandex), <strong>Catalino Correa Hiciano<\/strong>; el director de la Direcci\u00f3n de Infraestructura Escolar, <strong>Roberto Herrera<\/strong>; el alcalde del municipio de Nagua, <strong>Junior Peralta <\/strong>y del distrito municipal Las Gordas, <strong>Julio C\u00e9sar de la Cruz<\/strong>; as\u00ed como los diputados <strong>Jes\u00fas Stalyn V\u00e1zquez y Jorge Cavoli.<\/strong><\/span><\/p>\n<\/div>\n<div class=\"field field--name-field-image field--type-image field--label-hidden field__item\">  <img decoding=\"async\" loading=\"lazy\" src=\"https:\/\/www.presidencia.gob.do\/sites\/default\/files\/news\/2026-04\/1001569904.jpg\" width=\"4160\" height=\"2341\" alt=\"Presidente \"><\/p>\n<\/div>\n<p>\u00a0Presidente Abinader inaugura carretera Mata Bonita\u2013Los Memisos de 13.8 kil\u00f3metros en Las Gordas, Nagua, reclamada por m\u00e1s 50 a\u00f1os<br \/>\nyamellrossi<br \/>\n26 de  Abril 2026 | 17:15<\/p>\n<p>            Mar\u00eda Trinidad S\u00e1nchez.\u2013 El presidente Luis Abinader\u00a0inaugur\u00f3 este domingo la carretera Mata Bonita\u2013Los Memisos, de 13.8 kil\u00f3metros de longitud, en el distrito municipal de Las Gordas, municipio de Nagua, construida por la Empresa de Generaci\u00f3n Hidroel\u00e9ctrica Dominicana (Egehid), en respuesta a un reclamo de m\u00e1s de 50 a\u00f1os\u00a0de las comunidades de la zona.<br \/>\nLa v\u00eda, con una inversi\u00f3n superior a RD 281 millones, impacta directamente a las comunidades de Los Memisos, Mata Bonita, Los Guayabitos, Las Catalinas\u00a0y otras zonas de Las Gordas, adem\u00e1s de garantizar el acceso\u00a0seguro de equipos y maquinarias a la Central Hidroel\u00e9ctrica Rosa Julia de la Cruz (Boba).<br \/>\nLos trabajos incluyeron la construcci\u00f3n de contenes, canaletas, badenes, alcantarillas, un puente bad\u00e9n, gaviones, protecci\u00f3n de taludes, base triturada, imprimaci\u00f3n, hormig\u00f3n asf\u00e1ltico caliente, asfaltado, as\u00ed como se\u00f1alizaci\u00f3n vertical y horizontal.<br \/>\nEn el acto, el administrador de Egehid, Rafael Salazar, destac\u00f3 que la obra responde a una visi\u00f3n del presidente Luis Abinader de impactar directamente a las comunidades con mayores necesidades, priorizando soluciones que mejoren la calidad de vida el acceso a\u00a0la salud y a la educaci\u00f3n, adem\u00e1s del\u00a0desarrollo productivo.<\/p>\n<p>Se\u00f1al\u00f3 que ha sido muy edificante trabajar junto con una comunidad integrada y comprometida, resaltando que esta carretera permite a los ciudadanos movilizarse con mayor rapidez ante emergencias, facilita el acceso de los estudiantes\u00a0a sus centros educativos y mejora las condiciones para la producci\u00f3n agr\u00edcola. Asimismo, explic\u00f3 que la v\u00eda, de unos 13.8 kil\u00f3metros, incluy\u00f3 accesos integrados y fue ampliada incorporando elementos adicionales solicitados por la comunidad, seg\u00fan la orientaci\u00f3n del mandatario de aprovechar al m\u00e1ximo los recursos para elevar el bienestar de la gente.<br \/>\nSalazar tambi\u00e9n llam\u00f3 a las autoridades y comunitarios a preservar la obra, evitando intervenciones inadecuadas y garantizando su mantenimiento, al tiempo que valor\u00f3 como una bendici\u00f3n para la zona contar con una infraestructura de esta calidad, fruto del compromiso del Gobierno de cumplir con las demandas sociales y promover el desarrollo sostenible.\u00a0\u201cEs una bendici\u00f3n para ustedes tener esta obra de calidad y un honor para nosotros y para el presidente poder cumplir con lo que exige la comunidad, con el bienestar de la gente, con la salud de la gente y con el buen vivir de la gente\u201d.<br \/>\nUn Gobierno que cumple lo que promete y que ha transformado la provincia<br \/>\nAsimismo, la gobernadora de Mar\u00eda Trinidad S\u00e1nchez, Mirna L\u00f3pez Polanco, destac\u00f3 el liderazgo del presidente Abinader, al afirmar que se trata de un Gobierno que cumple lo que promete y que ha transformado la provincia a trav\u00e9s de una amplia inversi\u00f3n en infraestructura vial. En ese sentido, resalt\u00f3 la construcci\u00f3n de m\u00e1s de 200 kil\u00f3metros de carreteras\u00a0durante la actual gesti\u00f3n, incluyendo la v\u00eda inaugurada de unos 13 kil\u00f3metros que conecta comunidades como Los Memisos, Mata Bonita y zonas del Bajo Yuna, as\u00ed como tramos como Arroyo Al Medio\u2013R\u00edo Agua (13.5 km), Boba\u2013Juncal (7 km), San Rafael\u2013Copeyito (12 km) y diversas rutas en R\u00edo San Juan, Sabaneta y Nagua.<br \/>\nAdem\u00e1s, en representaci\u00f3n de los comunitarios, Santo Burgos\u00a0expres\u00f3 su profundo agradecimiento al presidente Abinader por hacer realidad una obra largamente esperada\u00a0por m\u00e1s de 50 a\u00f1os, destacando que su gesti\u00f3n ha cumplido con la palabra empe\u00f1ada y ha llevado bienestar, desarrollo y dignidad\u00a0a comunidades que por d\u00e9cadas enfrentaron dificultades de acceso. Resalt\u00f3 que esta carretera no solo facilita la movilidad y la producci\u00f3n agr\u00edcola, sino que tambi\u00e9n representa vida, salud y seguridad para los residentes, a la vez que valor\u00f3 el compromiso del mandatario\u00a0con ejecutar soluciones concretas\u00a0y rodearse de funcionarios que trabajan en beneficio de la gente.<br \/>\nLiderazgo del presidente Abinader en medio de grandes desaf\u00edos<br \/>\nEl p\u00e1rroco Luis Mar\u00eda Ram\u00f3n,\u00a0durante su invocaci\u00f3n, se\u00f1al\u00f3 que en seis a\u00f1os de gesti\u00f3n el mandatario ha gobernado en tiempos de grandes desaf\u00edos, demostrando su liderazgo en medio de crisis. Indic\u00f3 que el pa\u00eds ha superado situaciones complejas, como problemas de seguridad y el impacto de factores internacionales, logrando avanzar y mantenerse en funcionamiento.<br \/>\nResalt\u00f3, adem\u00e1s, que el presidente Abinader ha marcado\u00a0una l\u00ednea clara frente a la corrupci\u00f3n, al se\u00f1alar que ha demostrado con hechos que \u201ctiene muchos amigos, pero no c\u00f3mplices\u201d, actuando sin titubeos ante irregularidades, sin negociar impunidad y dando ejemplo de integridad en la gesti\u00f3n p\u00fablica.<br \/>\nAsimismo, destac\u00f3 que actualmente se registra una de las tasas de homicidios m\u00e1s bajas en la historia, junto a importantes avances\u00a0en \u00e1reas como salud, infraestructura y servicios b\u00e1sicos. Tambi\u00e9n resalt\u00f3 la firmeza del presidente\u00a0ante situaciones que han puesto a prueba la soberan\u00eda nacional,\u00a0subrayando que ha actuado con determinaci\u00f3n y responsabilidad, sin comprometer los intereses del pa\u00eds ni perder el sentido humano.\u00a0\u201cEso es firmeza con dignidad y coraje sin prepotencia\u201d,\u00a0expres\u00f3.<br \/>\nEn ese sentido, valor\u00f3 los logros alcanzados, entre ellos la reducci\u00f3n de enfermedades, la construcci\u00f3n de hospitales y centros de atenci\u00f3n primaria, as\u00ed como la llegada de servicios como agua, energ\u00eda y v\u00edas a comunidades que por a\u00f1os permanecieron olvidadas.<br \/>\nFinalmente, elev\u00f3 una oraci\u00f3n para que Dios bendiga la obra inaugurada en las comunidades de Los Memisos, La Laguna y Pata Bonita, as\u00ed como a todos los que hicieron posible su ejecuci\u00f3n, pidiendo que esta sirva de ejemplo para las futuras generaciones y reafirme la construcci\u00f3n de una Rep\u00fablica Dominicana basada en la integridad, el di\u00e1logo y decisiones que favorezcan al pueblo.<br \/>\nEsta infraestructura vial forma parte del Programa de Responsabilidad Social de Egehid, orientado a impulsar obras que contribuyan al desarrollo integral de las comunidades donde operan los complejos hidroel\u00e9ctricos.<br \/>\nEstuvieron presentes el senador de Mar\u00eda Trinidad S\u00e1nchez, Alexis Victoria Yeb; el gerente general del Banco de Desarrollo y Exportaciones (Bandex), Catalino Correa Hiciano; el director de la Direcci\u00f3n de Infraestructura Escolar, Roberto Herrera; el alcalde del municipio de Nagua, Junior Peralta y del distrito municipal Las Gordas, Julio C\u00e9sar de la Cruz; as\u00ed como los diputados Jes\u00fas Stalyn V\u00e1zquez y Jorge Cavoli.\u00a0\u00a0\u00a0<\/p>\n","protected":false},"excerpt":{"rendered":"<p>Presidente Abinader inaugura carretera Mata Bonita\u2013Los Memisos de 13.8 kil\u00f3metros en Las Gordas, Nagua, reclamada por m\u00e1s 50 a\u00f1os yamellrossi 26 de Abril 2026 | 17:15 Mar\u00eda Trinidad S\u00e1nchez.\u2013 El presidente Luis Abinader\u00a0inaugur\u00f3 este domingo la carretera Mata Bonita\u2013Los Memisos, de 13.8 kil\u00f3metros de longitud, en el distrito municipal de Las Gordas, municipio de Nagua, [&hellip;]<\/p>\n","protected":false},"author":1,"featured_media":24613,"comment_status":"open","ping_status":"open","sticky":false,"template":"","format":"standard","meta":{"amp_status":"","footnotes":""},"categories":[8],"tags":[],"class_list":["post-24612","post","type-post","status-publish","format-standard","has-post-thumbnail","hentry","category-republica"],"_links":{"self":[{"href":"https:\/\/ermdigital.com\/index.php\/wp-json\/wp\/v2\/posts\/24612","targetHints":{"allow":["GET"]}}],"collection":[{"href":"https:\/\/ermdigital.com\/index.php\/wp-json\/wp\/v2\/posts"}],"about":[{"href":"https:\/\/ermdigital.com\/index.php\/wp-json\/wp\/v2\/types\/post"}],"author":[{"embeddable":true,"href":"https:\/\/ermdigital.com\/index.php\/wp-json\/wp\/v2\/users\/1"}],"replies":[{"embeddable":true,"href":"https:\/\/ermdigital.com\/index.php\/wp-json\/wp\/v2\/comments?post=24612"}],"version-history":[{"count":0,"href":"https:\/\/ermdigital.com\/index.php\/wp-json\/wp\/v2\/posts\/24612\/revisions"}],"wp:featuredmedia":[{"embeddable":true,"href":"https:\/\/ermdigital.com\/index.php\/wp-json\/wp\/v2\/media\/24613"}],"wp:attachment":[{"href":"https:\/\/ermdigital.com\/index.php\/wp-json\/wp\/v2\/media?parent=24612"}],"wp:term":[{"taxonomy":"category","embeddable":true,"href":"https:\/\/ermdigital.com\/index.php\/wp-json\/wp\/v2\/categories?post=24612"},{"taxonomy":"post_tag","embeddable":true,"href":"https:\/\/ermdigital.com\/index.php\/wp-json\/wp\/v2\/tags?post=24612"}],"curies":[{"name":"wp","href":"https:\/\/api.w.org\/{rel}","templated":true}]}}