{"id":24597,"date":"2026-04-26T15:49:55","date_gmt":"2026-04-26T19:49:55","guid":{"rendered":"https:\/\/ermdigital.com\/index.php\/2026\/04\/26\/piden-investigar-muerte-de-excapitan-del-erd-tras-ser-detenido-en-destacamento-de-la-pn-en-santo-domingo-norte\/"},"modified":"2026-04-26T15:49:55","modified_gmt":"2026-04-26T19:49:55","slug":"piden-investigar-muerte-de-excapitan-del-erd-tras-ser-detenido-en-destacamento-de-la-pn-en-santo-domingo-norte","status":"publish","type":"post","link":"https:\/\/ermdigital.com\/index.php\/2026\/04\/26\/piden-investigar-muerte-de-excapitan-del-erd-tras-ser-detenido-en-destacamento-de-la-pn-en-santo-domingo-norte\/","title":{"rendered":"Piden investigar muerte de excapit\u00e1n del ERD tras ser detenido en destacamento de la PN en Santo Domingo Norte"},"content":{"rendered":"<h2 class=\"wp-block-heading\">Ram\u00f3n Antonio Mora Abad de 60 a\u00f1os fue apresado por miembros de la PN tras presentar una crisis psic\u00f3tica<\/h2>\n<p>Santo Domingo.- Familiares de un excapit\u00e1n del Ej\u00e9rcito de Rep\u00fablica Dominicana, quien falleci\u00f3 a causa de m\u00faltiples lesiones, tras ser detenido en un destacamento policial en Santo Domingo Norte, cuando present\u00f3 una crisis psic\u00f3tica, piden a las autoridades el esclarecimiento de este caso.<\/p>\n<p>Alexandra Linares, hijastra de Ram\u00f3n Antonio Mora Abad, dijo que el exmilitar present\u00f3 una crisis el 17 de febrero del presente a\u00f1o, y en vez de darle el apoyo necesario, ya que era un paciente psiqui\u00e1trico, fue llevado a un destacamento.<\/p>\n<blockquote class=\"wp-block-quote is-layout-flow wp-block-quote-is-layout-flow\">\n<p>\u201cEsa noche \u00e9l present\u00f3 una crisis mental, se lo llevaron al destacamento y nos lo entregan en estas condiciones\u201d, resalt\u00f3 revelando las im\u00e1genes que muestran las heridas.<\/p>\n<\/blockquote>\n<p>Linares plantea que en el destacamento de Villa Mella, a su padrastro se le habr\u00edan propinado golpes y luego de varios d\u00edas en cuidados intensivos, perdi\u00f3 la vida.<\/p>\n<p>Asegur\u00f3 que previo a su muerte, Mora Abad dijo que los golpes que ten\u00eda, se los hab\u00eda propinado un polic\u00eda del cuartel.<\/p>\n<p>El excapit\u00e1n del Ej\u00e9rcito fue miembro de la instituci\u00f3n durante 35 a\u00f1os y form\u00f3 parte de la banda de m\u00fasica.<\/p>\n<p><strong><em>Te puede interesar: <a href=\"https:\/\/deultimominuto.net\/nacionales\/coopnasalud-desarrolla-seminario-sobre-liderazgo-y-democracia-en-las-cooperativas\/\">COOPNASALUD desarrolla seminario sobre liderazgo y democracia en las cooperativas<\/a><\/em><\/strong><\/p>\n<p>Sus familiares piden que este caso se esclarezca ya que podr\u00edan seguir sucediendo hechos similares a otras familias.<\/p>\n<p>Estas declaraciones fueron ofrecidas durante una entrevista en el canal de YouTube Historias Humanas, conducido por la periodista Yanela Pimentel.<\/p>\n<p>\u200bRam\u00f3n Antonio Mora Abad de 60 a\u00f1os fue apresado por miembros de la PN tras presentar una crisis psic\u00f3tica Santo Domingo.- Familiares de un excapit\u00e1n del Ej\u00e9rcito de Rep\u00fablica Dominicana, quien falleci\u00f3 a causa de m\u00faltiples lesiones, tras ser detenido en un destacamento policial en Santo Domingo Norte, cuando present\u00f3 una crisis psic\u00f3tica, piden a\u00a0\u00a0Nacionales, Deultimominuto, ElPeri\u00f3dicodelaVerdad, Rep\u00fablica Dominicana\u00a0\u00a0<\/p>\n","protected":false},"excerpt":{"rendered":"<p>Ram\u00f3n Antonio Mora Abad de 60 a\u00f1os fue apresado por miembros de la PN tras presentar una crisis psic\u00f3tica Santo Domingo.- Familiares de un excapit\u00e1n del Ej\u00e9rcito de Rep\u00fablica Dominicana, quien falleci\u00f3 a causa de m\u00faltiples lesiones, tras ser detenido en un destacamento policial en Santo Domingo Norte, cuando present\u00f3 una crisis psic\u00f3tica, piden a [&hellip;]<\/p>\n","protected":false},"author":1,"featured_media":24598,"comment_status":"open","ping_status":"open","sticky":false,"template":"","format":"standard","meta":{"amp_status":"","footnotes":""},"categories":[3],"tags":[],"class_list":["post-24597","post","type-post","status-publish","format-standard","has-post-thumbnail","hentry","category-de-ultimo-minuto"],"_links":{"self":[{"href":"https:\/\/ermdigital.com\/index.php\/wp-json\/wp\/v2\/posts\/24597","targetHints":{"allow":["GET"]}}],"collection":[{"href":"https:\/\/ermdigital.com\/index.php\/wp-json\/wp\/v2\/posts"}],"about":[{"href":"https:\/\/ermdigital.com\/index.php\/wp-json\/wp\/v2\/types\/post"}],"author":[{"embeddable":true,"href":"https:\/\/ermdigital.com\/index.php\/wp-json\/wp\/v2\/users\/1"}],"replies":[{"embeddable":true,"href":"https:\/\/ermdigital.com\/index.php\/wp-json\/wp\/v2\/comments?post=24597"}],"version-history":[{"count":0,"href":"https:\/\/ermdigital.com\/index.php\/wp-json\/wp\/v2\/posts\/24597\/revisions"}],"wp:featuredmedia":[{"embeddable":true,"href":"https:\/\/ermdigital.com\/index.php\/wp-json\/wp\/v2\/media\/24598"}],"wp:attachment":[{"href":"https:\/\/ermdigital.com\/index.php\/wp-json\/wp\/v2\/media?parent=24597"}],"wp:term":[{"taxonomy":"category","embeddable":true,"href":"https:\/\/ermdigital.com\/index.php\/wp-json\/wp\/v2\/categories?post=24597"},{"taxonomy":"post_tag","embeddable":true,"href":"https:\/\/ermdigital.com\/index.php\/wp-json\/wp\/v2\/tags?post=24597"}],"curies":[{"name":"wp","href":"https:\/\/api.w.org\/{rel}","templated":true}]}}