{"id":24595,"date":"2026-04-26T16:13:08","date_gmt":"2026-04-26T20:13:08","guid":{"rendered":"https:\/\/ermdigital.com\/index.php\/2026\/04\/26\/collado-pone-a-correr-el-cronometro-para-transformar-playa-teco\/"},"modified":"2026-04-26T16:13:08","modified_gmt":"2026-04-26T20:13:08","slug":"collado-pone-a-correr-el-cronometro-para-transformar-playa-teco","status":"publish","type":"post","link":"https:\/\/ermdigital.com\/index.php\/2026\/04\/26\/collado-pone-a-correr-el-cronometro-para-transformar-playa-teco\/","title":{"rendered":"Collado pone a correr el cron\u00f3metro para transformar Playa Teco"},"content":{"rendered":"<p><strong>Puerto Plata.-<\/strong> El ministro de Turismo, David Collado, dej\u00f3 iniciado el proyecto de construcci\u00f3n de la Plaza de Vendedores en Playa Teco con un mensaje claro: aqu\u00ed no hay espacio para retrasos. \u201cNo damos picazo, le colocamos el cron\u00f3metro a los constructores\u201d, expres\u00f3, marcando el inicio de una obra que busca cumplirse dentro de los plazos establecidos y con resultados visibles para la comunidad.<\/p>\n<p>Collado destac\u00f3 que esta intervenci\u00f3n forma parte de un proceso m\u00e1s amplio de transformaci\u00f3n de la zona, donde ya se invirtieron m\u00e1s de 140 millones de pesos en la construcci\u00f3n del acceso, convirtiendo lo que antes era polvo en una avenida funcional. Ahora, con una inversi\u00f3n total que ronda los 193 millones de pesos, el proyecto apunta a dignificar el entorno y mejorar las condiciones de trabajo de los vendedores.<\/p>\n<p>\u201cHoy inicia la transformaci\u00f3n de Playa Teco\u201d, afirm\u00f3 el ministro, resaltando que se trata de un modelo inclusivo que apuesta por el orden, el respeto y el desarrollo sostenible. Autoridades locales acompa\u00f1aron el acto simb\u00f3lico que, m\u00e1s que un primer picazo, representa el inicio contrarreloj de una obra esperada por a\u00f1os.<\/p>\n<p>El funcionario subray\u00f3 que el proyecto responde a una demanda de los vendedores y comunitarios, luego de la intervenci\u00f3n del acceso a la playa. \u201cEste acceso a Playa Teco, que lo que era lodo, lo que era escombros, se convirti\u00f3 en una avenida llevando el desarrollo a esta playa, pero al terminar nos dijeron: \u00bfy qu\u00e9 pasa con los vendedores? Hay que hacer una inversi\u00f3n\u201d, indic\u00f3, al tiempo que explic\u00f3 que el proceso se llev\u00f3 a cabo mediante licitaci\u00f3n p\u00fablica.<\/p>\n<p><strong>Recomendamos leer: <a href=\"https:\/\/deultimominuto.net\/enlaces\/\" data-type=\"page\" data-id=\"491852\">RD$193 millones impulsar\u00e1n a Playa Teco como epicentro del esparcimiento en la regi\u00f3n Norte<\/a><\/strong><\/p>\n<p>Collado tambi\u00e9n defendi\u00f3 la transparencia en la ejecuci\u00f3n de las obras del Ministerio de Turismo, asegurando que cuentan con veedur\u00eda de distintos sectores. \u201cEn el Ministerio de Turismo no hay negocios. Las obras se hacen con total transparencia (\u2026) para que vean c\u00f3mo se adjudican las obras, porque nuestro discurso no es de redes sociales, es un discurso contundente que sale del coraz\u00f3n, de respeto al dinero del pueblo dominicano\u201d, afirm\u00f3.<\/p>\n<p>En el acto estuvieron presentes la gobernadora de la provincia de Puerto Plata, Claritza Rochtte Peralta, la honorable senadora de esta demarcaci\u00f3n Ginette Bournigal, as\u00ed como los diputados Julio Edwin Dur\u00e1n y el tambi\u00e9n legislador Diomedes N\u00fa\u00f1ez.<\/p>\n<p>De igual manera, particip\u00f3 el alcalde del distrito municipal de Maim\u00f3n, Divison S\u00e1nchez, junto a autoridades militares y policiales, entre ellas el general Julio C\u00e9sar Acosta F\u00e9lix. Tambi\u00e9n asistieron representantes del sector tur\u00edstico, incluyendo la presidenta del Cl\u00faster Tur\u00edstico de Puerto Plata Birgitt Heinsen y C\u00e9sar Jos\u00e9 de los Santos, vinculado a asociaciones hoteleras de la zona norte, adem\u00e1s de directores regionales, juntas de vecinos, empresarios, invitados especiales y miembros de la prensa.<\/p>\n<p>\u200bPuerto Plata.- El ministro de Turismo, David Collado, dej\u00f3 iniciado el proyecto de construcci\u00f3n de la Plaza de Vendedores en Playa Teco con un mensaje claro: aqu\u00ed no hay espacio para retrasos. \u201cNo damos picazo, le colocamos el cron\u00f3metro a los constructores\u201d, expres\u00f3, marcando el inicio de una obra que busca cumplirse dentro de los\u00a0\u00a0Nacionales, Collado, cron\u00f3metro, PLaya\u00a0\u00a0<\/p>\n","protected":false},"excerpt":{"rendered":"<p>Puerto Plata.- El ministro de Turismo, David Collado, dej\u00f3 iniciado el proyecto de construcci\u00f3n de la Plaza de Vendedores en Playa Teco con un mensaje claro: aqu\u00ed no hay espacio para retrasos. \u201cNo damos picazo, le colocamos el cron\u00f3metro a los constructores\u201d, expres\u00f3, marcando el inicio de una obra que busca cumplirse dentro de los [&hellip;]<\/p>\n","protected":false},"author":1,"featured_media":24596,"comment_status":"open","ping_status":"open","sticky":false,"template":"","format":"standard","meta":{"amp_status":"","footnotes":""},"categories":[3],"tags":[],"class_list":["post-24595","post","type-post","status-publish","format-standard","has-post-thumbnail","hentry","category-de-ultimo-minuto"],"_links":{"self":[{"href":"https:\/\/ermdigital.com\/index.php\/wp-json\/wp\/v2\/posts\/24595","targetHints":{"allow":["GET"]}}],"collection":[{"href":"https:\/\/ermdigital.com\/index.php\/wp-json\/wp\/v2\/posts"}],"about":[{"href":"https:\/\/ermdigital.com\/index.php\/wp-json\/wp\/v2\/types\/post"}],"author":[{"embeddable":true,"href":"https:\/\/ermdigital.com\/index.php\/wp-json\/wp\/v2\/users\/1"}],"replies":[{"embeddable":true,"href":"https:\/\/ermdigital.com\/index.php\/wp-json\/wp\/v2\/comments?post=24595"}],"version-history":[{"count":0,"href":"https:\/\/ermdigital.com\/index.php\/wp-json\/wp\/v2\/posts\/24595\/revisions"}],"wp:featuredmedia":[{"embeddable":true,"href":"https:\/\/ermdigital.com\/index.php\/wp-json\/wp\/v2\/media\/24596"}],"wp:attachment":[{"href":"https:\/\/ermdigital.com\/index.php\/wp-json\/wp\/v2\/media?parent=24595"}],"wp:term":[{"taxonomy":"category","embeddable":true,"href":"https:\/\/ermdigital.com\/index.php\/wp-json\/wp\/v2\/categories?post=24595"},{"taxonomy":"post_tag","embeddable":true,"href":"https:\/\/ermdigital.com\/index.php\/wp-json\/wp\/v2\/tags?post=24595"}],"curies":[{"name":"wp","href":"https:\/\/api.w.org\/{rel}","templated":true}]}}