{"id":24583,"date":"2026-04-26T15:46:57","date_gmt":"2026-04-26T19:46:57","guid":{"rendered":"https:\/\/ermdigital.com\/index.php\/2026\/04\/26\/fuerza-del-pueblo-organiza-visita-de-leonel-fernandez-en-barahona-el-3-de-mayo\/"},"modified":"2026-04-26T15:46:57","modified_gmt":"2026-04-26T19:46:57","slug":"fuerza-del-pueblo-organiza-visita-de-leonel-fernandez-en-barahona-el-3-de-mayo","status":"publish","type":"post","link":"https:\/\/ermdigital.com\/index.php\/2026\/04\/26\/fuerza-del-pueblo-organiza-visita-de-leonel-fernandez-en-barahona-el-3-de-mayo\/","title":{"rendered":"Fuerza del Pueblo organiza visita de Leonel Fern\u00e1ndez en Barahona el 3 de mayo\u00a0"},"content":{"rendered":"<p><img loading=\"lazy\" decoding=\"async\" width=\"355\" height=\"200\" src=\"https:\/\/nuevodiario-assets.s3.us-east-2.amazonaws.com\/wp-content\/uploads\/2026\/04\/Dirigentes-de-la-Fuerza-del-Pueblo-en-Barahona-2-355x200.jpeg\" class=\"webfeedsFeaturedVisual not-transparent wp-post-image\" alt=\"\" data-has-transparency=\"false\" data-dominant-color=\"848b7e\"><\/p>\n<p>EL NUEVO DIARIO, BARAHONA. \u2013 Dirigentes del partido Fuerza del Pueblo informaron este domingo que ultiman los preparativos para la visita de su l\u00edder, el expresidente Leonel Fern\u00e1ndez, programada para el domingo 3 de mayo a las 10:00 de la ma\u00f1ana en el polideportivo de la Villa Ol\u00edmpica, en Villa Central.<\/p>\n<p>Como parte de la organizaci\u00f3n del acto, la estructura provincial sostuvo una reuni\u00f3n de planificaci\u00f3n encabezada por el enlace y supervisor provincial, Emigdio Sosa; la miembro de la Direcci\u00f3n Pol\u00edtica, Noris Medina; el presidente provincial, Quilvio Ram\u00f3n Medina; el vicepresidente provincial, Mariano Montero, y el presidente municipal, Rafael Mendoza, seg\u00fan detalla un comunicado de prensa.<\/p>\n<p>Durante la actividad prevista, Fern\u00e1ndez encabezar\u00e1 la juramentaci\u00f3n de nuevos miembros provenientes de distintos sectores, entre ellos el exdiputado Miguel Manuel Florian Terrero.<\/p>\n<figure aria-describedby=\"caption-attachment-3097779\" class=\"wp-caption alignnone\"><img loading=\"lazy\" decoding=\"async\" data-recalc-dims=\"1\" data-dominant-color=\"8f8680\" data-has-transparency=\"false\" class=\"wp-image-3097779 size-full not-transparent\" src=\"https:\/\/i0.wp.com\/nuevodiario-assets.s3.us-east-2.amazonaws.com\/wp-content\/uploads\/2026\/04\/Dirigentes-de-la-Fuerza-del-Pueblo-en-Barahona.jpeg?resize=640%2C480&amp;quality=100&amp;ssl=1\" alt=\"\" width=\"640\" height=\"480\"><figcaption class=\"wp-caption-text\">Dirigentes de la Fuerza del Pueblo en Barahona. (Foto: Fuerza del Pueblo Barahona).<\/figcaption><\/figure>\n<p>La organizaci\u00f3n indic\u00f3 que dirigentes y simpatizantes de la provincia participar\u00e1n en el encuentro pol\u00edtico, que forma parte de las actividades del partido en la regi\u00f3n Sur.<\/p>\n<p>En la reuni\u00f3n tambi\u00e9n participaron miembros de la Direcci\u00f3n Central, entre ellos el secretario general, Orlando Gonz\u00e1lez; el vicesecretario nacional de Organizaci\u00f3n, Fulver F\u00e9liz; Juana Reynoso, en representaci\u00f3n de Jos\u00e9 del Castillo Savi\u00f1\u00f3n; el vicesecretario de Asuntos Profesionales y Gremiales, Rafael De\u00f1\u00f3; el responsable de Asuntos Electorales, Jhonny Olivero, y Roberto Alfau.<\/p>\n<p>Dirigentes provinciales se\u00f1alaron que la actividad forma parte de la agenda pol\u00edtica de la organizaci\u00f3n con miras a su fortalecimiento en la provincia Barahona.<\/p>\n<p>NLP\/<\/p>\n<p>La entrada <a href=\"https:\/\/elnuevodiario.com.do\/fuerza-del-pueblo-organiza-visita-de-leonel-fernandez-en-barahona-el-3-de-mayo\/\">Fuerza del Pueblo organiza visita de Leonel Fern\u00e1ndez en Barahona el 3 de mayo<\/a> se public\u00f3 primero en <a href=\"https:\/\/elnuevodiario.com.do\/\">El Nuevo Diario (Rep\u00fablica Dominicana)<\/a>.<\/p>\n<p>\u200bEL NUEVO DIARIO, BARAHONA. \u2013 Dirigentes del partido Fuerza del Pueblo informaron este domingo que ultiman los preparativos para la visita de su l\u00edder, el expresidente Leonel Fern\u00e1ndez, programada para el domingo 3 de mayo a las 10:00 de la ma\u00f1ana en el polideportivo de la Villa Ol\u00edmpica, en Villa Central. Como parte de la<br \/>\nLa entrada Fuerza del Pueblo organiza visita de Leonel Fern\u00e1ndez en Barahona el 3 de mayo se public\u00f3 primero en El Nuevo Diario (Rep\u00fablica Dominicana).\u00a0\u00a0Pol\u00edtica, Portada\u00a0<\/p>\n","protected":false},"excerpt":{"rendered":"<p>EL NUEVO DIARIO, BARAHONA. \u2013 Dirigentes del partido Fuerza del Pueblo informaron este domingo que ultiman los preparativos para la visita de su l\u00edder, el expresidente Leonel Fern\u00e1ndez, programada para el domingo 3 de mayo a las 10:00 de la ma\u00f1ana en el polideportivo de la Villa Ol\u00edmpica, en Villa Central. Como parte de la [&hellip;]<\/p>\n","protected":false},"author":1,"featured_media":24584,"comment_status":"open","ping_status":"open","sticky":false,"template":"","format":"standard","meta":{"amp_status":"","footnotes":""},"categories":[5],"tags":[],"class_list":["post-24583","post","type-post","status-publish","format-standard","has-post-thumbnail","hentry","category-politica"],"_links":{"self":[{"href":"https:\/\/ermdigital.com\/index.php\/wp-json\/wp\/v2\/posts\/24583","targetHints":{"allow":["GET"]}}],"collection":[{"href":"https:\/\/ermdigital.com\/index.php\/wp-json\/wp\/v2\/posts"}],"about":[{"href":"https:\/\/ermdigital.com\/index.php\/wp-json\/wp\/v2\/types\/post"}],"author":[{"embeddable":true,"href":"https:\/\/ermdigital.com\/index.php\/wp-json\/wp\/v2\/users\/1"}],"replies":[{"embeddable":true,"href":"https:\/\/ermdigital.com\/index.php\/wp-json\/wp\/v2\/comments?post=24583"}],"version-history":[{"count":0,"href":"https:\/\/ermdigital.com\/index.php\/wp-json\/wp\/v2\/posts\/24583\/revisions"}],"wp:featuredmedia":[{"embeddable":true,"href":"https:\/\/ermdigital.com\/index.php\/wp-json\/wp\/v2\/media\/24584"}],"wp:attachment":[{"href":"https:\/\/ermdigital.com\/index.php\/wp-json\/wp\/v2\/media?parent=24583"}],"wp:term":[{"taxonomy":"category","embeddable":true,"href":"https:\/\/ermdigital.com\/index.php\/wp-json\/wp\/v2\/categories?post=24583"},{"taxonomy":"post_tag","embeddable":true,"href":"https:\/\/ermdigital.com\/index.php\/wp-json\/wp\/v2\/tags?post=24583"}],"curies":[{"name":"wp","href":"https:\/\/api.w.org\/{rel}","templated":true}]}}