{"id":24577,"date":"2026-04-26T14:51:56","date_gmt":"2026-04-26T18:51:56","guid":{"rendered":"https:\/\/ermdigital.com\/index.php\/2026\/04\/26\/collado-garantiza-permanencia-de-vendedores-en-plaza-que-sera-construida-en-playa-teco\/"},"modified":"2026-04-26T14:51:56","modified_gmt":"2026-04-26T18:51:56","slug":"collado-garantiza-permanencia-de-vendedores-en-plaza-que-sera-construida-en-playa-teco","status":"publish","type":"post","link":"https:\/\/ermdigital.com\/index.php\/2026\/04\/26\/collado-garantiza-permanencia-de-vendedores-en-plaza-que-sera-construida-en-playa-teco\/","title":{"rendered":"Collado garantiza permanencia de vendedores en plaza que ser\u00e1 construida en Playa Teco"},"content":{"rendered":"<p>Puerto Plata.- Durante el acto de inicio de la construcci\u00f3n de la plaza de vendedores en Playa Teco, en Puerto Plata, el ministro de Turismo David Collado destac\u00f3 que el proceso de transformaci\u00f3n tur\u00edstica garantizar\u00e1 la permanencia de los comerciantes en sus espacios de trabajo.<\/p>\n<p>En ese sentido, se afirm\u00f3 que los actuales vendedores no ser\u00e1n desplazados, sino integrados al nuevo modelo de desarrollo. \u201cNosotros vamos a mantener los locales a los que siempre han estado aqu\u00ed\u201d, expres\u00f3 el ministro al tiempo que se valor\u00f3 el esfuerzo de hombres y mujeres que diariamente buscan el sustento de sus familias \u201cde manera digna y honrada\u201d.<\/p>\n<p>Asimismo, se puso como ejemplo la intervenci\u00f3n de Playa Sos\u00faa, donde \u2014seg\u00fan explicaron\u2014 tras m\u00faltiples reuniones con autoridades y comunitarios, se logr\u00f3 organizar y formalizar a los comerciantes. Indicaron que este proyecto, cuya primera fase ser\u00e1 entregada con una inversi\u00f3n de 557 millones de pesos, ha elevado significativamente el valor de los locales y las condiciones de trabajo de los vendedores.<\/p>\n<p>En su intervenci\u00f3n el funcionario cedi\u00f3 la palabra a Lilo y Andr\u00e9s, representantes de los vendedores de Playa Sos\u00faa, quienes destacaron el proceso de transformaci\u00f3n que ha vivido esa zona tur\u00edstica, se\u00f1alando que, aunque en un inicio hubo desconfianza, el di\u00e1logo permiti\u00f3 avanzar.<\/p>\n<p>Afirmaron que el proyecto ha representado un cambio significativo para los vendedores, quienes ahora se ven como empresarios formales dentro del sector tur\u00edstico. \u201cYa los playeros no somos buhoneros, somos empresarios\u201d, indicaron, al tiempo que resaltaron que los nuevos locales alcanzan valores de entre 500 mil y 600 mil d\u00f3lares, lo que \u2014seg\u00fan dijeron\u2014 evidencia el impacto econ\u00f3mico positivo de la intervenci\u00f3n.<\/p>\n<p><strong><em>Te puede interesar: <a href=\"https:\/\/deultimominuto.net\/nacionales\/rd193-millones-impulsaran-a-playa-teco-como-epicentro-del-esparcimiento-en-la-region-norte\/\">RD$193 millones impulsar\u00e1n a Playa Teco como epicentro del esparcimiento en la regi\u00f3n Norte<\/a><\/em><\/strong><\/p>\n<p>Asimismo, sostuvieron que la transformaci\u00f3n de Sos\u00faa \u201cno tiene precedentes\u201d y exhortaron a los vendedores de Playa Teco a confiar en el proceso. \u201cCrean en este gobierno, que esta gente cumple (\u2026) eso lo hemos vivido en la distribuci\u00f3n de los locales, donde no hay pol\u00edticos con espacios que no sean playeros\u201d, afirmaron, reiterando que los beneficiarios han sido directamente los trabajadores de la playa.<\/p>\n<p>El proyecto contempla la construcci\u00f3n de una plaza para vendedores y el remozamiento de Playa Teco, con el objetivo de fortalecer la oferta tur\u00edstica y mejorar las condiciones de trabajo de los comerciantes locales, impulsando as\u00ed el desarrollo sostenible de Puerto Plata.<\/p>\n<p>\u200bPuerto Plata.- Durante el acto de inicio de la construcci\u00f3n de la plaza de vendedores en Playa Teco, en Puerto Plata, el ministro de Turismo David Collado destac\u00f3 que el proceso de transformaci\u00f3n tur\u00edstica garantizar\u00e1 la permanencia de los comerciantes en sus espacios de trabajo. En ese sentido, se afirm\u00f3 que los actuales vendedores no\u00a0\u00a0Nacionales, Deultimominuto, ElPeri\u00f3dicodelaVerdad, Rep\u00fablica Dominicana\u00a0\u00a0<\/p>\n","protected":false},"excerpt":{"rendered":"<p>Puerto Plata.- Durante el acto de inicio de la construcci\u00f3n de la plaza de vendedores en Playa Teco, en Puerto Plata, el ministro de Turismo David Collado destac\u00f3 que el proceso de transformaci\u00f3n tur\u00edstica garantizar\u00e1 la permanencia de los comerciantes en sus espacios de trabajo. En ese sentido, se afirm\u00f3 que los actuales vendedores no [&hellip;]<\/p>\n","protected":false},"author":1,"featured_media":24578,"comment_status":"open","ping_status":"open","sticky":false,"template":"","format":"standard","meta":{"amp_status":"","footnotes":""},"categories":[3],"tags":[],"class_list":["post-24577","post","type-post","status-publish","format-standard","has-post-thumbnail","hentry","category-de-ultimo-minuto"],"_links":{"self":[{"href":"https:\/\/ermdigital.com\/index.php\/wp-json\/wp\/v2\/posts\/24577","targetHints":{"allow":["GET"]}}],"collection":[{"href":"https:\/\/ermdigital.com\/index.php\/wp-json\/wp\/v2\/posts"}],"about":[{"href":"https:\/\/ermdigital.com\/index.php\/wp-json\/wp\/v2\/types\/post"}],"author":[{"embeddable":true,"href":"https:\/\/ermdigital.com\/index.php\/wp-json\/wp\/v2\/users\/1"}],"replies":[{"embeddable":true,"href":"https:\/\/ermdigital.com\/index.php\/wp-json\/wp\/v2\/comments?post=24577"}],"version-history":[{"count":0,"href":"https:\/\/ermdigital.com\/index.php\/wp-json\/wp\/v2\/posts\/24577\/revisions"}],"wp:featuredmedia":[{"embeddable":true,"href":"https:\/\/ermdigital.com\/index.php\/wp-json\/wp\/v2\/media\/24578"}],"wp:attachment":[{"href":"https:\/\/ermdigital.com\/index.php\/wp-json\/wp\/v2\/media?parent=24577"}],"wp:term":[{"taxonomy":"category","embeddable":true,"href":"https:\/\/ermdigital.com\/index.php\/wp-json\/wp\/v2\/categories?post=24577"},{"taxonomy":"post_tag","embeddable":true,"href":"https:\/\/ermdigital.com\/index.php\/wp-json\/wp\/v2\/tags?post=24577"}],"curies":[{"name":"wp","href":"https:\/\/api.w.org\/{rel}","templated":true}]}}