{"id":24571,"date":"2026-04-26T15:22:27","date_gmt":"2026-04-26T19:22:27","guid":{"rendered":"https:\/\/ermdigital.com\/index.php\/2026\/04\/26\/gp-de-espana-la-magia-existe-alex-marquez-vuelve-a-ganar\/"},"modified":"2026-04-26T15:22:27","modified_gmt":"2026-04-26T19:22:27","slug":"gp-de-espana-la-magia-existe-alex-marquez-vuelve-a-ganar","status":"publish","type":"post","link":"https:\/\/ermdigital.com\/index.php\/2026\/04\/26\/gp-de-espana-la-magia-existe-alex-marquez-vuelve-a-ganar\/","title":{"rendered":"GP de Espa\u00f1a: \"La magia existe\": \u00c1lex M\u00e1rquez vuelve a ganar"},"content":{"rendered":"<p>\u00a0\u00a0<\/p>\n<p>\"La magia existe\", se\u00f1al\u00f3 el espa\u00f1ol <strong>\u00c1lex M\u00e1rquez<\/strong> (Ducati-Gresini) tras ganar este domingo el Gran Premio de Espa\u00f1a de MotoGP por segundo a\u00f1o consecutivo, por delante del l\u00edder del campeonato, Marco <strong>Bezzecchi<\/strong> (Aprilia), que fue segundo, cortando una racha de cinco victorias consecutivas.<\/p>\n<p>El piloto espa\u00f1ol repiti\u00f3 la victoria del pasado a\u00f1o en este mismo circuito, mientras que el italiano <strong>Fabio Di Giannantonio<\/strong> (<strong>Ducati-VR46<\/strong>) fue tercero.<\/p>\n<p>\"Puedo confirmarlo: la magia existe. Antes de llegar aqu\u00ed no est\u00e1bamos en ninguna parte, ni cerca del podio, ni siquiera quiz\u00e1 con opciones de entrar en el <strong>top cinco<\/strong>\", declar\u00f3 <strong>\u00c1lex M\u00e1rquez<\/strong> a DAZN, tras un <strong>dif\u00edcil inicio<\/strong> de temporada.<\/p>\n<p>El vigente campe\u00f3n del mundo, <strong>Marc M\u00e1rquez<\/strong> (Ducati), sufri\u00f3 una <strong>ca\u00edda<\/strong> que le dej\u00f3 fuera de la pelea por la carrera.<\/p>\n<p>El mayor de los M\u00e1rquez, ganador de la carrera esprint la v\u00edspera y que sali\u00f3 desde la <strong>pole<\/strong>, se fue al suelo en la <strong>segunda vuelta<\/strong> poco despu\u00e9s de ser adelantado por \u00c1lex.<\/p>\n<p><strong>Bezzecchi<\/strong> ampli\u00f3 su ventaja al frente del campeonato mundial de la categor\u00eda reina del motociclismo hasta los 11 puntos de ventaja sobre el espa\u00f1ol <strong>Jorge Mart\u00edn<\/strong>, que fue cuarto, tras una carrera relativamente tranquila sin la lluvia que trastoc\u00f3 la jornada del s\u00e1bado.<\/p>\n<p>El italiano se mantuvo durante un tiempo a rueda de <strong>\u00c1lex M\u00e1rquez<\/strong>, pero el espa\u00f1ol rodaba r\u00e1pido y <strong>Bezzecchi<\/strong> opt\u00f3 por la <strong>prudencia<\/strong> y asegurar el <strong>segundo puesto<\/strong> de la carrera.<\/p>\n<p>\"Desde que sal\u00ed a pista el viernes me sent\u00ed muy bien. No es que cambi\u00e1ramos una barbaridad, s\u00ed, algunas <strong>peque\u00f1as cosas<\/strong>, pero no tanto\", explic\u00f3 <strong>\u00c1lex M\u00e1rquez<\/strong>.<\/p>\n<p>\"As\u00ed que estoy muy contento de haber \u00a0podido sobreponerme a los problemas y, una vez m\u00e1s, sacar el m\u00e1ximo de lo que ten\u00edamos\", a\u00f1adi\u00f3 el ganador del d\u00eda.<\/p>\n<p><strong>Marc M\u00e1rquez<\/strong>, que baj\u00f3 al quinto puesto de la general tras su <strong>ca\u00edda<\/strong>, consider\u00f3 que el <strong>viento<\/strong> pudo haber influido en su <strong>ca\u00edda<\/strong> sin restar importancia a su propia responsabilidad.<\/p>\n<p>\"A veces te caes, a veces ganas, a veces pierdes, y esta vez nos toc\u00f3 caernos\", dijo a DAZN.<\/p>\n<p>\"Lo importante es que hemos disfrutado del fin de semana en Jerez: me lo he pasado bien pilotando la moto&#8230; Nos dec\u00edan que quiz\u00e1 hab\u00eda un poco de <strong>viento<\/strong> lateral entrando en esa curva, no s\u00e9 si tuvo algo que ver o si fue m\u00e1s un <strong>error<\/strong> m\u00edo\", a\u00f1adi\u00f3.<\/p>\n<p><strong>Marc M\u00e1rquez<\/strong> ha tenido problemas en este inicio de temporada y admiti\u00f3 que ser\u00e1 dif\u00edcil defender su t\u00edtulo.<\/p>\n<div class=\"w-full pt-2 float-left inside-related\"><strong>RELACIONADAS<\/strong><\/p>\n<article class=\"flex flex-wrap border-b pb-4 mb-3 inline-block\">\n<div class=\"xl:w-2\/12 w-4\/12\">\n<figure class=\"mb-0\"><img loading=\"lazy\" decoding=\"async\" src=\"https:\/\/resources.diariolibre.com\/images\/2022\/09\/13\/46352b3128a454e17b6dc9bd26f661e3938fb8c0w-383c40d2-focus-0.05-0.32-149-99.jpg\" width=\"149\" height=\"99\" title=\"Marc M\u00e1rquez regresa en el GP de Arag\u00f3n tras tres meses de baja\" alt=\"Marc M\u00e1rquez regresa en el GP de Arag\u00f3n tras tres meses de baja\" class=\"object-cover\" \/><\/figure>\n<\/div>\n<\/article>\n<article class=\"flex flex-wrap border-b pb-4 mb-3 inline-block\">\n<div class=\"xl:w-2\/12 w-4\/12\">\n<figure class=\"mb-0\"><img loading=\"lazy\" decoding=\"async\" src=\"https:\/\/resources.diariolibre.com\/images\/binrepository\/motorcycling-grand-prix-of-algarve_17568594_20211105095050-focus-0-0-149-99.jpg\" width=\"149\" height=\"99\" title=\"Fabio Quartararo ejerce de campe\u00f3n; domina  primera tanda de entrenamientos\" alt=\"Fabio Quartararo ejerce de campe\u00f3n; domina  primera tanda de entrenamientos\" class=\"object-cover\" \/><\/figure>\n<\/div>\n<\/article>\n<article class=\"flex flex-wrap border-b pb-4 mb-3 inline-block\">\n<div class=\"xl:w-2\/12 w-4\/12\">\n<figure class=\"mb-0\"><img loading=\"lazy\" decoding=\"async\" src=\"https:\/\/resources.diariolibre.com\/images\/2022\/04\/23\/fd0106c0d09f19cd0682b171f478abfbf68fe7b8w-8796ea02-focus-0-0-149-99.jpg\" width=\"149\" height=\"99\" title=\"El franc\u00e9s que logr\u00f3 la pole position en el GP de Portugal\" alt=\"El franc\u00e9s que logr\u00f3 la pole position en el GP de Portugal\" class=\"object-cover\" \/><\/figure>\n<\/div>\n<\/article>\n<\/div>\n<p>\"No estoy pilotando lo suficientemente bien como para luchar por el t\u00edtulo, porque si no est\u00e1s en el podio los domingos, es muy dif\u00edcil. Pero intentaremos, poco a poco, seguir mejorando y recuperar esas sensaciones\", asegur\u00f3.<\/p>\n<p>rbs-gr\/pm<\/p>\n<div class=\"border-t border-b py-2 my-5 tags-container\"><strong>TEMAS &#8211; <\/strong><\/p>\n<ul>\n<li>\n<div class=\"inline-block border p-2 rounded-full align-middle\">\n<p><a href=\"https:\/\/www.diariolibre.com\/tags\/gp-de-espana\/10762\" title=\"GP de Espa\u00f1a\">GP de Espa\u00f1a<\/a><\/p>\n<\/div>\n<\/li>\n<li>\n<div class=\"inline-block border p-2 rounded-full align-middle\">\n<p><a href=\"https:\/\/www.diariolibre.com\/tags\/gp-de-espana-motociclismo\/376955\" title=\"GP de Espa\u00f1a motociclismo\">GP de Espa\u00f1a motociclismo<\/a><\/p>\n<\/div>\n<\/li>\n<li>\n<div class=\"inline-block border p-2 rounded-full align-middle\">\n<p><a href=\"https:\/\/www.diariolibre.com\/tags\/moto-gp\/3423\" title=\"Moto GP\">Moto GP<\/a><\/p>\n<\/div>\n<\/li>\n<\/ul>\n<\/div>\n<p>\u00a0<\/p>\n","protected":false},"excerpt":{"rendered":"<p>\u00a0\u00a0 \"La magia existe\", se\u00f1al\u00f3 el espa\u00f1ol \u00c1lex M\u00e1rquez (Ducati-Gresini) tras ganar este domingo el Gran Premio de Espa\u00f1a de MotoGP por segundo a\u00f1o consecutivo, por delante del l\u00edder del campeonato, Marco Bezzecchi (Aprilia), que fue segundo, cortando una racha de cinco victorias consecutivas. El piloto espa\u00f1ol repiti\u00f3 la victoria del pasado a\u00f1o en este [&hellip;]<\/p>\n","protected":false},"author":1,"featured_media":24572,"comment_status":"open","ping_status":"open","sticky":false,"template":"","format":"standard","meta":{"amp_status":"","footnotes":""},"categories":[4],"tags":[],"class_list":["post-24571","post","type-post","status-publish","format-standard","has-post-thumbnail","hentry","category-deportes"],"_links":{"self":[{"href":"https:\/\/ermdigital.com\/index.php\/wp-json\/wp\/v2\/posts\/24571","targetHints":{"allow":["GET"]}}],"collection":[{"href":"https:\/\/ermdigital.com\/index.php\/wp-json\/wp\/v2\/posts"}],"about":[{"href":"https:\/\/ermdigital.com\/index.php\/wp-json\/wp\/v2\/types\/post"}],"author":[{"embeddable":true,"href":"https:\/\/ermdigital.com\/index.php\/wp-json\/wp\/v2\/users\/1"}],"replies":[{"embeddable":true,"href":"https:\/\/ermdigital.com\/index.php\/wp-json\/wp\/v2\/comments?post=24571"}],"version-history":[{"count":0,"href":"https:\/\/ermdigital.com\/index.php\/wp-json\/wp\/v2\/posts\/24571\/revisions"}],"wp:featuredmedia":[{"embeddable":true,"href":"https:\/\/ermdigital.com\/index.php\/wp-json\/wp\/v2\/media\/24572"}],"wp:attachment":[{"href":"https:\/\/ermdigital.com\/index.php\/wp-json\/wp\/v2\/media?parent=24571"}],"wp:term":[{"taxonomy":"category","embeddable":true,"href":"https:\/\/ermdigital.com\/index.php\/wp-json\/wp\/v2\/categories?post=24571"},{"taxonomy":"post_tag","embeddable":true,"href":"https:\/\/ermdigital.com\/index.php\/wp-json\/wp\/v2\/tags?post=24571"}],"curies":[{"name":"wp","href":"https:\/\/api.w.org\/{rel}","templated":true}]}}