{"id":24555,"date":"2026-04-26T14:55:55","date_gmt":"2026-04-26T18:55:55","guid":{"rendered":"https:\/\/ermdigital.com\/index.php\/2026\/04\/26\/danilo-medina-que-nadie-espere-que-el-pld-le-va-a-endosar-su-fuerza-a-ningun-partido\/"},"modified":"2026-04-26T14:55:55","modified_gmt":"2026-04-26T18:55:55","slug":"danilo-medina-que-nadie-espere-que-el-pld-le-va-a-endosar-su-fuerza-a-ningun-partido","status":"publish","type":"post","link":"https:\/\/ermdigital.com\/index.php\/2026\/04\/26\/danilo-medina-que-nadie-espere-que-el-pld-le-va-a-endosar-su-fuerza-a-ningun-partido\/","title":{"rendered":"Danilo Medina: \u201cQue nadie espere que el PLD le va a endosar su fuerza a ning\u00fan partido\u201d\u00a0"},"content":{"rendered":"<p><img decoding=\"async\" width=\"355\" height=\"200\" src=\"https:\/\/nuevodiario-assets.s3.us-east-2.amazonaws.com\/wp-content\/uploads\/2025\/11\/Danilo-Medinaz-Foto-Felix-Lara-355x200.jpeg\" class=\"webfeedsFeaturedVisual not-transparent wp-post-image\" alt=\"Danilo Medina afirma que \u00e9l inaugur\u00f3 la c\u00e1rcel y que lo \u00fanico nuevo que ha visto es la pintura y el cambio de nombre (Foto: F\u00e9lix Lara)\" loading=\"lazy\" data-has-transparency=\"false\" data-dominant-color=\"706d6a\"><\/p>\n<p>EL NUEVO DIARIO, VALVERDE.- El expresidente de la Rep\u00fablica y presidente del Partido de la Liberaci\u00f3n Dominicana, Danilo Medina, reiter\u00f3 su postura frente a posibles alianzas electorales, al asegurar que la organizaci\u00f3n no ceder\u00e1 su fuerza pol\u00edtica a otras agrupaciones.<\/p>\n<p>\u201cQue nadie, absolutamente nadie, sue\u00f1e con el PLD. Y menos los que aplicaron la operaci\u00f3n tijera para destruirlo\u201d, expres\u00f3 el exmandatario.<\/p>\n<p>Al ser cuestionado por la prensa local, Medina se refiri\u00f3 a los rumores sobre eventuales pactos, dejando clara la posici\u00f3n del partido. \u201cRealmente no me imagino a qu\u00e9 se debe, pero la gente no puede ser tan est\u00fapida de creerse que en el PLD sufrimos del s\u00edndrome de Estocolmo, que nos enamoramos de nuestros verdugos\u201d, afirm\u00f3.<\/p>\n<p>En ese sentido, a\u00f1adi\u00f3: \u201cAqu\u00ed hemos dicho claramente muchas veces que todo el que quiera apoyar al Partido de la Liberaci\u00f3n Dominicana de cara a la selecci\u00f3n del 2028, las puertas est\u00e1n abiertas. Pero que nadie espere que el PLD le va a endosar su fuerza a ning\u00fan partido\u201d.<\/p>\n<p><strong>Juramenta nuevo movimiento<\/strong><\/p>\n<p>Medina encabez\u00f3 este domingo un acto de juramentaci\u00f3n de decenas de nuevos miembros que se integran a la organizaci\u00f3n pol\u00edtica a trav\u00e9s del movimiento Unidos Firmes al Futuro (UFF).<\/p>\n<p>A pesar de atravesar un proceso gripal, evidente en el tono de su voz, acudi\u00f3 al encuentro con dirigentes de la provincia Valverde. \u201cTen\u00eda siete d\u00edas en convalecencia y me levant\u00e9 para venir aqu\u00ed\u201d, expres\u00f3.<\/p>\n<p>Durante la actividad, asegur\u00f3 que el partido mantiene una estructura s\u00f3lida en todo el territorio nacional. \u201cNo hay un rinc\u00f3n del pa\u00eds donde no haya la estructura organizativa del PLD. Somos el partido con historia\u201d, indic\u00f3.<\/p>\n<p>Asimismo, defendi\u00f3 los logros de sus gestiones de gobierno, destacando avances en infraestructura, energ\u00eda, salud, empleo y reducci\u00f3n de la pobreza. \u201cDisminuimos la pobreza como nunca antes en la historia de este pa\u00eds\u2026 esos son logros, esas son pol\u00edticas, eso es historia\u201d, se\u00f1al\u00f3.<\/p>\n<p>En su discurso, tambi\u00e9n proyect\u00f3 el retorno del PLD al poder: \u201cEl pr\u00f3ximo presidente de la Rep\u00fablica saldr\u00e1 de esta organizaci\u00f3n, de la escuela de servidores del profesor Juan Bosch, para continuar la obra de desarrollo del pa\u00eds\u201d.<\/p>\n<p>Finalmente, hizo un llamado a la militancia y a la ciudadan\u00eda: \u201cCrean en la pol\u00edtica, vengan, rompan las puertas, adu\u00e9\u00f1ense de este partido, porque el PLD se encamina a una nueva victoria electoral\u201d.<\/p>\n<p>De su lado, el presidente del movimiento UFF, John Flores, explic\u00f3 que esta iniciativa busca aglutinar a j\u00f3venes y fortalecer la conciencia ciudadana, orientada al desarrollo de las comunidades y del pa\u00eds.<\/p>\n<p>La actividad, realizada en el local del Club de Leones de Mao, cont\u00f3 con la participaci\u00f3n de miembros del Comit\u00e9 Pol\u00edtico del PLD, entre ellos Sonia Mateo, Aura Toribio, Thelma S\u00e1nchez, Yomaira Medina, Miriam Cabral y Radham\u00e9s Camacho.<\/p>\n<p>M\u00e1s tarde, el expresidente continuar\u00e1 su agenda en Santiago, donde recibir\u00e1 al dirigente Silvio Dur\u00e1n, quien retorna a las filas del PLD<\/p>\n<p>La entrada <a href=\"https:\/\/elnuevodiario.com.do\/danilo-medina-que-nadie-espere-que-el-pld-le-va-a-endosar-su-fuerza-a-ningun-partido\/\">Danilo Medina: \u201cQue nadie espere que el PLD le va a endosar su fuerza a ning\u00fan partido\u201d<\/a> se public\u00f3 primero en <a href=\"https:\/\/elnuevodiario.com.do\/\">El Nuevo Diario (Rep\u00fablica Dominicana)<\/a>.<\/p>\n<p>\u200bEL NUEVO DIARIO, VALVERDE.- El expresidente de la Rep\u00fablica y presidente del Partido de la Liberaci\u00f3n Dominicana, Danilo Medina, reiter\u00f3 su postura frente a posibles alianzas electorales, al asegurar que la organizaci\u00f3n no ceder\u00e1 su fuerza pol\u00edtica a otras agrupaciones. \u201cQue nadie, absolutamente nadie, sue\u00f1e con el PLD. Y menos los que aplicaron la operaci\u00f3n<br \/>\nLa entrada Danilo Medina: \u201cQue nadie espere que el PLD le va a endosar su fuerza a ning\u00fan partido\u201d se public\u00f3 primero en El Nuevo Diario (Rep\u00fablica Dominicana).\u00a0\u00a0Pol\u00edtica, Portada\u00a0<\/p>\n","protected":false},"excerpt":{"rendered":"<p>EL NUEVO DIARIO, VALVERDE.- El expresidente de la Rep\u00fablica y presidente del Partido de la Liberaci\u00f3n Dominicana, Danilo Medina, reiter\u00f3 su postura frente a posibles alianzas electorales, al asegurar que la organizaci\u00f3n no ceder\u00e1 su fuerza pol\u00edtica a otras agrupaciones. \u201cQue nadie, absolutamente nadie, sue\u00f1e con el PLD. Y menos los que aplicaron la operaci\u00f3n [&hellip;]<\/p>\n","protected":false},"author":1,"featured_media":24556,"comment_status":"open","ping_status":"open","sticky":false,"template":"","format":"standard","meta":{"amp_status":"","footnotes":""},"categories":[5],"tags":[],"class_list":["post-24555","post","type-post","status-publish","format-standard","has-post-thumbnail","hentry","category-politica"],"_links":{"self":[{"href":"https:\/\/ermdigital.com\/index.php\/wp-json\/wp\/v2\/posts\/24555","targetHints":{"allow":["GET"]}}],"collection":[{"href":"https:\/\/ermdigital.com\/index.php\/wp-json\/wp\/v2\/posts"}],"about":[{"href":"https:\/\/ermdigital.com\/index.php\/wp-json\/wp\/v2\/types\/post"}],"author":[{"embeddable":true,"href":"https:\/\/ermdigital.com\/index.php\/wp-json\/wp\/v2\/users\/1"}],"replies":[{"embeddable":true,"href":"https:\/\/ermdigital.com\/index.php\/wp-json\/wp\/v2\/comments?post=24555"}],"version-history":[{"count":0,"href":"https:\/\/ermdigital.com\/index.php\/wp-json\/wp\/v2\/posts\/24555\/revisions"}],"wp:featuredmedia":[{"embeddable":true,"href":"https:\/\/ermdigital.com\/index.php\/wp-json\/wp\/v2\/media\/24556"}],"wp:attachment":[{"href":"https:\/\/ermdigital.com\/index.php\/wp-json\/wp\/v2\/media?parent=24555"}],"wp:term":[{"taxonomy":"category","embeddable":true,"href":"https:\/\/ermdigital.com\/index.php\/wp-json\/wp\/v2\/categories?post=24555"},{"taxonomy":"post_tag","embeddable":true,"href":"https:\/\/ermdigital.com\/index.php\/wp-json\/wp\/v2\/tags?post=24555"}],"curies":[{"name":"wp","href":"https:\/\/api.w.org\/{rel}","templated":true}]}}