{"id":24553,"date":"2026-04-26T15:15:41","date_gmt":"2026-04-26T19:15:41","guid":{"rendered":"https:\/\/ermdigital.com\/index.php\/2026\/04\/26\/francisco-javier-dice-gobierno-prm-obliga-a-parte-de-la-poblacion-a-ayuno-intermitente\/"},"modified":"2026-04-26T15:15:41","modified_gmt":"2026-04-26T19:15:41","slug":"francisco-javier-dice-gobierno-prm-obliga-a-parte-de-la-poblacion-a-ayuno-intermitente","status":"publish","type":"post","link":"https:\/\/ermdigital.com\/index.php\/2026\/04\/26\/francisco-javier-dice-gobierno-prm-obliga-a-parte-de-la-poblacion-a-ayuno-intermitente\/","title":{"rendered":"Francisco Javier dice gobierno PRM obliga a parte de la poblaci\u00f3n a \u201cayuno intermitente\u201d\u00a0"},"content":{"rendered":"<p><img loading=\"lazy\" decoding=\"async\" width=\"355\" height=\"200\" src=\"https:\/\/nuevodiario-assets.s3.us-east-2.amazonaws.com\/wp-content\/uploads\/2026\/02\/francisco-javier-355x200.webp\" class=\"webfeedsFeaturedVisual not-transparent wp-post-image\" alt=\"\" data-has-transparency=\"false\" data-dominant-color=\"5a365c\"><\/p>\n<p>EL NUEVO DIARIO, SANTO DOMINGO.- El precandidato presidencial del Partido de la Liberaci\u00f3n Dominicana (PLD), Francisco Javier Garc\u00eda, afirm\u00f3 que el gobierno del Partido Revolucionario Moderno (PRM) ha obligado a parte de la poblaci\u00f3n a recurrir al \u201cayuno intermitente\u201d, debido a la falta de recursos econ\u00f3micos para satisfacer sus necesidades alimenticias b\u00e1sicas.<\/p>\n<p>El tambi\u00e9n miembro del Comit\u00e9 Pol\u00edtico del PLD dijo que por esa raz\u00f3n el pueblo dominicano no puede permitirse que la referida organizaci\u00f3n pol\u00edtica contin\u00fae en el poder m\u00e1s all\u00e1 del 16 de agosto del a\u00f1o 2028.<\/p>\n<p>Sostuvo que la mayor\u00eda de los dominicanos vive una situaci\u00f3n de zozobra y de estr\u00e9s, motivado a la incapacidad de las autoridades gubernamentales de afrontar con \u00e9xito los principales males que agobian al pa\u00eds.<\/p>\n<p>Garc\u00eda se refiri\u00f3 al tema en reuniones que sostuvo con dirigentes pol\u00edticos y representantes de sectores sociales de varias demarcaciones de la provincia San Crist\u00f3bal, con quienes abord\u00f3 el panorama nacional durante m\u00e1s de diez horas.<\/p>\n<p>Indic\u00f3 que a la generalidad de la gente no le alcanza el presupuesto familiar para satisfacer las necesidades de la alimentaci\u00f3n, por motivo de los reiterados incrementos en los productos que integran la canasta b\u00e1sica.<\/p>\n<p>El aspirante presidencial dijo que durante los gobiernos peledeistas en la Rep\u00fablica Dominicana cualquier familia se alimentaba tres veces al d\u00eda, \u201cpero ahora mucha gente puede hacer en veinticuatro horas\u201d.<\/p>\n<p>Otra es que el gobierno del Partido Revolucionario Moderno agreg\u00f3, ha convertido, en desastres servicios que encontr\u00f3 bien, como la salud, la educaci\u00f3n, la electricidad y el sistema 911.<\/p>\n<p>La entrada <a href=\"https:\/\/elnuevodiario.com.do\/francisco-javier-dice-gobierno-prm-obliga-a-parte-de-la-poblacion-a-ayuno-intermitente\/\">Francisco Javier dice gobierno PRM obliga a parte de la poblaci\u00f3n a \u201cayuno intermitente\u201d<\/a> se public\u00f3 primero en <a href=\"https:\/\/elnuevodiario.com.do\/\">El Nuevo Diario (Rep\u00fablica Dominicana)<\/a>.<\/p>\n<p>\u200bEL NUEVO DIARIO, SANTO DOMINGO.- El precandidato presidencial del Partido de la Liberaci\u00f3n Dominicana (PLD), Francisco Javier Garc\u00eda, afirm\u00f3 que el gobierno del Partido Revolucionario Moderno (PRM) ha obligado a parte de la poblaci\u00f3n a recurrir al \u201cayuno intermitente\u201d, debido a la falta de recursos econ\u00f3micos para satisfacer sus necesidades alimenticias b\u00e1sicas. El tambi\u00e9n miembro<br \/>\nLa entrada Francisco Javier dice gobierno PRM obliga a parte de la poblaci\u00f3n a \u201cayuno intermitente\u201d se public\u00f3 primero en El Nuevo Diario (Rep\u00fablica Dominicana).\u00a0\u00a0Pol\u00edtica\u00a0<\/p>\n","protected":false},"excerpt":{"rendered":"<p>EL NUEVO DIARIO, SANTO DOMINGO.- El precandidato presidencial del Partido de la Liberaci\u00f3n Dominicana (PLD), Francisco Javier Garc\u00eda, afirm\u00f3 que el gobierno del Partido Revolucionario Moderno (PRM) ha obligado a parte de la poblaci\u00f3n a recurrir al \u201cayuno intermitente\u201d, debido a la falta de recursos econ\u00f3micos para satisfacer sus necesidades alimenticias b\u00e1sicas. El tambi\u00e9n miembro [&hellip;]<\/p>\n","protected":false},"author":1,"featured_media":24554,"comment_status":"open","ping_status":"open","sticky":false,"template":"","format":"standard","meta":{"amp_status":"","footnotes":""},"categories":[5],"tags":[],"class_list":["post-24553","post","type-post","status-publish","format-standard","has-post-thumbnail","hentry","category-politica"],"_links":{"self":[{"href":"https:\/\/ermdigital.com\/index.php\/wp-json\/wp\/v2\/posts\/24553","targetHints":{"allow":["GET"]}}],"collection":[{"href":"https:\/\/ermdigital.com\/index.php\/wp-json\/wp\/v2\/posts"}],"about":[{"href":"https:\/\/ermdigital.com\/index.php\/wp-json\/wp\/v2\/types\/post"}],"author":[{"embeddable":true,"href":"https:\/\/ermdigital.com\/index.php\/wp-json\/wp\/v2\/users\/1"}],"replies":[{"embeddable":true,"href":"https:\/\/ermdigital.com\/index.php\/wp-json\/wp\/v2\/comments?post=24553"}],"version-history":[{"count":0,"href":"https:\/\/ermdigital.com\/index.php\/wp-json\/wp\/v2\/posts\/24553\/revisions"}],"wp:featuredmedia":[{"embeddable":true,"href":"https:\/\/ermdigital.com\/index.php\/wp-json\/wp\/v2\/media\/24554"}],"wp:attachment":[{"href":"https:\/\/ermdigital.com\/index.php\/wp-json\/wp\/v2\/media?parent=24553"}],"wp:term":[{"taxonomy":"category","embeddable":true,"href":"https:\/\/ermdigital.com\/index.php\/wp-json\/wp\/v2\/categories?post=24553"},{"taxonomy":"post_tag","embeddable":true,"href":"https:\/\/ermdigital.com\/index.php\/wp-json\/wp\/v2\/tags?post=24553"}],"curies":[{"name":"wp","href":"https:\/\/api.w.org\/{rel}","templated":true}]}}