{"id":24523,"date":"2026-04-26T12:22:25","date_gmt":"2026-04-26T16:22:25","guid":{"rendered":"https:\/\/ermdigital.com\/index.php\/2026\/04\/26\/gobernadora-de-puerto-plata-dice-nuevos-modulos-en-playa-teco-convertiran-vendedores-en-empresarios\/"},"modified":"2026-04-26T12:22:25","modified_gmt":"2026-04-26T16:22:25","slug":"gobernadora-de-puerto-plata-dice-nuevos-modulos-en-playa-teco-convertiran-vendedores-en-empresarios","status":"publish","type":"post","link":"https:\/\/ermdigital.com\/index.php\/2026\/04\/26\/gobernadora-de-puerto-plata-dice-nuevos-modulos-en-playa-teco-convertiran-vendedores-en-empresarios\/","title":{"rendered":"Gobernadora de Puerto Plata dice nuevos m\u00f3dulos en Playa Teco \u201cconvertir\u00e1n vendedores en empresarios\u201d"},"content":{"rendered":"<p>Maim\u00f3n, Puerto Plata.\u2013 La gobernadora provincial, Claritza Rochtte Peralta, valor\u00f3 como altamente positiva la intervenci\u00f3n que realizar\u00e1 el Ministerio de Turismo en Playa Teco, donde este domingo se dar\u00e1 el primer picazo para la construcci\u00f3n de una plaza de vendedores y la adecuaci\u00f3n del entorno.<\/p>\n<p>La representante del Poder Ejecutivo expres\u00f3 que la comunidad se encuentra \u201cs\u00faper feliz\u201d con el inicio de los trabajos, al considerar que se trata de una playa de gran relevancia para el turismo nacional.<\/p>\n<blockquote class=\"wp-block-quote is-layout-flow wp-block-quote-is-layout-flow\">\n<p>\u201cPlaya Teco es una playa muy significativa, que ha sido acogida por los visitantes como suya. Estos m\u00f3dulos van a garantizar que estos empresarios, que ya son empresarios a partir del d\u00eda de hoy, puedan trabajar con firmeza y ofrecer un mejor servicio\u201d, afirm\u00f3.<\/p>\n<\/blockquote>\n<p>Rochtte Peralta sostuvo que el impacto econ\u00f3mico de la obra ser\u00e1 positivo no solo para Maim\u00f3n, sino tambi\u00e9n a nivel nacional, al dinamizar la llegada de visitantes y fortalecer la oferta tur\u00edstica de la provincia.<\/p>\n<p>Asimismo, adelant\u00f3 que el plan de intervenci\u00f3n incluye otras acciones en la zona, como la inauguraci\u00f3n de m\u00f3dulos en Playa Sos\u00faa, cuyos beneficiarios han recibido capacitaci\u00f3n financiera para operar como peque\u00f1os empresarios dentro del sector tur\u00edstico.<\/p>\n<p><strong><em>Te puede interesar: <a href=\"https:\/\/deultimominuto.net\/nacionales\/senadora-bournigal-remozamiento-de-playa-teco-tendra-un-impacto-100-positivo-en-puerto-plata\/\">Senadora Bournigal: remozamiento de Playa Teco tendr\u00e1 un impacto \u201c100% positivo\u201d en Puerto Plata<\/a><\/em><\/strong><\/p>\n<p>El ministro de Turismo, David Collado, encabezar\u00e1 este domingo el acto del primer picazo para el remozamiento de Playa Teco, como parte de los esfuerzos del Gobierno por continuar fortaleciendo la oferta tur\u00edstica de la costa norte.<\/p>\n<p>La intervenci\u00f3n en Playa Teco busca transformar este espacio natural en un destino m\u00e1s organizado, accesible y atractivo para visitantes nacionales y extranjeros.<\/p>\n<p>Playa Teco es reconocida por su belleza esc\u00e9nica, sus aguas tranquilas y su cercan\u00eda con la terminal de cruceros Amber Cove, lo que la posiciona como un punto estrat\u00e9gico para el impulso del turismo en la zona.<\/p>\n<p>\u200bMaim\u00f3n, Puerto Plata.\u2013 La gobernadora provincial, Claritza Rochtte Peralta, valor\u00f3 como altamente positiva la intervenci\u00f3n que realizar\u00e1 el Ministerio de Turismo en Playa Teco, donde este domingo se dar\u00e1 el primer picazo para la construcci\u00f3n de una plaza de vendedores y la adecuaci\u00f3n del entorno. La representante del Poder Ejecutivo expres\u00f3 que la comunidad se\u00a0\u00a0Nacionales, Deultimominuto, ElPeri\u00f3dicodelaVerdad, Gobernadora de Puerto Plata, Rep\u00fablica Dominicana\u00a0\u00a0<\/p>\n","protected":false},"excerpt":{"rendered":"<p>Maim\u00f3n, Puerto Plata.\u2013 La gobernadora provincial, Claritza Rochtte Peralta, valor\u00f3 como altamente positiva la intervenci\u00f3n que realizar\u00e1 el Ministerio de Turismo en Playa Teco, donde este domingo se dar\u00e1 el primer picazo para la construcci\u00f3n de una plaza de vendedores y la adecuaci\u00f3n del entorno. La representante del Poder Ejecutivo expres\u00f3 que la comunidad se [&hellip;]<\/p>\n","protected":false},"author":1,"featured_media":24524,"comment_status":"open","ping_status":"open","sticky":false,"template":"","format":"standard","meta":{"amp_status":"","footnotes":""},"categories":[3],"tags":[],"class_list":["post-24523","post","type-post","status-publish","format-standard","has-post-thumbnail","hentry","category-de-ultimo-minuto"],"_links":{"self":[{"href":"https:\/\/ermdigital.com\/index.php\/wp-json\/wp\/v2\/posts\/24523","targetHints":{"allow":["GET"]}}],"collection":[{"href":"https:\/\/ermdigital.com\/index.php\/wp-json\/wp\/v2\/posts"}],"about":[{"href":"https:\/\/ermdigital.com\/index.php\/wp-json\/wp\/v2\/types\/post"}],"author":[{"embeddable":true,"href":"https:\/\/ermdigital.com\/index.php\/wp-json\/wp\/v2\/users\/1"}],"replies":[{"embeddable":true,"href":"https:\/\/ermdigital.com\/index.php\/wp-json\/wp\/v2\/comments?post=24523"}],"version-history":[{"count":0,"href":"https:\/\/ermdigital.com\/index.php\/wp-json\/wp\/v2\/posts\/24523\/revisions"}],"wp:featuredmedia":[{"embeddable":true,"href":"https:\/\/ermdigital.com\/index.php\/wp-json\/wp\/v2\/media\/24524"}],"wp:attachment":[{"href":"https:\/\/ermdigital.com\/index.php\/wp-json\/wp\/v2\/media?parent=24523"}],"wp:term":[{"taxonomy":"category","embeddable":true,"href":"https:\/\/ermdigital.com\/index.php\/wp-json\/wp\/v2\/categories?post=24523"},{"taxonomy":"post_tag","embeddable":true,"href":"https:\/\/ermdigital.com\/index.php\/wp-json\/wp\/v2\/tags?post=24523"}],"curies":[{"name":"wp","href":"https:\/\/api.w.org\/{rel}","templated":true}]}}