{"id":24519,"date":"2026-04-26T12:30:24","date_gmt":"2026-04-26T16:30:24","guid":{"rendered":"https:\/\/ermdigital.com\/index.php\/2026\/04\/26\/presidente-abinader-ordena-ampliacion-a-4-carriles-de-la-autopista-ramon-caceres-por-peticion-del-ministro-andres-bautista\/"},"modified":"2026-04-26T12:30:24","modified_gmt":"2026-04-26T16:30:24","slug":"presidente-abinader-ordena-ampliacion-a-4-carriles-de-la-autopista-ramon-caceres-por-peticion-del-ministro-andres-bautista","status":"publish","type":"post","link":"https:\/\/ermdigital.com\/index.php\/2026\/04\/26\/presidente-abinader-ordena-ampliacion-a-4-carriles-de-la-autopista-ramon-caceres-por-peticion-del-ministro-andres-bautista\/","title":{"rendered":"Presidente Abinader ordena ampliaci\u00f3n a 4 carriles de la autopista Ram\u00f3n C\u00e1ceres por petici\u00f3n del ministro Andr\u00e9s Bautista"},"content":{"rendered":"<p>Moca, Espaillat. \u2013 Ante una petici\u00f3n motivada realizada por el ministro Administrativo de la Presidencia, Andr\u00e9s Bautista Garc\u00eda, el presidente Luis Abinader aprob\u00f3 e instruy\u00f3 al ministro de Obras P\u00fablicas, Eduardo Estrella, iniciar con car\u00e1cter urgente los estudios t\u00e9cnicos para ampliar a cuatro carriles la Autopista Ram\u00f3n C\u00e1ceres, la cual enlaza a Moca con la autopista Duarte constituyendo una v\u00eda estrat\u00e9gica para la movilidad de la provincia Espaillat y de toda la regi\u00f3n Norte.<\/p>\n<p>La obra busca elevar la seguridad vial, reducir tiempos de desplazamiento y dinamizar la actividad econ\u00f3mica entre Moca, Santiago y otras demarcaciones del Cibao.<\/p>\n<p>Esta intervenci\u00f3n forma parte del proyecto general de desarrollo urbano de Moca, que tambi\u00e9n contempla la construcci\u00f3n de la carretera de Monte de la Jagua, conectando el municipio con el Aeropuerto Internacional del Cibao, as\u00ed como la circunvalaci\u00f3n que enlazar\u00e1 Estancia Nueva con Guauc\u00ed, fortaleciendo la conexi\u00f3n con San Francisco de Macor\u00eds, Tenares, Salcedo, Moca y Santiago.<\/p>\n<p><strong><em>Te puede interesar: <a href=\"https:\/\/deultimominuto.net\/nacionales\/presidente-abinader-expresa-su-solidaridad-tras-ataque-contra-donald-trump-en-washington\/\">Presidente Abinader expresa su solidaridad tras ataque contra Donald Trump en Washington<\/a><\/em><\/strong><\/p>\n<p>Moca, reconocida como uno de los principales centros de producci\u00f3n agropecuaria del pa\u00eds, recibir\u00e1 con estas obras un impulso decisivo para su competitividad, crecimiento urbano y desarrollo log\u00edstico, consolidando su papel estrat\u00e9gico en la econom\u00eda nacional.<\/p>\n<p>\u200bMoca, Espaillat. \u2013 Ante una petici\u00f3n motivada realizada por el ministro Administrativo de la Presidencia, Andr\u00e9s Bautista Garc\u00eda, el presidente Luis Abinader aprob\u00f3 e instruy\u00f3 al ministro de Obras P\u00fablicas, Eduardo Estrella, iniciar con car\u00e1cter urgente los estudios t\u00e9cnicos para ampliar a cuatro carriles la Autopista Ram\u00f3n C\u00e1ceres, la cual enlaza a Moca con la\u00a0\u00a0Nacionales, Deultimominuto, ElPeri\u00f3dicodelaVerdad, Luis Abinader, Rep\u00fablica Dominicana\u00a0\u00a0<\/p>\n","protected":false},"excerpt":{"rendered":"<p>Moca, Espaillat. \u2013 Ante una petici\u00f3n motivada realizada por el ministro Administrativo de la Presidencia, Andr\u00e9s Bautista Garc\u00eda, el presidente Luis Abinader aprob\u00f3 e instruy\u00f3 al ministro de Obras P\u00fablicas, Eduardo Estrella, iniciar con car\u00e1cter urgente los estudios t\u00e9cnicos para ampliar a cuatro carriles la Autopista Ram\u00f3n C\u00e1ceres, la cual enlaza a Moca con la [&hellip;]<\/p>\n","protected":false},"author":1,"featured_media":24520,"comment_status":"open","ping_status":"open","sticky":false,"template":"","format":"standard","meta":{"amp_status":"","footnotes":""},"categories":[3],"tags":[],"class_list":["post-24519","post","type-post","status-publish","format-standard","has-post-thumbnail","hentry","category-de-ultimo-minuto"],"_links":{"self":[{"href":"https:\/\/ermdigital.com\/index.php\/wp-json\/wp\/v2\/posts\/24519","targetHints":{"allow":["GET"]}}],"collection":[{"href":"https:\/\/ermdigital.com\/index.php\/wp-json\/wp\/v2\/posts"}],"about":[{"href":"https:\/\/ermdigital.com\/index.php\/wp-json\/wp\/v2\/types\/post"}],"author":[{"embeddable":true,"href":"https:\/\/ermdigital.com\/index.php\/wp-json\/wp\/v2\/users\/1"}],"replies":[{"embeddable":true,"href":"https:\/\/ermdigital.com\/index.php\/wp-json\/wp\/v2\/comments?post=24519"}],"version-history":[{"count":0,"href":"https:\/\/ermdigital.com\/index.php\/wp-json\/wp\/v2\/posts\/24519\/revisions"}],"wp:featuredmedia":[{"embeddable":true,"href":"https:\/\/ermdigital.com\/index.php\/wp-json\/wp\/v2\/media\/24520"}],"wp:attachment":[{"href":"https:\/\/ermdigital.com\/index.php\/wp-json\/wp\/v2\/media?parent=24519"}],"wp:term":[{"taxonomy":"category","embeddable":true,"href":"https:\/\/ermdigital.com\/index.php\/wp-json\/wp\/v2\/categories?post=24519"},{"taxonomy":"post_tag","embeddable":true,"href":"https:\/\/ermdigital.com\/index.php\/wp-json\/wp\/v2\/tags?post=24519"}],"curies":[{"name":"wp","href":"https:\/\/api.w.org\/{rel}","templated":true}]}}