{"id":24489,"date":"2026-04-26T11:33:42","date_gmt":"2026-04-26T15:33:42","guid":{"rendered":"https:\/\/ermdigital.com\/index.php\/2026\/04\/26\/presidente-abinader-instruye-ampliacion-a-4-carriles-de-la-autopista-ramon-caceres\/"},"modified":"2026-04-26T11:33:42","modified_gmt":"2026-04-26T15:33:42","slug":"presidente-abinader-instruye-ampliacion-a-4-carriles-de-la-autopista-ramon-caceres","status":"publish","type":"post","link":"https:\/\/ermdigital.com\/index.php\/2026\/04\/26\/presidente-abinader-instruye-ampliacion-a-4-carriles-de-la-autopista-ramon-caceres\/","title":{"rendered":"Presidente Abinader instruye ampliaci\u00f3n a 4 carriles de la autopista Ram\u00f3n C\u00e1ceres"},"content":{"rendered":"<p><span class=\"field field--name-title field--type-string field--label-hidden\">Presidente Abinader instruye ampliaci\u00f3n a 4 carriles de la autopista Ram\u00f3n C\u00e1ceres<\/span><br \/>\n<span class=\"field field--name-uid field--type-entity-reference field--label-hidden\"><span>yamellrossi<\/span><\/span><br \/>\n<span class=\"field field--name-created field--type-created field--label-hidden\"><time datetime=\"2026-04-26T11:33:42-04:00\" title=\"Domingo, Abril 26, 2026 - 11:33\" class=\"datetime\">26 de  Abril 2026 | 11:33<\/time><br \/>\n<\/span><\/p>\n<div class=\"clearfix text-formatted field field--name-body field--type-text-with-summary field--label-hidden field__item\">\n<p class=\"text-align-justify\"><span>Moca.\u2013 Ante una petici\u00f3n realizada por <strong>Andr\u00e9s Bautista Garc\u00eda<\/strong>, ministro administrativo de la Presidencia, el <strong>presidente Luis Abinader <\/strong>aprob\u00f3 e instruy\u00f3 al ministro de Obras P\u00fablicas, <strong>Eduardo Estrella<\/strong>, iniciar con car\u00e1cter <strong>urgente<\/strong>\u00a0los estudios t\u00e9cnicos para la ampliaci\u00f3n a <strong>cuatro carriles de la autopista Ram\u00f3n C\u00e1ceres<\/strong>, la cual enlaza a Moca con la <strong>autopista Duarte, <\/strong>al constituir una <strong>v\u00eda estrat\u00e9gica<\/strong>\u00a0para la movilidad de la provincia Espaillat y de toda la regi\u00f3n Norte.<\/span><\/p>\n<p class=\"text-align-justify\"><span>La obra busca elevar la <strong>seguridad vial<\/strong>, reducir <strong>tiempos de desplazamiento<\/strong>\u00a0y dinamizar la <strong>actividad econ\u00f3mica<\/strong>\u00a0entre Moca, Santiago y otras demarcaciones del Cibao.<\/span><\/p>\n<p><img decoding=\"async\" data-entity-uuid=\"62289f70-1cfc-4130-8afd-fdc7ef12a33b\" data-entity-type=\"file\" src=\"https:\/\/www.presidencia.gob.do\/sites\/default\/files\/inline-images\/1001568991.jpg\" width=\"1373\" height=\"800\" loading=\"lazy\">\n<\/p>\n<p class=\"text-align-justify\"><span>Esta intervenci\u00f3n forma parte del <strong>proyecto general de desarrollo urbano de Moca<\/strong>, que tambi\u00e9n contempla la construcci\u00f3n de la <strong>carretera de Monte de la Jagua<\/strong>, para conectar el municipio con el <strong>Aeropuerto Internacional del Cibao<\/strong>, as\u00ed como la <strong>circunvalaci\u00f3n<\/strong>\u00a0que enlazar\u00e1 <strong>Estancia Nueva con Guauc\u00ed<\/strong>, lo cual fortalece la conexi\u00f3n con San Francisco de Macor\u00eds, Tenares, Salcedo, Moca y Santiago.<\/span><\/p>\n<p class=\"text-align-justify\"><span>Moca, reconocida como <strong>uno de los principales centros de producci\u00f3n agropecuaria<\/strong>\u00a0del pa\u00eds, recibir\u00e1 con estas obras un impulso decisivo para su <strong>competitividad, crecimiento urbano y desarrollo log\u00edstico<\/strong>, consolidando su papel estrat\u00e9gico en la econom\u00eda nacional.<\/span><\/p>\n<\/div>\n<div class=\"field field--name-field-image field--type-image field--label-hidden field__item\">  <img decoding=\"async\" loading=\"lazy\" src=\"https:\/\/www.presidencia.gob.do\/sites\/default\/files\/news\/2026-04\/1001569022.jpg\" width=\"1920\" height=\"1358\" alt=\"Presidente \"><\/p>\n<\/div>\n<p>\u00a0Presidente Abinader instruye ampliaci\u00f3n a 4 carriles de la autopista Ram\u00f3n C\u00e1ceres<br \/>\nyamellrossi<br \/>\n26 de  Abril 2026 | 11:33<\/p>\n<p>            Moca.\u2013 Ante una petici\u00f3n realizada por Andr\u00e9s Bautista Garc\u00eda, ministro administrativo de la Presidencia, el presidente Luis Abinader aprob\u00f3 e instruy\u00f3 al ministro de Obras P\u00fablicas, Eduardo Estrella, iniciar con car\u00e1cter urgente\u00a0los estudios t\u00e9cnicos para la ampliaci\u00f3n a cuatro carriles de la autopista Ram\u00f3n C\u00e1ceres, la cual enlaza a Moca con la autopista Duarte, al constituir una v\u00eda estrat\u00e9gica\u00a0para la movilidad de la provincia Espaillat y de toda la regi\u00f3n Norte.<br \/>\nLa obra busca elevar la seguridad vial, reducir tiempos de desplazamiento\u00a0y dinamizar la actividad econ\u00f3mica\u00a0entre Moca, Santiago y otras demarcaciones del Cibao.<\/p>\n<p>Esta intervenci\u00f3n forma parte del proyecto general de desarrollo urbano de Moca, que tambi\u00e9n contempla la construcci\u00f3n de la carretera de Monte de la Jagua, para conectar el municipio con el Aeropuerto Internacional del Cibao, as\u00ed como la circunvalaci\u00f3n\u00a0que enlazar\u00e1 Estancia Nueva con Guauc\u00ed, lo cual fortalece la conexi\u00f3n con San Francisco de Macor\u00eds, Tenares, Salcedo, Moca y Santiago.<br \/>\nMoca, reconocida como uno de los principales centros de producci\u00f3n agropecuaria\u00a0del pa\u00eds, recibir\u00e1 con estas obras un impulso decisivo para su competitividad, crecimiento urbano y desarrollo log\u00edstico, consolidando su papel estrat\u00e9gico en la econom\u00eda nacional.\u00a0\u00a0\u00a0<\/p>\n","protected":false},"excerpt":{"rendered":"<p>Presidente Abinader instruye ampliaci\u00f3n a 4 carriles de la autopista Ram\u00f3n C\u00e1ceres yamellrossi 26 de Abril 2026 | 11:33 Moca.\u2013 Ante una petici\u00f3n realizada por Andr\u00e9s Bautista Garc\u00eda, ministro administrativo de la Presidencia, el presidente Luis Abinader aprob\u00f3 e instruy\u00f3 al ministro de Obras P\u00fablicas, Eduardo Estrella, iniciar con car\u00e1cter urgente\u00a0los estudios t\u00e9cnicos para la [&hellip;]<\/p>\n","protected":false},"author":1,"featured_media":24490,"comment_status":"open","ping_status":"open","sticky":false,"template":"","format":"standard","meta":{"amp_status":"","footnotes":""},"categories":[8],"tags":[],"class_list":["post-24489","post","type-post","status-publish","format-standard","has-post-thumbnail","hentry","category-republica"],"_links":{"self":[{"href":"https:\/\/ermdigital.com\/index.php\/wp-json\/wp\/v2\/posts\/24489","targetHints":{"allow":["GET"]}}],"collection":[{"href":"https:\/\/ermdigital.com\/index.php\/wp-json\/wp\/v2\/posts"}],"about":[{"href":"https:\/\/ermdigital.com\/index.php\/wp-json\/wp\/v2\/types\/post"}],"author":[{"embeddable":true,"href":"https:\/\/ermdigital.com\/index.php\/wp-json\/wp\/v2\/users\/1"}],"replies":[{"embeddable":true,"href":"https:\/\/ermdigital.com\/index.php\/wp-json\/wp\/v2\/comments?post=24489"}],"version-history":[{"count":0,"href":"https:\/\/ermdigital.com\/index.php\/wp-json\/wp\/v2\/posts\/24489\/revisions"}],"wp:featuredmedia":[{"embeddable":true,"href":"https:\/\/ermdigital.com\/index.php\/wp-json\/wp\/v2\/media\/24490"}],"wp:attachment":[{"href":"https:\/\/ermdigital.com\/index.php\/wp-json\/wp\/v2\/media?parent=24489"}],"wp:term":[{"taxonomy":"category","embeddable":true,"href":"https:\/\/ermdigital.com\/index.php\/wp-json\/wp\/v2\/categories?post=24489"},{"taxonomy":"post_tag","embeddable":true,"href":"https:\/\/ermdigital.com\/index.php\/wp-json\/wp\/v2\/tags?post=24489"}],"curies":[{"name":"wp","href":"https:\/\/api.w.org\/{rel}","templated":true}]}}