{"id":24466,"date":"2026-04-26T10:42:19","date_gmt":"2026-04-26T14:42:19","guid":{"rendered":"https:\/\/ermdigital.com\/index.php\/2026\/04\/26\/hombre-en-pasola-arrebata-cadena-a-mujer-a-plena-luz-del-dia-en-el-centro-de-santiago\/"},"modified":"2026-04-26T10:42:19","modified_gmt":"2026-04-26T14:42:19","slug":"hombre-en-pasola-arrebata-cadena-a-mujer-a-plena-luz-del-dia-en-el-centro-de-santiago","status":"publish","type":"post","link":"https:\/\/ermdigital.com\/index.php\/2026\/04\/26\/hombre-en-pasola-arrebata-cadena-a-mujer-a-plena-luz-del-dia-en-el-centro-de-santiago\/","title":{"rendered":"Hombre en pasola arrebata cadena a mujer a plena luz del d\u00eda en el centro de Santiago"},"content":{"rendered":"<p>Santiago.- Una mujer fue v\u00edctima de un asalto la tarde de ayer s\u00e1bado cuando un hombre a bordo de una pasola le arrebat\u00f3 una cadena en plena v\u00eda p\u00fablica, en la intersecci\u00f3n de las calles Cuba y Sol, en el centro de la ciudad.<\/p>\n<p>El hecho, que qued\u00f3 captado por una c\u00e1mara de seguridad, muestra el momento en que el individuo se acerca r\u00e1pidamente a la v\u00edctima y le sustrae la prenda, para luego huir del lugar a alta velocidad.<\/p>\n<p>Testigos que transitaban por la zona presenciaron el suceso, ocurrido a plena luz del d\u00eda, lo que ha generado preocupaci\u00f3n entre ciudadanos por la creciente percepci\u00f3n de inseguridad en \u00e1reas c\u00e9ntricas.<\/p>\n<p><strong><em>Te puede interesar: <a href=\"https:\/\/deultimominuto.net\/nacionales\/abinader-recorre-feria-regional\/\">Abinader recorre Feria Regional del Libro Santiago 2026 y dispone su celebraci\u00f3n anual en el Cibao<\/a><\/em><\/strong><\/p>\n<p>Hasta el momento, no se ha informado sobre la identificaci\u00f3n o captura del responsable. Este incidente se suma a otros hechos similares registrados recientemente en el centro de Santiago, evidenciando los desaf\u00edos en materia de seguridad ciudadana en la zona.<\/p>\n<p>\u200bSantiago.- Una mujer fue v\u00edctima de un asalto la tarde de ayer s\u00e1bado cuando un hombre a bordo de una pasola le arrebat\u00f3 una cadena en plena v\u00eda p\u00fablica, en la intersecci\u00f3n de las calles Cuba y Sol, en el centro de la ciudad. El hecho, que qued\u00f3 captado por una c\u00e1mara de seguridad, muestra\u00a0\u00a0Nacionales, Deultimominuto, ElPeri\u00f3dicodelaVerdad, Rep\u00fablica Dominicana\u00a0\u00a0<\/p>\n","protected":false},"excerpt":{"rendered":"<p>Santiago.- Una mujer fue v\u00edctima de un asalto la tarde de ayer s\u00e1bado cuando un hombre a bordo de una pasola le arrebat\u00f3 una cadena en plena v\u00eda p\u00fablica, en la intersecci\u00f3n de las calles Cuba y Sol, en el centro de la ciudad. El hecho, que qued\u00f3 captado por una c\u00e1mara de seguridad, muestra [&hellip;]<\/p>\n","protected":false},"author":1,"featured_media":24467,"comment_status":"open","ping_status":"open","sticky":false,"template":"","format":"standard","meta":{"amp_status":"","footnotes":""},"categories":[3],"tags":[],"class_list":["post-24466","post","type-post","status-publish","format-standard","has-post-thumbnail","hentry","category-de-ultimo-minuto"],"_links":{"self":[{"href":"https:\/\/ermdigital.com\/index.php\/wp-json\/wp\/v2\/posts\/24466","targetHints":{"allow":["GET"]}}],"collection":[{"href":"https:\/\/ermdigital.com\/index.php\/wp-json\/wp\/v2\/posts"}],"about":[{"href":"https:\/\/ermdigital.com\/index.php\/wp-json\/wp\/v2\/types\/post"}],"author":[{"embeddable":true,"href":"https:\/\/ermdigital.com\/index.php\/wp-json\/wp\/v2\/users\/1"}],"replies":[{"embeddable":true,"href":"https:\/\/ermdigital.com\/index.php\/wp-json\/wp\/v2\/comments?post=24466"}],"version-history":[{"count":0,"href":"https:\/\/ermdigital.com\/index.php\/wp-json\/wp\/v2\/posts\/24466\/revisions"}],"wp:featuredmedia":[{"embeddable":true,"href":"https:\/\/ermdigital.com\/index.php\/wp-json\/wp\/v2\/media\/24467"}],"wp:attachment":[{"href":"https:\/\/ermdigital.com\/index.php\/wp-json\/wp\/v2\/media?parent=24466"}],"wp:term":[{"taxonomy":"category","embeddable":true,"href":"https:\/\/ermdigital.com\/index.php\/wp-json\/wp\/v2\/categories?post=24466"},{"taxonomy":"post_tag","embeddable":true,"href":"https:\/\/ermdigital.com\/index.php\/wp-json\/wp\/v2\/tags?post=24466"}],"curies":[{"name":"wp","href":"https:\/\/api.w.org\/{rel}","templated":true}]}}