{"id":24458,"date":"2026-04-26T11:16:15","date_gmt":"2026-04-26T15:16:15","guid":{"rendered":"https:\/\/ermdigital.com\/index.php\/2026\/04\/26\/comerciantes-de-playa-teco-respaldan-remozamiento-y-esperan-turismo-se-dinamice\/"},"modified":"2026-04-26T11:16:15","modified_gmt":"2026-04-26T15:16:15","slug":"comerciantes-de-playa-teco-respaldan-remozamiento-y-esperan-turismo-se-dinamice","status":"publish","type":"post","link":"https:\/\/ermdigital.com\/index.php\/2026\/04\/26\/comerciantes-de-playa-teco-respaldan-remozamiento-y-esperan-turismo-se-dinamice\/","title":{"rendered":"Comerciantes de Playa Teco respaldan remozamiento y esperan turismo se dinamice"},"content":{"rendered":"<p>Maim\u00f3n, Puerto Plata.\u2013 Comerciantes y trabajadores de Playa Teco valoraron como positiva la intervenci\u00f3n que realizar\u00e1 el Ministerio de Turismo en este balneario, al considerar que el proyecto representa una oportunidad para dinamizar la econom\u00eda local y mejorar las condiciones de trabajo en la zona.<\/p>\n<p>Teodoro Melo, presidente de la Asociaci\u00f3n de Fabricantes y Vendedores de Artesan\u00eda y Afines (ASOVAGUM) de Playa Teco, expres\u00f3 el entusiasmo del sector ante la obra. \u201cPara nosotros es de gran orgullo y satisfacci\u00f3n que el ministro y el presidente Luis Abinader nos hagan esta plaza para los vendedores, donde tanto lo hemos anhelado. Esto va a tener un impacto muy positivo, porque m\u00e1s de tres mil personas viven directa e indirectamente de esta playa y permitir\u00e1 dinamizar la econom\u00eda y atraer m\u00e1s visitantes, tanto de cruceros como nacionales e internacionales\u201d, afirm\u00f3.<\/p>\n<p>Juan Ortiz, fundador de la ASOVAGUM, destac\u00f3 que la comunidad se siente tomada en cuenta con la iniciativa encabezada por el ministro David Collado. Record\u00f3 que durante la pandemia Playa Teco fue clave para la provincia, al convertirse en uno de los principales espacios de recreaci\u00f3n abiertos al p\u00fablico.<\/p>\n<blockquote class=\"wp-block-quote is-layout-flow wp-block-quote-is-layout-flow\">\n<p>\u201cNos sentimos m\u00e1s optimistas que nunca. De aqu\u00ed dependen miles de familias y llevamos desde 2005 trabajando en esta playa\u201d, expres\u00f3, al tiempo que resalt\u00f3 mejoras previas como el asfaltado de la v\u00eda de acceso y la futura construcci\u00f3n de una plaza.<\/p>\n<\/blockquote>\n<p>Otros comerciantes coincidieron en que el remozamiento impulsar\u00e1 la llegada de visitantes. Vicky, trabajadora del \u00e1rea, asegur\u00f3 que el proyecto colocar\u00e1 a la playa \u201cen una buena posici\u00f3n\u201d y atraer\u00e1 m\u00e1s turismo, mientras que Francisco Javier se\u00f1al\u00f3 que actualmente reciben principalmente visitantes locales, pero espera que con la intervenci\u00f3n puedan captar al menos un porcentaje de turistas.<\/p>\n<p>En tanto, Norberto Gonz\u00e1lez valor\u00f3 la adecuaci\u00f3n de casetas y la organizaci\u00f3n del espacio como un paso necesario para ofrecer un mejor servicio, al tiempo que agradeci\u00f3 el respaldo a la comunidad, que apuesta por el desarrollo del turismo como principal sustento econ\u00f3mico.<\/p>\n<p>Playa Teco es reconocida por su belleza esc\u00e9nica, sus aguas tranquilas y su cercan\u00eda con la terminal de cruceros Amber Cove, lo que la posiciona como un punto estrat\u00e9gico para el impulso del turismo en la zona.<\/p>\n<figure class=\"wp-block-image size-large\"><img loading=\"lazy\" decoding=\"async\" width=\"1024\" height=\"576\" src=\"https:\/\/cdn.deultimominuto.net\/wp-content\/uploads\/2026\/04\/WhatsApp-Image-2026-04-26-at-10.51.14-AM-1-1024x576.jpeg\" alt=\"Comerciantes de Playa Teco respaldan remozamiento y esperan turismo se dinamice - Noticias de hoy en Rep\u00fablica Dominicana | De \u00daltimo Minuto\" class=\"wp-image-646252\" title=\"Comerciantes de Playa Teco respaldan remozamiento y esperan turismo se dinamice | 1 |\"><\/figure>\n<p>Con este proyecto, las autoridades procuran no solo mejorar la infraestructura, sino tambi\u00e9n garantizar la preservaci\u00f3n del entorno natural y dinamizar la econom\u00eda de Maim\u00f3n.<\/p>\n<p><strong><em>Te puede interesar: <a href=\"https:\/\/deultimominuto.net\/nacionales\/david-collado-encabezara-primer-picazo-para-remozamiento-de-playa-teco-en-puerto-plata\/\">David Collado encabezar\u00e1 primer picazo para remozamiento de Playa Teco en Puerto Plata<\/a><\/em><\/strong><\/p>\n<p>El primer picazo que se dar\u00e1 la ma\u00f1ana de este domingo estar\u00e1 encabezado por el ministro de Turismo David Collado y autoridades de Puerto Plata.<\/p>\n<p>\u200bMaim\u00f3n, Puerto Plata.\u2013 Comerciantes y trabajadores de Playa Teco valoraron como positiva la intervenci\u00f3n que realizar\u00e1 el Ministerio de Turismo en este balneario, al considerar que el proyecto representa una oportunidad para dinamizar la econom\u00eda local y mejorar las condiciones de trabajo en la zona. Teodoro Melo, presidente de la Asociaci\u00f3n de Fabricantes y Vendedores\u00a0\u00a0Nacionales, Deultimominuto, ElPeri\u00f3dicodelaVerdad, Playa Teco, Rep\u00fablica Dominicana\u00a0\u00a0<\/p>\n","protected":false},"excerpt":{"rendered":"<p>Maim\u00f3n, Puerto Plata.\u2013 Comerciantes y trabajadores de Playa Teco valoraron como positiva la intervenci\u00f3n que realizar\u00e1 el Ministerio de Turismo en este balneario, al considerar que el proyecto representa una oportunidad para dinamizar la econom\u00eda local y mejorar las condiciones de trabajo en la zona. Teodoro Melo, presidente de la Asociaci\u00f3n de Fabricantes y Vendedores [&hellip;]<\/p>\n","protected":false},"author":1,"featured_media":24459,"comment_status":"open","ping_status":"open","sticky":false,"template":"","format":"standard","meta":{"amp_status":"","footnotes":""},"categories":[3],"tags":[],"class_list":["post-24458","post","type-post","status-publish","format-standard","has-post-thumbnail","hentry","category-de-ultimo-minuto"],"_links":{"self":[{"href":"https:\/\/ermdigital.com\/index.php\/wp-json\/wp\/v2\/posts\/24458","targetHints":{"allow":["GET"]}}],"collection":[{"href":"https:\/\/ermdigital.com\/index.php\/wp-json\/wp\/v2\/posts"}],"about":[{"href":"https:\/\/ermdigital.com\/index.php\/wp-json\/wp\/v2\/types\/post"}],"author":[{"embeddable":true,"href":"https:\/\/ermdigital.com\/index.php\/wp-json\/wp\/v2\/users\/1"}],"replies":[{"embeddable":true,"href":"https:\/\/ermdigital.com\/index.php\/wp-json\/wp\/v2\/comments?post=24458"}],"version-history":[{"count":0,"href":"https:\/\/ermdigital.com\/index.php\/wp-json\/wp\/v2\/posts\/24458\/revisions"}],"wp:featuredmedia":[{"embeddable":true,"href":"https:\/\/ermdigital.com\/index.php\/wp-json\/wp\/v2\/media\/24459"}],"wp:attachment":[{"href":"https:\/\/ermdigital.com\/index.php\/wp-json\/wp\/v2\/media?parent=24458"}],"wp:term":[{"taxonomy":"category","embeddable":true,"href":"https:\/\/ermdigital.com\/index.php\/wp-json\/wp\/v2\/categories?post=24458"},{"taxonomy":"post_tag","embeddable":true,"href":"https:\/\/ermdigital.com\/index.php\/wp-json\/wp\/v2\/tags?post=24458"}],"curies":[{"name":"wp","href":"https:\/\/api.w.org\/{rel}","templated":true}]}}