{"id":24456,"date":"2026-04-26T11:18:53","date_gmt":"2026-04-26T15:18:53","guid":{"rendered":"https:\/\/ermdigital.com\/index.php\/2026\/04\/26\/senadora-bournigal-remozamiento-de-playa-teco-tendra-un-impacto-100-positivo-en-puerto-plata\/"},"modified":"2026-04-26T11:18:53","modified_gmt":"2026-04-26T15:18:53","slug":"senadora-bournigal-remozamiento-de-playa-teco-tendra-un-impacto-100-positivo-en-puerto-plata","status":"publish","type":"post","link":"https:\/\/ermdigital.com\/index.php\/2026\/04\/26\/senadora-bournigal-remozamiento-de-playa-teco-tendra-un-impacto-100-positivo-en-puerto-plata\/","title":{"rendered":"Senadora Bournigal: remozamiento de Playa Teco tendr\u00e1 un impacto \u201c100% positivo\u201d en Puerto Plata"},"content":{"rendered":"<p>Maim\u00f3n, Puerto Plata.\u2013 La senadora Ginette Bournigal valor\u00f3 como \u201cs\u00faper necesaria\u201d la intervenci\u00f3n que ejecutar\u00e1 el Ministerio de Turismo en Playa Teco, donde este domingo el ministro David Collado dejar\u00e1 iniciado el proyecto con el primer picazo.<\/p>\n<p>Bournigal sostuvo que la adecuaci\u00f3n del espacio, junto a la construcci\u00f3n de una plaza para vendedores, impactar\u00e1 directamente la econom\u00eda local.<\/p>\n<blockquote class=\"wp-block-quote is-layout-flow wp-block-quote-is-layout-flow\">\n<p>\u201cEn materia econ\u00f3mica, esto se traduce en un 100%. Ver esto adecuado, bonito, organizado, va a atraer m\u00e1s visitantes y dinamizar la zona\u201d, afirm\u00f3, al tiempo que abog\u00f3 por la continuaci\u00f3n de la carretera hacia Luper\u00f3n y Cambiaso, como parte del desarrollo integral de la costa.<\/p>\n<\/blockquote>\n<p>La legisladora destac\u00f3 que el remozamiento responde a una demanda de a\u00f1os de la provincia y forma parte de los esfuerzos del Gobierno, encabezado por el presidente Luis Abinader, para fortalecer el turismo en la zona. \u201cEsto era algo s\u00faper necesario. Aqu\u00ed viene una cantidad enorme de gente de Santiago, Maim\u00f3n, Puerto Plata y de todas partes, y esta playa, al igual que la de Sos\u00faa, tiene que tener otro aspecto\u201d, expres\u00f3.<\/p>\n<p>Asimismo, resalt\u00f3 que el orden y la limpieza ser\u00e1n claves para elevar la calidad del destino tur\u00edstico. Indic\u00f3 que, al igual que ocurri\u00f3 en otras playas intervenidas, los vendedores locales podr\u00e1n mantenerse en el \u00e1rea, pero bajo un esquema m\u00e1s organizado que permita mejorar los servicios y la experiencia de los visitantes.<\/p>\n<p><strong><em>Te puede interesar: <a href=\"https:\/\/deultimominuto.net\/nacionales\/david-collado-encabezara-primer-picazo-para-remozamiento-de-playa-teco-en-puerto-plata\/\">David Collado encabezar\u00e1 primer picazo para remozamiento de Playa Teco en Puerto Plata<\/a><\/em><\/strong><\/p>\n<p>El ministro de Turismo, David Collado, encabezar\u00e1 este domingo el acto del primer picazo para el remozamiento de Playa Teco, como parte de los esfuerzos del Gobierno por continuar fortaleciendo la oferta tur\u00edstica de la costa norte.<\/p>\n<p>La intervenci\u00f3n en Playa Teco busca transformar este espacio natural en un destino m\u00e1s organizado, accesible y atractivo para visitantes nacionales y extranjeros.<\/p>\n<p>\u200bMaim\u00f3n, Puerto Plata.\u2013 La senadora Ginette Bournigal valor\u00f3 como \u201cs\u00faper necesaria\u201d la intervenci\u00f3n que ejecutar\u00e1 el Ministerio de Turismo en Playa Teco, donde este domingo el ministro David Collado dejar\u00e1 iniciado el proyecto con el primer picazo. Bournigal sostuvo que la adecuaci\u00f3n del espacio, junto a la construcci\u00f3n de una plaza para vendedores, impactar\u00e1 directamente\u00a0\u00a0Nacionales, Deultimominuto, ElPeri\u00f3dicodelaVerdad, Playa Teco, Remozamiento, Rep\u00fablica Dominicana, Senadora Bournigal\u00a0\u00a0<\/p>\n","protected":false},"excerpt":{"rendered":"<p>Maim\u00f3n, Puerto Plata.\u2013 La senadora Ginette Bournigal valor\u00f3 como \u201cs\u00faper necesaria\u201d la intervenci\u00f3n que ejecutar\u00e1 el Ministerio de Turismo en Playa Teco, donde este domingo el ministro David Collado dejar\u00e1 iniciado el proyecto con el primer picazo. Bournigal sostuvo que la adecuaci\u00f3n del espacio, junto a la construcci\u00f3n de una plaza para vendedores, impactar\u00e1 directamente [&hellip;]<\/p>\n","protected":false},"author":1,"featured_media":24457,"comment_status":"open","ping_status":"open","sticky":false,"template":"","format":"standard","meta":{"amp_status":"","footnotes":""},"categories":[3],"tags":[],"class_list":["post-24456","post","type-post","status-publish","format-standard","has-post-thumbnail","hentry","category-de-ultimo-minuto"],"_links":{"self":[{"href":"https:\/\/ermdigital.com\/index.php\/wp-json\/wp\/v2\/posts\/24456","targetHints":{"allow":["GET"]}}],"collection":[{"href":"https:\/\/ermdigital.com\/index.php\/wp-json\/wp\/v2\/posts"}],"about":[{"href":"https:\/\/ermdigital.com\/index.php\/wp-json\/wp\/v2\/types\/post"}],"author":[{"embeddable":true,"href":"https:\/\/ermdigital.com\/index.php\/wp-json\/wp\/v2\/users\/1"}],"replies":[{"embeddable":true,"href":"https:\/\/ermdigital.com\/index.php\/wp-json\/wp\/v2\/comments?post=24456"}],"version-history":[{"count":0,"href":"https:\/\/ermdigital.com\/index.php\/wp-json\/wp\/v2\/posts\/24456\/revisions"}],"wp:featuredmedia":[{"embeddable":true,"href":"https:\/\/ermdigital.com\/index.php\/wp-json\/wp\/v2\/media\/24457"}],"wp:attachment":[{"href":"https:\/\/ermdigital.com\/index.php\/wp-json\/wp\/v2\/media?parent=24456"}],"wp:term":[{"taxonomy":"category","embeddable":true,"href":"https:\/\/ermdigital.com\/index.php\/wp-json\/wp\/v2\/categories?post=24456"},{"taxonomy":"post_tag","embeddable":true,"href":"https:\/\/ermdigital.com\/index.php\/wp-json\/wp\/v2\/tags?post=24456"}],"curies":[{"name":"wp","href":"https:\/\/api.w.org\/{rel}","templated":true}]}}