{"id":24446,"date":"2026-04-26T11:15:52","date_gmt":"2026-04-26T15:15:52","guid":{"rendered":"https:\/\/ermdigital.com\/index.php\/2026\/04\/26\/los-pirineos-se-estan-mediterranizando-a-marchas-forzadas-hay-3-dias-de-helada-menos-y-5-mas-de-verano-cada-decada\/"},"modified":"2026-04-26T11:15:52","modified_gmt":"2026-04-26T15:15:52","slug":"los-pirineos-se-estan-mediterranizando-a-marchas-forzadas-hay-3-dias-de-helada-menos-y-5-mas-de-verano-cada-decada","status":"publish","type":"post","link":"https:\/\/ermdigital.com\/index.php\/2026\/04\/26\/los-pirineos-se-estan-mediterranizando-a-marchas-forzadas-hay-3-dias-de-helada-menos-y-5-mas-de-verano-cada-decada\/","title":{"rendered":"Los Pirineos se est\u00e1n mediterranizando a marchas forzadas: hay 3 d\u00edas de helada menos y 5 m\u00e1s de verano cada d\u00e9cada"},"content":{"rendered":"<p>\n      <img decoding=\"async\" src=\"https:\/\/i.blogs.es\/9fafad\/ibonnn\/1024_2000.jpeg\" alt=\"Los Pirineos se est\u00e1n mediterranizando a marchas forzadas: hay 3 d\u00edas de helada menos y 5 m\u00e1s de verano cada d\u00e9cada \">\n    <\/p>\n<p>Las monta\u00f1as son uno de los primeros term\u00f3metros del planeta: responden antes, lo hacen intensamente y de forma m\u00e1s visible que cualquier otro ecosistema terrestre frente al calentamiento global. Lo que empieza ocurriendo en sus cumbres anticipa lo que llegar\u00e1 despu\u00e9s al resto. Los Pirineos no son una excepci\u00f3n, de hecho funcionan <a class=\"text-outboundlink\" href=\"https:\/\/www.xataka.com\/ecologia-y-naturaleza\/pirineos-se-han-convertido-enorme-laboratorio-meteorologico-lluvias-torrenciales-se-han-multiplicado-cuatro-espana\" data-vars-post-title=\"Los Pirineos se han convertido en un enorme laboratorio meteorol\u00f3gico: las lluvias torrenciales se han multiplicado por cuatro en Espa\u00f1a \" data-vars-post-url=\"https:\/\/www.xataka.com\/ecologia-y-naturaleza\/pirineos-se-han-convertido-enorme-laboratorio-meteorologico-lluvias-torrenciales-se-han-multiplicado-cuatro-espana\">como un enorme laboratorio natural<\/a>, uno de los m\u00e1s documentados en Europa. Y los datos que arrojan son de todo menos buenos.\u00a0<\/p>\n<p><!-- BREAK 1 --><\/p>\n<p>El <a rel=\"noopener, noreferrer\" href=\"https:\/\/opcc-ctp.org\/herramientas\/boletin-climatico-biccpir\/\">Bolet\u00edn de Indicadores de Cambio Clim\u00e1tico de los Pirineos<\/a> elaborado anualmente por Meteocat y coordinado por el Observatorio Pirenaico de Cambio Clim\u00e1tico (OPCC) lo confirma: el calentamiento de la cordillera no es algo puntual, sino estructural.\u00a0<\/p>\n<p><strong>Qu\u00e9 est\u00e1 pasando en los Pirineos<\/strong>. Que se est\u00e1n calentando de forma asim\u00e9trica y acelerada, con los veranos dispar\u00e1ndose a un ritmo que duplica al resto del a\u00f1o, lo que tiene consecuencias directas y diferentes en el ecosistema. Jordi Cunillera, responsable del equipo de cambio clim\u00e1tico de Meteocat, <a rel=\"noopener, noreferrer\" href=\"https:\/\/www.naiz.eus\/eu\/gaiak\/noticia\/20260415\/el-pirineo-pierde-tres-dias-de-helada-y-gana-cinco-de-verano-cada-decada-segun-un-estudio\">va todav\u00eda m\u00e1s al detalle<\/a>: en la vertiente sur la tendencia es adem\u00e1s m\u00e1s seca, a\u00f1adiendo una presi\u00f3n h\u00eddrica adicional sobre los ecosistemas meridionales.<\/p>\n<p><!-- BREAK 2 --><\/p>\n<p><strong>En datos<\/strong>. La lista de indicadores y los 65 a\u00f1os de monitorizaci\u00f3n devuelven tendencias claras y preocupantes.\u00a0<\/p>\n<p>Desde 1959 hasta 2024:<\/p>\n<ul>\n<li>Aumento de la temperatura media anual de 1,9 \u00b0C.<\/li>\n<li>Por estaciones: mientras que en invierno el aumento ha sido de 1,4 \u00b0C, en verano ha sido casi el doble (+ 2,7 \u00b0C)<\/li>\n<li>Aumento constante de las noches tropicales.<\/li>\n<li>Hay 20 d\u00edas menos de helada y 32 d\u00edas m\u00e1s de verano al a\u00f1o.\u00a0<\/li>\n<\/ul>\n<p>Cada d\u00e9cada:<\/p>\n<ul>\n<li>Hay 3 d\u00edas menos de helada con inviernos m\u00e1s fr\u00edos<\/li>\n<li>Hay 4,9 d\u00edas m\u00e1s de verano \u00a0(temperatura superior a 25 \u00baC).<\/li>\n<li>La temperatura aumenta +0,30 \u00baC.<\/li>\n<\/ul>\n<p><strong>Por qu\u00e9 es importante<\/strong>. Primero por la solidez de la investigaci\u00f3n: no mide variabilidad puntual, sino la transformaci\u00f3n estructural y acumulada del clima pirenaico durante 65 a\u00f1os. Los Pirineos son una isla clim\u00e1tica para especies alpinas que no tienen capacidad para migrar m\u00e1s al norte o a m\u00e1s altura, una aut\u00e9ntica joya en flora y fauna con <a rel=\"noopener, noreferrer\" href=\"https:\/\/es.wikipedia.org\/wiki\/Endemismo\">endemismos<\/a> particularmente sensibles y vulnerables a cambios de temperatura. Gracias a su orograf\u00eda accidentada ha podido preservar ciertos espacios de la actividad humana directa (desde tur\u00edstica a agropecuaria), pero no puede escapar de este efecto indirecto.\u00a0<\/p>\n<p><!-- BREAK 3 --><\/p>\n<p>Por otro lado los Pirineos tambi\u00e9n son un grifo para el sur de Europa: la nieve y el hielo acumulados alimentan durante el estiaje a r\u00edos como el Ebro, el Segre o el Garona, de cuyo caudal dependen millones de personas, hect\u00e1reas de regad\u00edo y ecosistemas fluviales. Es cierto que las precipitaciones se mantienen estables, pero si hace m\u00e1s calor el estr\u00e9s h\u00eddrico aumenta: la evapotranspiraci\u00f3n se dispara, el suelo pierde humedad m\u00e1s r\u00e1pido y los ecosistemas terrestres entran en situaci\u00f3n de d\u00e9ficit h\u00eddrico estival progresivo. El sistema empeora su resiliencia frente a perturbaciones, como por ejemplo incendios.<\/p>\n<div class=\"article-asset article-asset-normal article-asset-center\">\n<div class=\"desvio-container\">\n<div class=\"desvio\">\n<div class=\"desvio-figure js-desvio-figure\">\n    <a href=\"https:\/\/www.xataka.com\/ecologia-y-naturaleza\/islandia-era-ultimo-gran-refugio-planeta-mosquitos-unos-vasos-vino-tinto-confirmo-fin-tregua\" class=\"pivot-outboundlink\" data-vars-post-title=\"Decenas de miles de a\u00f1os despu\u00e9s, los mosquitos han conquistado una de sus \u00faltimas fronteras de la Tierra: Islandia\"><br \/>\n     <img loading=\"lazy\" decoding=\"async\" alt=\"Decenas de miles de a\u00f1os despu\u00e9s, los mosquitos han conquistado una de sus \u00faltimas fronteras de la Tierra: Islandia\" width=\"375\" height=\"142\" src=\"https:\/\/i.blogs.es\/a0ac67\/photo-1536009165219-81b85c3d8ca2\/375_142.jpeg\"><br \/>\n    <\/a>\n   <\/div>\n<div class=\"desvio-summary\">\n<div class=\"desvio-taxonomy js-desvio-taxonomy\">\n     <a href=\"https:\/\/www.xataka.com\/ecologia-y-naturaleza\/islandia-era-ultimo-gran-refugio-planeta-mosquitos-unos-vasos-vino-tinto-confirmo-fin-tregua\" class=\"desvio-taxonomy-anchor pivot-outboundlink\" data-vars-post-title=\"Decenas de miles de a\u00f1os despu\u00e9s, los mosquitos han conquistado una de sus \u00faltimas fronteras de la Tierra: Islandia\">En Xataka<\/a>\n    <\/div>\n<p>    <a href=\"https:\/\/www.xataka.com\/ecologia-y-naturaleza\/islandia-era-ultimo-gran-refugio-planeta-mosquitos-unos-vasos-vino-tinto-confirmo-fin-tregua\" class=\"desvio-title js-desvio-title pivot-outboundlink\" data-vars-post-title=\"Decenas de miles de a\u00f1os despu\u00e9s, los mosquitos han conquistado una de sus \u00faltimas fronteras de la Tierra: Islandia\">Decenas de miles de a\u00f1os despu\u00e9s, los mosquitos han conquistado una de sus \u00faltimas fronteras de la Tierra: Islandia<\/a>\n   <\/div>\n<\/p><\/div>\n<\/p><\/div>\n<\/div>\n<p><strong>Contexto<\/strong>. El estudio se enmarca en la labor de la Comunidad de Trabajo de los Pirineos, que a trav\u00e9s del Observatorio Pirenaico del Cambio Clim\u00e1tico busca unificar los datos de los estados espa\u00f1ol, franc\u00e9s y andorrano mediante el proyecto LIFE <a rel=\"noopener, noreferrer\" href=\"https:\/\/www.pirineos-pyrenees.eu\/pyrenees4clima-proyecto-life\/\">Pyrenees4Clima<\/a>. Este esfuerzo de cooperaci\u00f3n internacional es esencial en tanto en cuanto los ecosistemas no entienden de fronteras pol\u00edticas y el cambio clim\u00e1tico requiere de acciones conjuntas. Adem\u00e1s de la monitorizaci\u00f3n clim\u00e1tica, su objetivo es implementar la <a rel=\"noopener, noreferrer\" href=\"https:\/\/www.opcc-ctp.org\/sites\/default\/files\/documentacion\/estrategia_es.pdf\">Estrategia Pirenaica del Cambio Clim\u00e1tico<\/a>, la primera iniciativa europea de este tipo dise\u00f1ada espec\u00edficamente para una bioregi\u00f3n de monta\u00f1a transfronteriza.<\/p>\n<p><!-- BREAK 4 --><\/p>\n<p>El proyecto ha establecido 16 recomendaciones clave, entre ellas un \"Protocolo Pirenaico de Emergencias Forestales\" para compartir cartograf\u00eda, datos meteorol\u00f3gicos y comunicaci\u00f3n de crisis. El informe destaca que las diferencias en normativa entre los tres estados ralentizan la respuesta, por lo que instan a la interoperabilidad de medios f\u00edsicos y mejorar los protocolos para ser m\u00e1s resilientes frente al cambio clim\u00e1tico.\u00a0<\/p>\n<div class=\"article-asset-video article-asset-normal\">\n<div class=\"asset-content\">\n<div class=\"base-asset-video\">\n<div class=\"js-dailymotion\"><\/div>\n<\/p><\/div>\n<\/p><\/div>\n<\/div>\n<p><strong>C\u00f3mo lo miden<\/strong>. La robustez cient\u00edfica de estos resultados se basa en el an\u00e1lisis de 12 series de temperatura y 26 series de precipitaci\u00f3n de alta calidad, distribuidas estrat\u00e9gicamente por toda la cordillera. Los diferentes equipos de investigaci\u00f3n utilizan el periodo 1961-1990 como referencia hist\u00f3rica para calcular las anomal\u00edas y asegurar que las tendencias observadas son estad\u00edsticamente significativas.\u00a0<\/p>\n<p><!-- BREAK 5 --><\/p>\n<p>El equipo de trabajo est\u00e1 liderado por el Meteocat y cuenta con la colaboraci\u00f3n de organismos afectados como AEMET, M\u00e9t\u00e9o-France, el Servicio Meteorol\u00f3gico de Andorra, IPE-CSIC o Euskalmet para un visionado completo y unificado. Entre los indicadores estudiados est\u00e1 la temperatura media anual, variaci\u00f3n estacional, d\u00edas de helada, d\u00edas de verano, noches tropicales, rachas c\u00e1lidas y fr\u00edas o el estr\u00e9s h\u00eddrico. Estos indicadores responden a definiciones estandarizadas internacionalmente por la Organizaci\u00f3n Meteorol\u00f3gica Mundial, lo que permite comparar con otros estudios de alta monta\u00f1a europeos.\u00a0<\/p>\n<p><!-- BREAK 6 --><\/p>\n<p><strong>El impacto en el ecosistema<\/strong>. Uno de los efectos m\u00e1s graves es la anoxia en los lagos de monta\u00f1a: al calentarse el agua superficial y reducirse el hielo invernal, se rompe el ciclo natural de mezcla del agua, dejando el fondo sin ox\u00edgeno. Este fen\u00f3meno pone en riesgo la supervivencia de invertebrados y microorganismos que, la base de la cadena tr\u00f3fica en estos ecosistemas acu\u00e1ticos sensibles, algo que por ejemplo est\u00e1 pasando <a rel=\"noopener, noreferrer\" href=\"https:\/\/www.heraldo.es\/noticias\/aragon\/huesca\/2025\/08\/20\/los-ibones-pirineo-se-calientan-mas-20-grados-un-verano-mucha-presion-turistica-1848050.html\">en el Ib\u00f3n de Marbor\u00e9<\/a>, en el Pirineo aragon\u00e9s. Los glaciares pirenaicos han perdido el 96% de su superficie glaciar desde el siglo XV y el futuro pinta a\u00fan m\u00e1s negro: el 4% se <a rel=\"noopener, noreferrer\" href=\"https:\/\/www.agenciasinc.es\/Noticias\/Los-glaciares-de-los-Pirineos-desapareceran-en-menos-de-50-anos\">habr\u00e1 extinguido para 2050<\/a>.\u00a0<\/p>\n<p><!-- BREAK 7 --><\/p>\n<p>Por otro lado, el calor m\u00e1s intenso est\u00e1 provocando que la nieve se funda antes por la llegada de intrusiones de polvo sahariano asociadas a masas de aire c\u00e1lido procedentes de \u00c1frica: cuando sobre la superficie de la nieve se depositan part\u00edculas de polvo, esta absorbe m\u00e1s energ\u00eda en lugar de reflejarla, acelerando as\u00ed su fusi\u00f3n, como <a rel=\"noopener, noreferrer\" href=\"https:\/\/www.tiempo.com\/noticias\/actualidad\/los-pirineos-sufren-mas-los-efectos-del-cambio-climatico-cada-decada-pierden-3-dias-de-heladas-y-ganan-5-dias-de-verano.html\">explica Meteored<\/a>. Adem\u00e1s de un indicador clim\u00e1tico, que desaparezca la criosfera pirenaica supone la destrucci\u00f3n irreversible de un h\u00e1bitat y de una funci\u00f3n hidrol\u00f3gica sobre la que descansa toda la cadena de ecosistemas, desde lagos de alta monta\u00f1a hasta humedales que hay muchos kil\u00f3metros m\u00e1s adelante.\u00a0<\/p>\n<p><!-- BREAK 8 --><\/p>\n<p><\/p>\n<p>En Xataka | <a class=\"text-outboundlink\" href=\"https:\/\/www.xataka.com\/ecologia-y-naturaleza\/queremos-saber-como-afectara-cambio-climatico-a-pirineos-no-hay-que-fijarse-calor-nive-hay-que-estudiar-cuevas\" data-vars-post-title=\"Si queremos saber c\u00f3mo afectar\u00e1 el cambio clim\u00e1tico a los Pirineos no hay que fijarse en el calor o en la nive. Hay que estudiar las cuevas\" data-vars-post-url=\"https:\/\/www.xataka.com\/ecologia-y-naturaleza\/queremos-saber-como-afectara-cambio-climatico-a-pirineos-no-hay-que-fijarse-calor-nive-hay-que-estudiar-cuevas\">Si queremos saber c\u00f3mo afectar\u00e1 el cambio clim\u00e1tico a los Pirineos no hay que fijarse en el calor o en la nive. Hay que estudiar las cuevas<\/a><\/p>\n<p><!-- BREAK 9 --><\/p>\n<p>En Xataka |\u00a0<a class=\"text-outboundlink\" href=\"https:\/\/www.xataka.com\/ecologia-y-naturaleza\/pirineos-se-han-convertido-enorme-laboratorio-meteorologico-lluvias-torrenciales-se-han-multiplicado-cuatro-espana\" data-vars-post-title=\"Los Pirineos se han convertido en un enorme laboratorio meteorol\u00f3gico: las lluvias torrenciales se han multiplicado por cuatro en Espa\u00f1a \" data-vars-post-url=\"https:\/\/www.xataka.com\/ecologia-y-naturaleza\/pirineos-se-han-convertido-enorme-laboratorio-meteorologico-lluvias-torrenciales-se-han-multiplicado-cuatro-espana\">Los Pirineos se han convertido en un enorme laboratorio meteorol\u00f3gico: las lluvias torrenciales se han multiplicado por cuatro en Espa\u00f1a<\/a><\/p>\n<p>Portada | <a rel=\"noopener, noreferrer\" href=\"https:\/\/es.wikipedia.org\/wiki\/Ibones_de_Anayet#\/media\/Archivo:Ibons_d'Anayet.jpg\">jolumurcia<\/a> y <a rel=\"noopener, noreferrer\" href=\"https:\/\/commons.wikimedia.org\/wiki\/User:Myrabella\" title=\"User:Myrabella\">Myrabella<\/a>\u00a0<\/p>\n<p><\/p>\n<p> &#8211; <br \/> La noticia<br \/>\n      <a href=\"https:\/\/www.xataka.com\/ecologia-y-naturaleza\/pirineos-se-estan-mediterranizando-a-marchas-forzadas-hay-3-dias-helada-5-verano-cada-decada?utm_source=feedburner&amp;utm_medium=feed&amp;utm_campaign=26_Apr_2026\"><br \/>\n       <em> Los Pirineos se est\u00e1n mediterranizando a marchas forzadas: hay 3 d\u00edas de helada menos y 5 m\u00e1s de verano cada d\u00e9cada  <\/em><br \/>\n      <\/a><br \/>\n      fue publicada originalmente en<br \/>\n      <a href=\"https:\/\/www.xataka.com\/?utm_source=feedburner&amp;utm_medium=feed&amp;utm_campaign=26_Apr_2026\"><br \/>\n       <strong> Xataka <\/strong><br \/>\n      <\/a><br \/>\n             por<br \/>\n               <a href=\"https:\/\/www.xataka.com\/autor\/eva-rodriguez?utm_source=feedburner&amp;utm_medium=feed&amp;utm_campaign=26_Apr_2026\"><br \/>\n        Eva R. de Luis<br \/>\n        <\/a><br \/>\n             . <\/p>\n<p>\u00a0Las monta\u00f1as son uno de los primeros term\u00f3metros del planeta: responden antes, lo hacen intensamente y de forma m\u00e1s visible que cualquier otro ecosistema terrestre frente al calentamiento global. Lo que empieza ocurriendo en sus cumbres anticipa lo que llegar\u00e1 despu\u00e9s al resto. Los Pirineos no son una excepci\u00f3n, de hecho funcionan como un enorme laboratorio natural, uno de los m\u00e1s documentados en Europa. Y los datos que arrojan son de todo menos buenos.\u00a0<br \/>\nEl Bolet\u00edn de Indicadores de Cambio Clim\u00e1tico de los Pirineos elaborado anualmente por Meteocat y coordinado por el Observatorio Pirenaico de Cambio Clim\u00e1tico (OPCC) lo confirma: el calentamiento de la cordillera no es algo puntual, sino estructural.\u00a0<br \/>\nQu\u00e9 est\u00e1 pasando en los Pirineos. Que se est\u00e1n calentando de forma asim\u00e9trica y acelerada, con los veranos dispar\u00e1ndose a un ritmo que duplica al resto del a\u00f1o, lo que tiene consecuencias directas y diferentes en el ecosistema. Jordi Cunillera, responsable del equipo de cambio clim\u00e1tico de Meteocat, va todav\u00eda m\u00e1s al detalle: en la vertiente sur la tendencia es adem\u00e1s m\u00e1s seca, a\u00f1adiendo una presi\u00f3n h\u00eddrica adicional sobre los ecosistemas meridionales.<br \/>\nEn datos. La lista de indicadores y los 65 a\u00f1os de monitorizaci\u00f3n devuelven tendencias claras y preocupantes.\u00a0<br \/>\nDesde 1959 hasta 2024:<br \/>\nAumento de la temperatura media anual de 1,9 \u00b0C.Por estaciones: mientras que en invierno el aumento ha sido de 1,4 \u00b0C, en verano ha sido casi el doble (+ 2,7 \u00b0C)Aumento constante de las noches tropicales.Hay 20 d\u00edas menos de helada y 32 d\u00edas m\u00e1s de verano al a\u00f1o.\u00a0<br \/>\nCada d\u00e9cada:<br \/>\nHay 3 d\u00edas menos de helada con inviernos m\u00e1s fr\u00edosHay 4,9 d\u00edas m\u00e1s de verano \u00a0(temperatura superior a 25 \u00baC).La temperatura aumenta +0,30 \u00baC.<br \/>\nPor qu\u00e9 es importante. Primero por la solidez de la investigaci\u00f3n: no mide variabilidad puntual, sino la transformaci\u00f3n estructural y acumulada del clima pirenaico durante 65 a\u00f1os. Los Pirineos son una isla clim\u00e1tica para especies alpinas que no tienen capacidad para migrar m\u00e1s al norte o a m\u00e1s altura, una aut\u00e9ntica joya en flora y fauna con endemismos particularmente sensibles y vulnerables a cambios de temperatura. Gracias a su orograf\u00eda accidentada ha podido preservar ciertos espacios de la actividad humana directa (desde tur\u00edstica a agropecuaria), pero no puede escapar de este efecto indirecto.\u00a0<br \/>\nPor otro lado los Pirineos tambi\u00e9n son un grifo para el sur de Europa: la nieve y el hielo acumulados alimentan durante el estiaje a r\u00edos como el Ebro, el Segre o el Garona, de cuyo caudal dependen millones de personas, hect\u00e1reas de regad\u00edo y ecosistemas fluviales. Es cierto que las precipitaciones se mantienen estables, pero si hace m\u00e1s calor el estr\u00e9s h\u00eddrico aumenta: la evapotranspiraci\u00f3n se dispara, el suelo pierde humedad m\u00e1s r\u00e1pido y los ecosistemas terrestres entran en situaci\u00f3n de d\u00e9ficit h\u00eddrico estival progresivo. El sistema empeora su resiliencia frente a perturbaciones, como por ejemplo incendios.<\/p>\n<p>     En Xataka<\/p>\n<p>    Decenas de miles de a\u00f1os despu\u00e9s, los mosquitos han conquistado una de sus \u00faltimas fronteras de la Tierra: Islandia<\/p>\n<p>Contexto. El estudio se enmarca en la labor de la Comunidad de Trabajo de los Pirineos, que a trav\u00e9s del Observatorio Pirenaico del Cambio Clim\u00e1tico busca unificar los datos de los estados espa\u00f1ol, franc\u00e9s y andorrano mediante el proyecto LIFE Pyrenees4Clima. Este esfuerzo de cooperaci\u00f3n internacional es esencial en tanto en cuanto los ecosistemas no entienden de fronteras pol\u00edticas y el cambio clim\u00e1tico requiere de acciones conjuntas. Adem\u00e1s de la monitorizaci\u00f3n clim\u00e1tica, su objetivo es implementar la Estrategia Pirenaica del Cambio Clim\u00e1tico, la primera iniciativa europea de este tipo dise\u00f1ada espec\u00edficamente para una bioregi\u00f3n de monta\u00f1a transfronteriza.<br \/>\nEl proyecto ha establecido 16 recomendaciones clave, entre ellas un \"Protocolo Pirenaico de Emergencias Forestales\" para compartir cartograf\u00eda, datos meteorol\u00f3gicos y comunicaci\u00f3n de crisis. El informe destaca que las diferencias en normativa entre los tres estados ralentizan la respuesta, por lo que instan a la interoperabilidad de medios f\u00edsicos y mejorar los protocolos para ser m\u00e1s resilientes frente al cambio clim\u00e1tico.\u00a0<\/p>\n<p>C\u00f3mo lo miden. La robustez cient\u00edfica de estos resultados se basa en el an\u00e1lisis de 12 series de temperatura y 26 series de precipitaci\u00f3n de alta calidad, distribuidas estrat\u00e9gicamente por toda la cordillera. Los diferentes equipos de investigaci\u00f3n utilizan el periodo 1961-1990 como referencia hist\u00f3rica para calcular las anomal\u00edas y asegurar que las tendencias observadas son estad\u00edsticamente significativas.\u00a0<\/p>\n<p>El equipo de trabajo est\u00e1 liderado por el Meteocat y cuenta con la colaboraci\u00f3n de organismos afectados como AEMET, M\u00e9t\u00e9o-France, el Servicio Meteorol\u00f3gico de Andorra, IPE-CSIC o Euskalmet para un visionado completo y unificado. Entre los indicadores estudiados est\u00e1 la temperatura media anual, variaci\u00f3n estacional, d\u00edas de helada, d\u00edas de verano, noches tropicales, rachas c\u00e1lidas y fr\u00edas o el estr\u00e9s h\u00eddrico. Estos indicadores responden a definiciones estandarizadas internacionalmente por la Organizaci\u00f3n Meteorol\u00f3gica Mundial, lo que permite comparar con otros estudios de alta monta\u00f1a europeos.\u00a0<\/p>\n<p>El impacto en el ecosistema. Uno de los efectos m\u00e1s graves es la anoxia en los lagos de monta\u00f1a: al calentarse el agua superficial y reducirse el hielo invernal, se rompe el ciclo natural de mezcla del agua, dejando el fondo sin ox\u00edgeno. Este fen\u00f3meno pone en riesgo la supervivencia de invertebrados y microorganismos que, la base de la cadena tr\u00f3fica en estos ecosistemas acu\u00e1ticos sensibles, algo que por ejemplo est\u00e1 pasando en el Ib\u00f3n de Marbor\u00e9, en el Pirineo aragon\u00e9s. Los glaciares pirenaicos han perdido el 96% de su superficie glaciar desde el siglo XV y el futuro pinta a\u00fan m\u00e1s negro: el 4% se habr\u00e1 extinguido para 2050.\u00a0<\/p>\n<p>Por otro lado, el calor m\u00e1s intenso est\u00e1 provocando que la nieve se funda antes por la llegada de intrusiones de polvo sahariano asociadas a masas de aire c\u00e1lido procedentes de \u00c1frica: cuando sobre la superficie de la nieve se depositan part\u00edculas de polvo, esta absorbe m\u00e1s energ\u00eda en lugar de reflejarla, acelerando as\u00ed su fusi\u00f3n, como explica Meteored. Adem\u00e1s de un indicador clim\u00e1tico, que desaparezca la criosfera pirenaica supone la destrucci\u00f3n irreversible de un h\u00e1bitat y de una funci\u00f3n hidrol\u00f3gica sobre la que descansa toda la cadena de ecosistemas, desde lagos de alta monta\u00f1a hasta humedales que hay muchos kil\u00f3metros m\u00e1s adelante.\u00a0<\/p>\n<p>En Xataka | Si queremos saber c\u00f3mo afectar\u00e1 el cambio clim\u00e1tico a los Pirineos no hay que fijarse en el calor o en la nive. Hay que estudiar las cuevas<\/p>\n<p>En Xataka |\u00a0Los Pirineos se han convertido en un enorme laboratorio meteorol\u00f3gico: las lluvias torrenciales se han multiplicado por cuatro en Espa\u00f1a<\/p>\n<p>Portada | jolumurcia y Myrabella\u00a0<\/p>\n<p>                 &#8211;  La noticia<\/p>\n<p>        Los Pirineos se est\u00e1n mediterranizando a marchas forzadas: hay 3 d\u00edas de helada menos y 5 m\u00e1s de verano cada d\u00e9cada  <\/p>\n<p>      fue publicada originalmente en<\/p>\n<p>        Xataka <\/p>\n<p>             por <\/p>\n<p>        Eva R. de Luis<\/p>\n<p>             .\u00a0\u00a0\u00a0<\/p>\n","protected":false},"excerpt":{"rendered":"<p>Las monta\u00f1as son uno de los primeros term\u00f3metros del planeta: responden antes, lo hacen intensamente y de forma m\u00e1s visible que cualquier otro ecosistema terrestre frente al calentamiento global. Lo que empieza ocurriendo en sus cumbres anticipa lo que llegar\u00e1 despu\u00e9s al resto. Los Pirineos no son una excepci\u00f3n, de hecho funcionan como un enorme [&hellip;]<\/p>\n","protected":false},"author":1,"featured_media":24447,"comment_status":"open","ping_status":"open","sticky":false,"template":"","format":"standard","meta":{"amp_status":"","footnotes":""},"categories":[6],"tags":[],"class_list":["post-24446","post","type-post","status-publish","format-standard","has-post-thumbnail","hentry","category-ciencia-y-tecnologia"],"_links":{"self":[{"href":"https:\/\/ermdigital.com\/index.php\/wp-json\/wp\/v2\/posts\/24446","targetHints":{"allow":["GET"]}}],"collection":[{"href":"https:\/\/ermdigital.com\/index.php\/wp-json\/wp\/v2\/posts"}],"about":[{"href":"https:\/\/ermdigital.com\/index.php\/wp-json\/wp\/v2\/types\/post"}],"author":[{"embeddable":true,"href":"https:\/\/ermdigital.com\/index.php\/wp-json\/wp\/v2\/users\/1"}],"replies":[{"embeddable":true,"href":"https:\/\/ermdigital.com\/index.php\/wp-json\/wp\/v2\/comments?post=24446"}],"version-history":[{"count":0,"href":"https:\/\/ermdigital.com\/index.php\/wp-json\/wp\/v2\/posts\/24446\/revisions"}],"wp:featuredmedia":[{"embeddable":true,"href":"https:\/\/ermdigital.com\/index.php\/wp-json\/wp\/v2\/media\/24447"}],"wp:attachment":[{"href":"https:\/\/ermdigital.com\/index.php\/wp-json\/wp\/v2\/media?parent=24446"}],"wp:term":[{"taxonomy":"category","embeddable":true,"href":"https:\/\/ermdigital.com\/index.php\/wp-json\/wp\/v2\/categories?post=24446"},{"taxonomy":"post_tag","embeddable":true,"href":"https:\/\/ermdigital.com\/index.php\/wp-json\/wp\/v2\/tags?post=24446"}],"curies":[{"name":"wp","href":"https:\/\/api.w.org\/{rel}","templated":true}]}}