{"id":24400,"date":"2026-04-26T08:40:48","date_gmt":"2026-04-26T12:40:48","guid":{"rendered":"https:\/\/ermdigital.com\/index.php\/2026\/04\/26\/el-angel-acude-en-auxilio-de-senora-en-sector-la-venta\/"},"modified":"2026-04-26T08:40:48","modified_gmt":"2026-04-26T12:40:48","slug":"el-angel-acude-en-auxilio-de-senora-en-sector-la-venta","status":"publish","type":"post","link":"https:\/\/ermdigital.com\/index.php\/2026\/04\/26\/el-angel-acude-en-auxilio-de-senora-en-sector-la-venta\/","title":{"rendered":"El \u00c1ngel\u201d acude en auxilio de se\u00f1ora en sector La Venta"},"content":{"rendered":"<p>Santo Domingo Oeste. \u2013 El programa social \u201cEl \u00c1ngel\u201d brind\u00f3 asistencia a una se\u00f1ora en condici\u00f3n de vulnerabilidad en el sector La Venta, en Santo Domingo Oeste, durante una intervenci\u00f3n realizada este fin de semana.<\/p>\n<p>La jornada cont\u00f3 con la participaci\u00f3n de la viceministra de la Presidencia, Scarlett Benzan, quien encabez\u00f3 la entrega de ayuda social directa a la afectada.<\/p>\n<p>Junto a la funcionaria estuvo el comunitario y comunicador Daniel Alc\u00e1ntara (El Choby). Tambi\u00e9n particip\u00f3 el exdiputado de Santo Domingo Oeste, doctor Andr\u00e9s Henr\u00edquez.<\/p>\n<p><strong><em>Te puede interesar: <a href=\"https:\/\/deultimominuto.net\/nacionales\/abinader-recorre-feria-regional\/\">Abinader recorre Feria Regional del Libro Santiago 2026 y dispone su celebraci\u00f3n anual en el Cibao<\/a><\/em><\/strong><\/p>\n<p>De acuerdo con los organizadores, la intervenci\u00f3n forma parte de las acciones que impulsa el programa \u201cEl \u00c1ngel\u201d para atender casos sociales urgentes en comunidades vulnerables.<\/p>\n<p>El operativo cont\u00f3 adem\u00e1s con el respaldo de voluntarios que se sumaron a la jornada, la cual busca canalizar ayudas y ofrecer respuestas a familias con necesidades prioritarias.<\/p>\n<p>\u200bSanto Domingo Oeste. \u2013 El programa social \u201cEl \u00c1ngel\u201d brind\u00f3 asistencia a una se\u00f1ora en condici\u00f3n de vulnerabilidad en el sector La Venta, en Santo Domingo Oeste, durante una intervenci\u00f3n realizada este fin de semana. La jornada cont\u00f3 con la participaci\u00f3n de la viceministra de la Presidencia, Scarlett Benzan, quien encabez\u00f3 la entrega de ayuda\u00a0\u00a0Nacionales, Deultimominuto, ElPeri\u00f3dicodelaVerdad, Rep\u00fablica Dominicana\u00a0\u00a0<\/p>\n","protected":false},"excerpt":{"rendered":"<p>Santo Domingo Oeste. \u2013 El programa social \u201cEl \u00c1ngel\u201d brind\u00f3 asistencia a una se\u00f1ora en condici\u00f3n de vulnerabilidad en el sector La Venta, en Santo Domingo Oeste, durante una intervenci\u00f3n realizada este fin de semana. La jornada cont\u00f3 con la participaci\u00f3n de la viceministra de la Presidencia, Scarlett Benzan, quien encabez\u00f3 la entrega de ayuda [&hellip;]<\/p>\n","protected":false},"author":1,"featured_media":24401,"comment_status":"open","ping_status":"open","sticky":false,"template":"","format":"standard","meta":{"amp_status":"","footnotes":""},"categories":[3],"tags":[],"class_list":["post-24400","post","type-post","status-publish","format-standard","has-post-thumbnail","hentry","category-de-ultimo-minuto"],"_links":{"self":[{"href":"https:\/\/ermdigital.com\/index.php\/wp-json\/wp\/v2\/posts\/24400","targetHints":{"allow":["GET"]}}],"collection":[{"href":"https:\/\/ermdigital.com\/index.php\/wp-json\/wp\/v2\/posts"}],"about":[{"href":"https:\/\/ermdigital.com\/index.php\/wp-json\/wp\/v2\/types\/post"}],"author":[{"embeddable":true,"href":"https:\/\/ermdigital.com\/index.php\/wp-json\/wp\/v2\/users\/1"}],"replies":[{"embeddable":true,"href":"https:\/\/ermdigital.com\/index.php\/wp-json\/wp\/v2\/comments?post=24400"}],"version-history":[{"count":0,"href":"https:\/\/ermdigital.com\/index.php\/wp-json\/wp\/v2\/posts\/24400\/revisions"}],"wp:featuredmedia":[{"embeddable":true,"href":"https:\/\/ermdigital.com\/index.php\/wp-json\/wp\/v2\/media\/24401"}],"wp:attachment":[{"href":"https:\/\/ermdigital.com\/index.php\/wp-json\/wp\/v2\/media?parent=24400"}],"wp:term":[{"taxonomy":"category","embeddable":true,"href":"https:\/\/ermdigital.com\/index.php\/wp-json\/wp\/v2\/categories?post=24400"},{"taxonomy":"post_tag","embeddable":true,"href":"https:\/\/ermdigital.com\/index.php\/wp-json\/wp\/v2\/tags?post=24400"}],"curies":[{"name":"wp","href":"https:\/\/api.w.org\/{rel}","templated":true}]}}