{"id":24398,"date":"2026-04-26T09:05:57","date_gmt":"2026-04-26T13:05:57","guid":{"rendered":"https:\/\/ermdigital.com\/index.php\/2026\/04\/26\/presidente-abinader-expresa-su-solidaridad-tras-ataque-contra-donald-trump-en-washington\/"},"modified":"2026-04-26T09:05:57","modified_gmt":"2026-04-26T13:05:57","slug":"presidente-abinader-expresa-su-solidaridad-tras-ataque-contra-donald-trump-en-washington","status":"publish","type":"post","link":"https:\/\/ermdigital.com\/index.php\/2026\/04\/26\/presidente-abinader-expresa-su-solidaridad-tras-ataque-contra-donald-trump-en-washington\/","title":{"rendered":"Presidente Abinader expresa su solidaridad tras ataque contra Donald Trump en Washington"},"content":{"rendered":"<p><strong>Santo Domingo.<\/strong>\u2014 El presidente de la Rep\u00fablica Dominicana, Luis Abinader, expres\u00f3 la noche de este s\u00e1bado su solidaridad con el pueblo de Estados Unidos tras el ataque ocurrido en Washington contra el mandatario estadounidense, Donald Trump.<\/p>\n<p>A trav\u00e9s de su cuenta oficial en la red social X, el jefe de Estado dominicano manifest\u00f3 alivio al confirmar que Trump, la primera dama y los invitados presentes resultaron ilesos durante el incidente.<\/p>\n<p>\u201cNos sentimos tan aliviados de que el presidente Trump, la primera dama y todos los dem\u00e1s invitados est\u00e9n a salvo despu\u00e9s de un cobarde ataque esta noche en Washington\u201d, escribi\u00f3 Abinader en el mensaje difundido en ingl\u00e9s.<\/p>\n<p>El mandatario tambi\u00e9n destac\u00f3 la r\u00e1pida intervenci\u00f3n de las autoridades estadounidenses, al tiempo que elogi\u00f3 la labor de los agentes de seguridad que lograron neutralizar al atacante. \u201cAplaudimos a los valientes oficiales de aplicaci\u00f3n de la ley que detuvieron al pistolero\u201d, agreg\u00f3.<\/p>\n<p>En su publicaci\u00f3n, Abinader inform\u00f3 adem\u00e1s que un oficial result\u00f3 herido durante el hecho, por lo que expres\u00f3 sus deseos de pronta recuperaci\u00f3n. \u201cOramos por la recuperaci\u00f3n total del oficial herido\u201d, se\u00f1al\u00f3.<\/p>\n<figure class=\"wp-block-image size-full\"><img loading=\"lazy\" decoding=\"async\" width=\"587\" height=\"333\" src=\"https:\/\/cdn.deultimominuto.net\/wp-content\/uploads\/2026\/04\/image-4.png\" alt=\"Presidente Abinader expresa su solidaridad tras ataque contra Donald Trump en Washington - Noticias de hoy en Rep\u00fablica Dominicana | De \u00daltimo Minuto\" class=\"wp-image-646165\" title=\"Presidente Abinader expresa su solidaridad tras ataque contra Donald Trump en Washington | 1 |\"><\/figure>\n<p>El presidente dominicano concluy\u00f3 su mensaje reafirmando el respaldo del pueblo dominicano hacia Estados Unidos en este momento de tensi\u00f3n. \u201cLas oraciones de todos los dominicanos est\u00e1n con el pueblo estadounidense\u201d, indic\u00f3, etiquetando tambi\u00e9n a la representaci\u00f3n diplom\u00e1tica dominicana en ese pa\u00eds.<\/p>\n<p>\u200bSanto Domingo.\u2014 El presidente de la Rep\u00fablica Dominicana, Luis Abinader, expres\u00f3 la noche de este s\u00e1bado su solidaridad con el pueblo de Estados Unidos tras el ataque ocurrido en Washington contra el mandatario estadounidense, Donald Trump. A trav\u00e9s de su cuenta oficial en la red social X, el jefe de Estado dominicano manifest\u00f3 alivio al\u00a0\u00a0Nacionales, Deultimominuto, ElPeri\u00f3dicodelaVerdad, Estados Unidos, Luis Abinader, Rep\u00fablica Dominicana\u00a0\u00a0<\/p>\n","protected":false},"excerpt":{"rendered":"<p>Santo Domingo.\u2014 El presidente de la Rep\u00fablica Dominicana, Luis Abinader, expres\u00f3 la noche de este s\u00e1bado su solidaridad con el pueblo de Estados Unidos tras el ataque ocurrido en Washington contra el mandatario estadounidense, Donald Trump. A trav\u00e9s de su cuenta oficial en la red social X, el jefe de Estado dominicano manifest\u00f3 alivio al [&hellip;]<\/p>\n","protected":false},"author":1,"featured_media":24399,"comment_status":"open","ping_status":"open","sticky":false,"template":"","format":"standard","meta":{"amp_status":"","footnotes":""},"categories":[3],"tags":[],"class_list":["post-24398","post","type-post","status-publish","format-standard","has-post-thumbnail","hentry","category-de-ultimo-minuto"],"_links":{"self":[{"href":"https:\/\/ermdigital.com\/index.php\/wp-json\/wp\/v2\/posts\/24398","targetHints":{"allow":["GET"]}}],"collection":[{"href":"https:\/\/ermdigital.com\/index.php\/wp-json\/wp\/v2\/posts"}],"about":[{"href":"https:\/\/ermdigital.com\/index.php\/wp-json\/wp\/v2\/types\/post"}],"author":[{"embeddable":true,"href":"https:\/\/ermdigital.com\/index.php\/wp-json\/wp\/v2\/users\/1"}],"replies":[{"embeddable":true,"href":"https:\/\/ermdigital.com\/index.php\/wp-json\/wp\/v2\/comments?post=24398"}],"version-history":[{"count":0,"href":"https:\/\/ermdigital.com\/index.php\/wp-json\/wp\/v2\/posts\/24398\/revisions"}],"wp:featuredmedia":[{"embeddable":true,"href":"https:\/\/ermdigital.com\/index.php\/wp-json\/wp\/v2\/media\/24399"}],"wp:attachment":[{"href":"https:\/\/ermdigital.com\/index.php\/wp-json\/wp\/v2\/media?parent=24398"}],"wp:term":[{"taxonomy":"category","embeddable":true,"href":"https:\/\/ermdigital.com\/index.php\/wp-json\/wp\/v2\/categories?post=24398"},{"taxonomy":"post_tag","embeddable":true,"href":"https:\/\/ermdigital.com\/index.php\/wp-json\/wp\/v2\/tags?post=24398"}],"curies":[{"name":"wp","href":"https:\/\/api.w.org\/{rel}","templated":true}]}}