{"id":24375,"date":"2026-04-26T08:00:23","date_gmt":"2026-04-26T12:00:23","guid":{"rendered":"https:\/\/ermdigital.com\/index.php\/2026\/04\/26\/meta-recortara-el-10-de-su-plantilla-en-una-nueva-ronda-de-despidos\/"},"modified":"2026-04-26T08:00:23","modified_gmt":"2026-04-26T12:00:23","slug":"meta-recortara-el-10-de-su-plantilla-en-una-nueva-ronda-de-despidos","status":"publish","type":"post","link":"https:\/\/ermdigital.com\/index.php\/2026\/04\/26\/meta-recortara-el-10-de-su-plantilla-en-una-nueva-ronda-de-despidos\/","title":{"rendered":"Meta recortar\u00e1 el 10% de su plantilla en una nueva ronda de despidos"},"content":{"rendered":"<p>\u200b<\/p>\n<p>La tecnol\u00f3gica estadounidense Meta, matriz de Facebook, Instagram y WhatsApp, llevar\u00e1 a cabo una nueva ronda de despidos que afectar\u00e1 aproximadamente al 10% de su plantilla unos 8,000 empleados el pr\u00f3ximo 20 de mayo, seg\u00fan un memorando interno filtrado por Bloomberg.<\/p>\n<p>En el comunicado dirigido a los empleados, la jefa de personal de la compa\u00f1\u00eda, Janelle Gale, confirm\u00f3 que la medida supondr\u00e1 tambi\u00e9n el cierre de unas 6,000 vacantes que no hab\u00edan sido cubiertas.<\/p>\n<p>Gale explic\u00f3 que, aunque la intenci\u00f3n inicial era concretar m\u00e1s detalles antes de realizar un anuncio oficial, la filtraci\u00f3n por medios especializados de la noticia oblig\u00f3 a la direcci\u00f3n a confirmar la decisi\u00f3n para reducir la incertidumbre.<\/p>\n<p>\u201cS\u00e9 que esta es una noticia desagradable y que confirmarla genera inquietud en todos, pero creemos que es la mejor opci\u00f3n dadas las circunstancias\u201d, anota en su texto Gale.<\/p>\n<p>La jefa de personal anot\u00f3 que estos despidos forman parte del \u201cesfuerzo continuo por gestionar la empresa de manera m\u00e1s eficiente y para compensar las dem\u00e1s inversiones que estamos realizando\u201d.<\/p>\n<p>La empresa liderada por Mark Zuckerberg est\u00e1 en una etapa de una fuerte inversi\u00f3n en inteligencia artificial (IA) y reajuste de costes operativos.<\/p>\n<p>La compa\u00f1\u00eda detall\u00f3 que los empleados afectados en Estados Unidos recibir\u00e1n una indemnizaci\u00f3n b\u00e1sica de 16 semanas de salario, a las que se sumar\u00e1n dos semanas adicionales por cada a\u00f1o de antig\u00fcedad en la empresa.<br \/>El proceso de salida se formalizar\u00e1 el 20 de mayo, fecha en la que los empleados afectados recibir\u00e1n una notificaci\u00f3n en sus correos corporativos y personales.<\/p>\n<p>Meta ya hab\u00eda proyectado inversiones de capital r\u00e9cord para este a\u00f1o y, en los \u00faltimos meses, ha anunciado varios acuerdos multimillonarios con socios de IA.<\/p>\n<p>Adem\u00e1s, ha alentado a los empleados a utilizar agentes de IA internamente para ayudar con la programaci\u00f3n y otras tareas.<\/p>\n<p>Meta contaba con casi 79,000 trabajadores a principios de a\u00f1o. La empresa tiene previsto presentar sus resultados del primer trimestre la pr\u00f3xima semana.<\/p>\n<p>Archivado en: <a href=\"https:\/\/eldinero.com.do\/tag\/mark-zuckerberg\/\" rel=\"tag\">Mark Zuckerberg<\/a><a href=\"https:\/\/eldinero.com.do\/tag\/meta\/\" rel=\"tag\">Meta<\/a><\/p>\n<p>\u00a0<\/p>\n","protected":false},"excerpt":{"rendered":"<p>\u200b La tecnol\u00f3gica estadounidense Meta, matriz de Facebook, Instagram y WhatsApp, llevar\u00e1 a cabo una nueva ronda de despidos que afectar\u00e1 aproximadamente al 10% de su plantilla unos 8,000 empleados el pr\u00f3ximo 20 de mayo, seg\u00fan un memorando interno filtrado por Bloomberg. En el comunicado dirigido a los empleados, la jefa de personal de la [&hellip;]<\/p>\n","protected":false},"author":1,"featured_media":24376,"comment_status":"open","ping_status":"open","sticky":false,"template":"","format":"standard","meta":{"amp_status":"","footnotes":""},"categories":[7],"tags":[],"class_list":["post-24375","post","type-post","status-publish","format-standard","has-post-thumbnail","hentry","category-economia"],"_links":{"self":[{"href":"https:\/\/ermdigital.com\/index.php\/wp-json\/wp\/v2\/posts\/24375","targetHints":{"allow":["GET"]}}],"collection":[{"href":"https:\/\/ermdigital.com\/index.php\/wp-json\/wp\/v2\/posts"}],"about":[{"href":"https:\/\/ermdigital.com\/index.php\/wp-json\/wp\/v2\/types\/post"}],"author":[{"embeddable":true,"href":"https:\/\/ermdigital.com\/index.php\/wp-json\/wp\/v2\/users\/1"}],"replies":[{"embeddable":true,"href":"https:\/\/ermdigital.com\/index.php\/wp-json\/wp\/v2\/comments?post=24375"}],"version-history":[{"count":0,"href":"https:\/\/ermdigital.com\/index.php\/wp-json\/wp\/v2\/posts\/24375\/revisions"}],"wp:featuredmedia":[{"embeddable":true,"href":"https:\/\/ermdigital.com\/index.php\/wp-json\/wp\/v2\/media\/24376"}],"wp:attachment":[{"href":"https:\/\/ermdigital.com\/index.php\/wp-json\/wp\/v2\/media?parent=24375"}],"wp:term":[{"taxonomy":"category","embeddable":true,"href":"https:\/\/ermdigital.com\/index.php\/wp-json\/wp\/v2\/categories?post=24375"},{"taxonomy":"post_tag","embeddable":true,"href":"https:\/\/ermdigital.com\/index.php\/wp-json\/wp\/v2\/tags?post=24375"}],"curies":[{"name":"wp","href":"https:\/\/api.w.org\/{rel}","templated":true}]}}