{"id":24343,"date":"2026-04-26T06:00:00","date_gmt":"2026-04-26T10:00:00","guid":{"rendered":"https:\/\/ermdigital.com\/index.php\/2026\/04\/26\/efemerides-del-26-de-abril\/"},"modified":"2026-04-26T06:00:00","modified_gmt":"2026-04-26T10:00:00","slug":"efemerides-del-26-de-abril","status":"publish","type":"post","link":"https:\/\/ermdigital.com\/index.php\/2026\/04\/26\/efemerides-del-26-de-abril\/","title":{"rendered":"Efem\u00e9rides del 26 de abril"},"content":{"rendered":"<p><strong>Santo Domingo.-<\/strong>\u00a0Las efem\u00e9rides del 26 de\u00a0<strong><a href=\"https:\/\/deultimominuto.net\/estilo\/efemerides\/efemerides-conmemoraciones-y-celebraciones-de-abril\/\">abril<\/a><\/strong>, est\u00e1n marcadas por importantes acontecimientos hist\u00f3ricos y celebraciones internacionales que dejaron huella en la historia mundial. A continuaci\u00f3n, las principales efem\u00e9rides del 26 de abril:<\/p>\n<ul class=\"wp-block-list\">\n<li><strong>D\u00eda de las Secretarias en Rep\u00fablica Dominicana.<\/strong><\/li>\n<li>D\u00eda Internacional de Recordaci\u00f3n del Desastre de Chern\u00f3bil.<\/li>\n<li>D\u00eda Mundial de la Propiedad Intelectual.<\/li>\n<\/ul>\n<p><strong>Santoral: Santos Isidoro, Cleto y Pascasio.<\/strong><\/p>\n<h2 class=\"wp-block-heading\"><strong>Nacionales: Efem\u00e9rides del 26 de abril<\/strong><\/h2>\n<ul class=\"wp-block-list\">\n<li>1860: El gobierno declara abierto el Puerto mar\u00edtimo de Montecristi para la exportaci\u00f3n de ganado vacuno.<\/li>\n<li>1902: Horacio V\u00e1squez se levanta contra el gobierno de Juan Isidro Jim\u00e9nes, acus\u00e1ndolo de mala administraci\u00f3n y violar las libertades p\u00fablicas.<\/li>\n<li>1933: Arturo J. Pellerano Alfau es excarcelado por orden de Trujillo y designado diputado.<\/li>\n<li>1963: Hait\u00ed acusa al teniente Francois Benoit de abandonar asilo en embajada dominicana para participar en atentado.<\/li>\n<li>1965: Rafael Molina Ure\u00f1a realiza m\u00faltiples nombramientos ministeriales, entre ellos a Francisco Caama\u00f1o como Ministro de Interior.<\/li>\n<li>1965: Juan Bosch anuncia desde Puerto Rico que acepta retornar al poder invitado por los constitucionalistas.<\/li>\n<li>1965: Aviones de la Fuerza A\u00e9rea Dominicana atacan zonas controladas por constitucionalistas.<\/li>\n<li>1965: EE.UU. pone en alerta tropas para posible intervenci\u00f3n en Rep\u00fablica Dominicana.<\/li>\n<li>2013: <strong><a href=\"https:\/\/uasd.edu.do\/\" data-type=\"link\" data-id=\"https:\/\/uasd.edu.do\/\" target=\"_blank\" rel=\"noopener\">UASD <\/a><\/strong>disuelve el Frente Estudiantil de Liberaci\u00f3n Am\u00edn Abel (FELABEL) por actos violentos.<\/li>\n<li>2020: Grupo liderado por \u201cEl Peregrino\u201d irrumpe en la Catedral San Felipe; es criticado por el obispo de Puerto Plata.<\/li>\n<\/ul>\n<h2 class=\"wp-block-heading\"><strong>Internacionales: Efem\u00e9rides del 26 de abril<\/strong><\/h2>\n<ul class=\"wp-block-list\">\n<li>1500: Se celebra la primera misa en Brasil, tras llegada de Pedro \u00c1lvares Cabral.<\/li>\n<li>1538: Batalla de Las Salinas (Per\u00fa) entre los Pizarro y Diego de Almagro.<\/li>\n<li>1544: Domingo Mart\u00ednez de Irala es proclamado gobernador del Paraguay.<\/li>\n<li>1860: Firma del tratado de paz entre Espa\u00f1a y Marruecos en Tetu\u00e1n.<\/li>\n<li>1870: Guzm\u00e1n Blanco toma Caracas y restablece la Constituci\u00f3n venezolana.<\/li>\n<li>1963: Duvalier ordena incendiar la casa de Francois Benoit, causando varias muertes.<\/li>\n<li>1964: Se forma Tanzania con la uni\u00f3n de Tanga\u00f1ica y Zanz\u00edbar.<\/li>\n<li>1982: Tropas argentinas se rinden a brit\u00e1nicos en Islas Georgias\/Malvinas.<\/li>\n<li>1986: Explosi\u00f3n nuclear en Chernobyl (Ucrania).<\/li>\n<li>1992: Terremoto en California y accidente a\u00e9reo en Jap\u00f3n (264 muertos).<\/li>\n<li>1994: Nelson Mandela gana las primeras elecciones multirraciales en Sud\u00e1frica.<\/li>\n<li>1998: Asesinan al obispo guatemalteco Juan Gerardi tras denuncia sobre genocidio.<\/li>\n<li>2000: Mot\u00edn en c\u00e1rcel La Modelo (Colombia) deja 32 muertos.<\/li>\n<li>2003: Aron Ralston queda atrapado en cueva de Utah y se amputa el brazo para sobrevivir.<\/li>\n<li>2008: Josef Fritzl es arrestado por encerrar a su hija por 24 a\u00f1os.<\/li>\n<li>2009: Rafael Correa es reelegido presidente de Ecuador.<\/li>\n<li>2009: Per\u00fa otorga asilo pol\u00edtico a Manuel Rosales, opositor venezolano.<\/li>\n<li>2010: Arizona aprueba ley contra inmigrantes ilegales.<\/li>\n<li>2010: EE.UU. extradita a Noriega a Francia.<\/li>\n<li>2013: Polic\u00eda reprime violentamente en el Hospital Borda, Buenos Aires.<\/li>\n<li>2018: Kim Jong-un y Moon Jae-in se re\u00fanen en hist\u00f3rica cumbre.<\/li>\n<li>2019: EE.UU. detiene a exmilitar que planeaba atentado en Los \u00c1ngeles.<\/li>\n<li>2021: La <strong><a href=\"https:\/\/www.who.int\/es\" data-type=\"link\" data-id=\"https:\/\/www.who.int\/es\" target=\"_blank\" rel=\"noopener\">OMS<\/a><\/strong> califica como \u201cdesgarradora\u201d la situaci\u00f3n de COVID-19 en India (350,000 casos diarios).<\/li>\n<\/ul>\n<h2 class=\"wp-block-heading\"><strong>Nacimientos: Efem\u00e9rides del 26 de abril<\/strong><\/h2>\n<div class=\"wp-block-image\">\n<figure class=\"alignright size-full is-resized\"><img loading=\"lazy\" decoding=\"async\" width=\"600\" height=\"360\" src=\"https:\/\/cdn.deultimominuto.net\/wp-content\/uploads\/2025\/04\/Efemerides-del-26-de-abril.jpg\" alt=\"Efem\u00e9rides del 26 de abril - Noticias de hoy en Rep\u00fablica Dominicana | De \u00daltimo Minuto\" class=\"wp-image-468233\" title=\"Efem\u00e9rides del 26 de abril | 1 |\"><figcaption class=\"wp-element-caption\">Mahoma, profeta y fundador del Islam<\/figcaption><\/figure>\n<\/div>\n<ul class=\"wp-block-list\">\n<li>121: Marco Aurelio, emperador romano.<\/li>\n<li>570: Mahoma, profeta y fundador del Islam.<\/li>\n<li>1982: Jon Lee, cantante, actor y bailar\u00edn brit\u00e1nico, de la banda S Club 7.<\/li>\n<\/ul>\n<h2 class=\"wp-block-heading\"><strong>Fallecimientos: Efem\u00e9rides del 26 de abril<\/strong><\/h2>\n<div class=\"wp-block-image\">\n<figure class=\"alignright size-full is-resized\"><img loading=\"lazy\" decoding=\"async\" width=\"250\" height=\"344\" src=\"https:\/\/cdn.deultimominuto.net\/wp-content\/uploads\/2025\/04\/Efemerides-del-26-de-abril-1.jpg\" alt=\"Efem\u00e9rides del 26 de abril - Noticias de hoy en Rep\u00fablica Dominicana | De \u00daltimo Minuto\" class=\"wp-image-468236\" title=\"Efem\u00e9rides del 26 de abril | 2 |\"><figcaption class=\"wp-element-caption\">John Wilkes Booth<\/figcaption><\/figure>\n<\/div>\n<ul class=\"wp-block-list\">\n<li>1865: John Wilkes Booth, actor y criminal estadounidense, asesino del presidente Abraham Lincoln.<\/li>\n<li>1990: Carlos Pizarro Le\u00f3ng\u00f3mez, comandante m\u00e1ximo de la guerrilla urbana M-19 y pol\u00edtico colombiano.<\/li>\n<li>2007: Conchita Montenegro, modelo, bailarina y actriz espa\u00f1ola.<\/li>\n<li>2015: Alcides L\u00f3pez Aufranc, militar y empresario argentino.<\/li>\n<\/ul>\n<p>\u200bSanto Domingo.-\u00a0Las efem\u00e9rides del 26 de\u00a0abril, est\u00e1n marcadas por importantes acontecimientos hist\u00f3ricos y celebraciones internacionales que dejaron huella en la historia mundial. A continuaci\u00f3n, las principales efem\u00e9rides del 26 de abril: Santoral: Santos Isidoro, Cleto y Pascasio. Nacionales: Efem\u00e9rides del 26 de abril Internacionales: Efem\u00e9rides del 26 de abril Nacimientos: Efem\u00e9rides del 26 de abril\u00a0\u00a0Efem\u00e9rides, efem\u00e9rides, Rep\u00fablica Dominicana\u00a0\u00a0<\/p>\n","protected":false},"excerpt":{"rendered":"<p>Santo Domingo.-\u00a0Las efem\u00e9rides del 26 de\u00a0abril, est\u00e1n marcadas por importantes acontecimientos hist\u00f3ricos y celebraciones internacionales que dejaron huella en la historia mundial. A continuaci\u00f3n, las principales efem\u00e9rides del 26 de abril: D\u00eda de las Secretarias en Rep\u00fablica Dominicana. D\u00eda Internacional de Recordaci\u00f3n del Desastre de Chern\u00f3bil. D\u00eda Mundial de la Propiedad Intelectual. Santoral: Santos Isidoro, [&hellip;]<\/p>\n","protected":false},"author":1,"featured_media":24344,"comment_status":"open","ping_status":"open","sticky":false,"template":"","format":"standard","meta":{"amp_status":"","footnotes":""},"categories":[3],"tags":[],"class_list":["post-24343","post","type-post","status-publish","format-standard","has-post-thumbnail","hentry","category-de-ultimo-minuto"],"_links":{"self":[{"href":"https:\/\/ermdigital.com\/index.php\/wp-json\/wp\/v2\/posts\/24343","targetHints":{"allow":["GET"]}}],"collection":[{"href":"https:\/\/ermdigital.com\/index.php\/wp-json\/wp\/v2\/posts"}],"about":[{"href":"https:\/\/ermdigital.com\/index.php\/wp-json\/wp\/v2\/types\/post"}],"author":[{"embeddable":true,"href":"https:\/\/ermdigital.com\/index.php\/wp-json\/wp\/v2\/users\/1"}],"replies":[{"embeddable":true,"href":"https:\/\/ermdigital.com\/index.php\/wp-json\/wp\/v2\/comments?post=24343"}],"version-history":[{"count":0,"href":"https:\/\/ermdigital.com\/index.php\/wp-json\/wp\/v2\/posts\/24343\/revisions"}],"wp:featuredmedia":[{"embeddable":true,"href":"https:\/\/ermdigital.com\/index.php\/wp-json\/wp\/v2\/media\/24344"}],"wp:attachment":[{"href":"https:\/\/ermdigital.com\/index.php\/wp-json\/wp\/v2\/media?parent=24343"}],"wp:term":[{"taxonomy":"category","embeddable":true,"href":"https:\/\/ermdigital.com\/index.php\/wp-json\/wp\/v2\/categories?post=24343"},{"taxonomy":"post_tag","embeddable":true,"href":"https:\/\/ermdigital.com\/index.php\/wp-json\/wp\/v2\/tags?post=24343"}],"curies":[{"name":"wp","href":"https:\/\/api.w.org\/{rel}","templated":true}]}}