{"id":24329,"date":"2026-04-26T06:15:51","date_gmt":"2026-04-26T10:15:51","guid":{"rendered":"https:\/\/ermdigital.com\/index.php\/2026\/04\/26\/espana-no-espera-a-francia-estudia-un-enorme-cable-submarino-con-la-lejana-irlanda-para-dejar-de-ser-una-isla-energetica\/"},"modified":"2026-04-26T06:15:51","modified_gmt":"2026-04-26T10:15:51","slug":"espana-no-espera-a-francia-estudia-un-enorme-cable-submarino-con-la-lejana-irlanda-para-dejar-de-ser-una-isla-energetica","status":"publish","type":"post","link":"https:\/\/ermdigital.com\/index.php\/2026\/04\/26\/espana-no-espera-a-francia-estudia-un-enorme-cable-submarino-con-la-lejana-irlanda-para-dejar-de-ser-una-isla-energetica\/","title":{"rendered":"Espa\u00f1a no espera a Francia: estudia un enorme cable submarino con la lejana Irlanda para dejar de ser una isla energ\u00e9tica"},"content":{"rendered":"<p>\n      <img decoding=\"async\" src=\"https:\/\/i.blogs.es\/95f7db\/cablesito\/1024_2000.jpeg\" alt=\"Espa\u00f1a no espera a Francia: estudia un enorme cable submarino con la lejana Irlanda para dejar de ser una isla energ\u00e9tica \">\n    <\/p>\n<p>Puede que Espa\u00f1a se haya erigido como uno de los estados de la UE que <a class=\"text-outboundlink\" href=\"https:\/\/www.xataka.com\/energia\/espana-portugal-han-demostrado-como-se-lidera-transicion-energetica-82-electricidad-limpia-2024\" data-vars-post-title=\"Espa\u00f1a y Portugal han demostrado c\u00f3mo se lidera la transici\u00f3n energ\u00e9tica: 82% de electricidad limpia en 2024 \" data-vars-post-url=\"https:\/\/www.xataka.com\/energia\/espana-portugal-han-demostrado-como-se-lidera-transicion-energetica-82-electricidad-limpia-2024\">m\u00e1s y mejor hayan entendido y adoptado la transici\u00f3n energ\u00e9tica<\/a> hacia las renovables, pero hay una realidad geogr\u00e1fica incuestionable: <a class=\"text-outboundlink\" href=\"https:\/\/www.xataka.com\/energia\/estamos-tirando-energia-limpia-a-basura-nuestros-vecinos-se-asfixian-como-francia-ha-decidido-levantar-muro-electrico-pirineos\" data-vars-post-title='A Espa\u00f1a y Portugal les encantar\u00eda compartir la energ\u00eda \"gratis\" que est\u00e1n generando estos d\u00edas. El problema se llama Francia' data-vars-post-url=\"https:\/\/www.xataka.com\/energia\/estamos-tirando-energia-limpia-a-basura-nuestros-vecinos-se-asfixian-como-francia-ha-decidido-levantar-muro-electrico-pirineos\">la pen\u00ednsula Ib\u00e9rica es una isla energ\u00e9tica<\/a> que tiene un problema llamado Francia.\u00a0<\/p>\n<p><!-- BREAK 1 --><\/p>\n<p>Un cuello de botella que impide que Espa\u00f1a exporte su enorme excedente de energ\u00eda solar, as\u00ed que la Comisi\u00f3n Europea quiere corregirlo con ambiciosos objetivos de conexi\u00f3n para 2030. \u00bfC\u00f3mo? Mirando al mar que rodea la pen\u00ednsula en busca de socios \"que les echen un cable\" para solucionar esta limitaci\u00f3n: a trav\u00e9s del Mediterr\u00e1neo <a class=\"text-outboundlink\" href=\"https:\/\/www.xataka.com\/energia\/dos-gigantescos-cables-submarinos-espana-e-italia-grandes-proyectos-interconexion-electrica-europeos\" data-vars-post-title=\"Dos gigantescos cables submarinos entre Espa\u00f1a e Italia, entre los grandes proyectos de interconexi\u00f3n el\u00e9ctrica europeos \" data-vars-post-url=\"https:\/\/www.xataka.com\/energia\/dos-gigantescos-cables-submarinos-espana-e-italia-grandes-proyectos-interconexion-electrica-europeos\">con dos gigantescos conexiones hacia Italia<\/a> y tambi\u00e9n hacia el Atl\u00e1ntico, <a rel=\"noopener, noreferrer\" href=\"https:\/\/www.miteco.gob.es\/es\/prensa\/ultimas-noticias\/2026\/abril\/espana-e-irlanda-firman-un-mou-para-una-futura-interconexion-ele.html\">con un cable entre Espa\u00f1a e Irlanda<\/a>.\u00a0<\/p>\n<p><!-- BREAK 2 --><\/p>\n<p><strong>El futuro cable entre Espa\u00f1a e Irlanda<\/strong>. El trazado previsto unir\u00eda la costa norte de Espa\u00f1a, concretamente Asturias, con la costa sur de Irlanda, con una longitud estimada de entre 1.000 y 1.100 kil\u00f3metros, como <a rel=\"noopener, noreferrer\" href=\"https:\/\/elperiodicodelaenergia.com\/espana-e-irlanda-estudian-la-construccion-de-un-gran-cable-submarino-para-intercambiar-electricidad-renovable\/\">recoge El Peri\u00f3dico de la energ\u00eda<\/a>. Aunque no hay un trazado definido a\u00fan, la infraestructura deber\u00e1 sortear profundidades considerables en el Golfo de Vizcaya y el Mar C\u00e9ltico.\u00a0<\/p>\n<p><!-- BREAK 3 --><\/p>\n<p>Vaya por delante que el acuerdo firmado entre Espa\u00f1a e Irlanda <a rel=\"noopener, noreferrer\" href=\"https:\/\/www.miteco.gob.es\/content\/dam\/miteco\/es\/prensa\/20260423_NdP_Espa%C3%B1a_e_Irlanda_firman_un_MoU_para_una_futura_interconexi%C3%B3n.pdf\">es un Memorando de Entendimiento<\/a> para estudiar la viabilidad de un cable submarino de electricidad en el marco del congreso WindEurope 2026 celebrado en Madrid firmado por la vicepresidenta espa\u00f1ola Sara Aagesen y el ministro irland\u00e9s Darragh O&#8217;Brien.<\/p>\n<p><!-- BREAK 4 --><\/p>\n<p><strong>Por qu\u00e9 es importante<\/strong>. Porque tanto Espa\u00f1a como Irlanda comparten problema estructural: son de los mercados el\u00e9ctricos menos interconectados de Europa y est\u00e1n catalogados como \"islas energ\u00e9ticas\" por la UE, lo que limita su capacidad de exportar excedentes renovables y de reforzar su seguridad de suministro (friendly reminder:\u00a0<a href=\"https:\/\/www.xataka.com\/tag\/apagon-de-abril-de-2025\">el apag\u00f3n<\/a>). Desde el punto de vista de la seguridad energ\u00e9tica, m\u00e1s interconexi\u00f3n significa menor dependencia de combustibles f\u00f3siles importados y m\u00e1s resiliencia ante episodios de escasez. Este cable diversificar\u00eda las rutas espa\u00f1olas de exportaci\u00f3n, un objetivo prioritario detallado <a rel=\"noopener, noreferrer\" href=\"https:\/\/www.ree.es\/es\/operacion\/desarrollo-sistema\/planificacion-nacional\">en la Planificaci\u00f3n El\u00e9ctrica de REE<\/a>.<\/p>\n<p><!-- BREAK 5 --><\/p>\n<p>La l\u00f3gica energ\u00e9tica del proyecto descansa en la complementariedad de recursos renovables: Espa\u00f1a exportar\u00eda excedentes de la solar e Irlanda aportar\u00eda electricidad generada en sus parques e\u00f3licos marinos. Ambas tecnolog\u00edas tienen perfiles de generaci\u00f3n desacoplados en el tiempo, de modo que el intercambio es t\u00e9cnicamente valioso para estabilizar ambas redes el\u00e9ctricas: cuando el sol brilla en Espa\u00f1a, esta puede alimentar Dubl\u00edn, cuando las borrascas atl\u00e1nticas barren el norte, sus aerogeneradores pueden sostener la industria espa\u00f1ola.\u00a0<\/p>\n<p><!-- BREAK 6 --><\/p>\n<div class=\"article-asset article-asset-normal article-asset-center\">\n<div class=\"desvio-container\">\n<div class=\"desvio\">\n<div class=\"desvio-figure js-desvio-figure\">\n    <a href=\"https:\/\/www.xataka.com\/energia\/dos-gigantescos-cables-submarinos-espana-e-italia-grandes-proyectos-interconexion-electrica-europeos\" class=\"pivot-outboundlink\" data-vars-post-title=\"Dos gigantescos cables submarinos entre Espa\u00f1a e Italia, entre los grandes proyectos de interconexi\u00f3n el\u00e9ctrica europeos \"><br \/>\n     <img loading=\"lazy\" decoding=\"async\" alt=\"Dos gigantescos cables submarinos entre Espa\u00f1a e Italia, entre los grandes proyectos de interconexi\u00f3n el\u00e9ctrica europeos \" width=\"375\" height=\"142\" src=\"https:\/\/i.blogs.es\/77e705\/captura-de-pantalla-2026-04-11-a-las-15.14.39\/375_142.jpeg\"><br \/>\n    <\/a>\n   <\/div>\n<div class=\"desvio-summary\">\n<div class=\"desvio-taxonomy js-desvio-taxonomy\">\n     <a href=\"https:\/\/www.xataka.com\/energia\/dos-gigantescos-cables-submarinos-espana-e-italia-grandes-proyectos-interconexion-electrica-europeos\" class=\"desvio-taxonomy-anchor pivot-outboundlink\" data-vars-post-title=\"Dos gigantescos cables submarinos entre Espa\u00f1a e Italia, entre los grandes proyectos de interconexi\u00f3n el\u00e9ctrica europeos \">En Xataka<\/a>\n    <\/div>\n<p>    <a href=\"https:\/\/www.xataka.com\/energia\/dos-gigantescos-cables-submarinos-espana-e-italia-grandes-proyectos-interconexion-electrica-europeos\" class=\"desvio-title js-desvio-title pivot-outboundlink\" data-vars-post-title=\"Dos gigantescos cables submarinos entre Espa\u00f1a e Italia, entre los grandes proyectos de interconexi\u00f3n el\u00e9ctrica europeos \">Dos gigantescos cables submarinos entre Espa\u00f1a e Italia, entre los grandes proyectos de interconexi\u00f3n el\u00e9ctrica europeos <\/a>\n   <\/div>\n<\/p><\/div>\n<\/p><\/div>\n<\/div>\n<p><strong>Contexto<\/strong>. Espa\u00f1a cuenta actualmente con apenas 3.000 MW de capacidad de interconexi\u00f3n, lo que supone un ratio del 2%, <a rel=\"noopener, noreferrer\" href=\"https:\/\/www.ree.es\/es\/transicion-ecologica\/interconexiones\">seg\u00fan datos de REE<\/a>, sobre su mix instalado de aproximadamente 150 GW. Es decir, incumple el objetivo m\u00ednimo del 10% fijado por la UE para 2020 y tiene que obrar un milagro para <a rel=\"noopener, noreferrer\" href=\"https:\/\/www.eib.org\/en\/press\/all\/2025-241-eib-supports-with-eur1-6-bn-the-strategic-bay-of-biscay-electricity-interconnection-between-spain-and-france?lang=es\">alcanzar el 15% previsto para 2030<\/a>. Ese d\u00e9ficit cr\u00f3nico limita la capacidad del sistema espa\u00f1ol de exportar los crecientes excedentes de la e\u00f3lica y la solar.<\/p>\n<p><!-- BREAK 7 --><\/p>\n<p>El proyecto surge en un momento de m\u00e1xima urgencia por la independencia energ\u00e9tica tras la crisis del gas. Los conflictos b\u00e9licos recientes han llevado a la UE a acelerar la tramitaci\u00f3n de grandes interconexiones el\u00e9ctricas entre mercados europeos como herramienta de seguridad energ\u00e9tica colectiva en busca del autoabastecimiento con recursos propios. Iniciativas como el plan\u00a0<a rel=\"noopener, noreferrer\" href=\"https:\/\/commission.europa.eu\/topics\/energy\/repowereu_es#principales-logros\">REPowerEU<\/a> tienen estas interconexiones transfronterizas como una de las palancas con prioridad absoluta.<\/p>\n<div class=\"article-asset-image article-asset-large article-asset-center\">\n<div class=\"asset-content\">\n<div class=\"caption-img \">\n                    <a rel=\"noopener, noreferrer\" href=\"https:\/\/tyndp2026.entsoe.eu\/projects-map\/\"><\/p>\n<p>    <img decoding=\"async\" alt=\"Captura De Pantalla 2026 04 26 A Las 8 51 15\" class=\"\" src=\"https:\/\/i.blogs.es\/b2d304\/captura-de-pantalla-2026-04-26-a-las-8.51.15\/450_1000.jpeg\"><br \/>\n     <\/a><\/p>\n<p>        <span>Mapa de proyectos de transmisi\u00f3n y almacenamiento. ENTSO-E<\/span>\n   <\/div>\n<\/p><\/div>\n<\/div>\n<p><strong>Principales conexiones de Espa\u00f1a. <\/strong>Un breve resumen de las escas\u00edsimas conexiones el\u00e9ctricas del estado espa\u00f1ol con otros estados de la UE:<\/p>\n<ul>\n<li>Existentes:<strong> <\/strong>Espa\u00f1a\u2013Francia (interconexi\u00f3n terrestre pirenaica), con una capacidad actual de aproximadamente 3.000 MW a trav\u00e9s de los Pirineos y Espa\u00f1a &#8211; Portugal, mediante diversas l\u00edneas de alta tensi\u00f3n terrestres bidireccionales que integran el mercado ib\u00e9rico.<\/li>\n<li>En construcci\u00f3n o aprobadas: <a rel=\"noopener, noreferrer\" href=\"https:\/\/www.eib.org\/en\/press\/all\/2025-241-eib-supports-with-eur1-6-bn-the-strategic-bay-of-biscay-electricity-interconnection-between-spain-and-france\">el cable submarino del Golfo de Bizkaia<\/a> entre Espa\u00f1a y Francia, previsto para entrar en servicio en 2028, a\u00f1adir\u00e1 2.000 MW de capacidad adicional con Francia. El cable <a rel=\"noopener, noreferrer\" href=\"https:\/\/www.ree.es\/es\/sala-de-prensa\/actualidad\/nota-de-prensa-interconexiones-transporte\/2025\/01\/red-electrica-avanza-interconexion-portugal-fontefria\">Fontefr\u00eda<\/a>, entre Portugal y Galicia, aportar\u00e1 unos 1.000 MW de intercambio.<\/li>\n<li>Proyectadas (en estudio o fase preliminar): <a class=\"text-outboundlink\" href=\"https:\/\/www.xataka.com\/energia\/dos-gigantescos-cables-submarinos-espana-e-italia-grandes-proyectos-interconexion-electrica-europeos\" data-vars-post-title=\"Dos gigantescos cables submarinos entre Espa\u00f1a e Italia, entre los grandes proyectos de interconexi\u00f3n el\u00e9ctrica europeos \" data-vars-post-url=\"https:\/\/www.xataka.com\/energia\/dos-gigantescos-cables-submarinos-espana-e-italia-grandes-proyectos-interconexion-electrica-europeos\">Apollo Link<\/a> entre Espa\u00f1a e Italia, de 2000 MW y con entrada en servicio en 2032. <a class=\"text-outboundlink\" href=\"https:\/\/www.xataka.com\/energia\/dos-gigantescos-cables-submarinos-espana-e-italia-grandes-proyectos-interconexion-electrica-europeos\" data-vars-post-title=\"Dos gigantescos cables submarinos entre Espa\u00f1a e Italia, entre los grandes proyectos de interconexi\u00f3n el\u00e9ctrica europeos \" data-vars-post-url=\"https:\/\/www.xataka.com\/energia\/dos-gigantescos-cables-submarinos-espana-e-italia-grandes-proyectos-interconexion-electrica-europeos\">Iberia Link<\/a> entre Espa\u00f1a e Italia de 1.200 MW. Conexi\u00f3n transpirenaica terrestre por Navarra y Arag\u00f3n, <a rel=\"noopener, noreferrer\" href=\"https:\/\/elperiodicodelaenergia.com\/espana-y-portugal-instan-a-francia-a-reunirse-este-ano-para-acelerar-las-interconexiones-electricas\/\">bloqueada por el gobierno franc\u00e9s<\/a>.<\/li>\n<\/ul>\n<p><strong>C\u00f3mo lo van a hacer<\/strong>. T\u00e9cnicamente, el proyecto se ejecutar\u00eda mediante un cable de corriente continua de alta tensi\u00f3n (HVDC, por sus siglas en ingl\u00e9s), la tecnolog\u00eda est\u00e1ndar para interconexiones submarinas de larga distancia, por su menor p\u00e9rdida de energ\u00eda en el transporte respecto a la corriente alterna. Existen precedentes directos y operativos de similar escala, como el reciente <a rel=\"noopener, noreferrer\" href=\"https:\/\/www.eirgrid.ie\/celticinterconnector\">Celtic Interconnector<\/a> entre Irlanda y Francia.\u00a0<\/p>\n<p><!-- BREAK 8 --><\/p>\n<p>Tras firmar el Memorando de Entendimiento para estudiar la viabilidad de un cable submarino de electricidad que una ambos estados, el proyecto deber\u00e1 ser evaluado t\u00e9cnica y econ\u00f3micamente de forma conjunta por Red El\u00e9ctrica y EirGrid, los operadores de ambos estados. Despu\u00e9s, lo presentar\u00e1n a las autoridades europeas para su posible inclusi\u00f3n en la lista de Proyectos de Inter\u00e9s Com\u00fan (PCI), lo que le dar\u00eda acceso a financiaci\u00f3n europea y a procedimientos administrativos acelerados. <a rel=\"noopener, noreferrer\" href=\"https:\/\/tyndp2026.entsoe.eu\/projects-map\/\">ENTSO-E<\/a>, la asociaci\u00f3n de operadores de red europeos, publica cada dos a\u00f1os el <a rel=\"noopener, noreferrer\" href=\"https:\/\/tyndp.entsoe.eu\/\">Ten-Year Network Development Plan<\/a>, el marco t\u00e9cnico de referencia para priorizar y evaluar este tipo de proyectos.<\/p>\n<div class=\"article-asset-video article-asset-normal\">\n<div class=\"asset-content\">\n<div class=\"base-asset-video\">\n<div class=\"js-dailymotion\"><\/div>\n<\/p><\/div>\n<\/p><\/div>\n<\/div>\n<p><strong>S\u00ed, pero<\/strong>. El proyecto se encuentra en su fase m\u00e1s temprana, lo que implica que tiene todo por delante y un cable submarino es una infraestructura de envergadura t\u00e9cnica y econ\u00f3mica.\u00a0Un cable de m\u00e1s de 1.000 kil\u00f3metros de longitud implica una inversi\u00f3n estimada que superar\u00eda los 2.000-3.000 millones de euros, un plazo de construcci\u00f3n de varios a\u00f1os una vez aprobado y desaf\u00edos log\u00edsticos en aguas del Atl\u00e1ntico Norte. Adem\u00e1s, el trazado por Asturias exigir\u00eda reforzar las redes de transporte interiores para cruzar la Cordillera Cant\u00e1brica para conectar con los grandes centros de generaci\u00f3n solar del interior peninsular.<\/p>\n<p><!-- BREAK 9 --><\/p>\n<h3><\/h3>\n<h3><\/h3>\n<p>En Xataka |\u00a0<a class=\"text-outboundlink\" href=\"https:\/\/www.xataka.com\/empresas-y-economia\/cables-submarinos-eran-teleoperadoras-ahora-estan-controlando-grandes-tecnologicas\" data-vars-post-title=\"Los cables submarinos eran de las teleoperadoras, y ahora los est\u00e1n controlando las grandes tecnol\u00f3gicas\" data-vars-post-url=\"https:\/\/www.xataka.com\/empresas-y-economia\/cables-submarinos-eran-teleoperadoras-ahora-estan-controlando-grandes-tecnologicas\">Los cables submarinos eran de las teleoperadoras, y ahora los est\u00e1n controlando las grandes tecnol\u00f3gicas<\/a><\/p>\n<p>En Xataka |\u00a0<a class=\"text-outboundlink\" href=\"https:\/\/www.xataka.com\/componentes\/primer-gran-cable-submarino-atlantico-que-nos-conecto-a-internet-nos-dice-adios-sencilla-razon-era-demasiado-caro-repararlo\" data-vars-post-title=\"El primer gran cable submarino atl\u00e1ntico que nos conect\u00f3 a internet nos dice adi\u00f3s por una sencilla raz\u00f3n: era demasiado caro repararlo \" data-vars-post-url=\"https:\/\/www.xataka.com\/componentes\/primer-gran-cable-submarino-atlantico-que-nos-conecto-a-internet-nos-dice-adios-sencilla-razon-era-demasiado-caro-repararlo\">El primer gran cable submarino atl\u00e1ntico que nos conect\u00f3 a internet nos dice adi\u00f3s por una sencilla raz\u00f3n: era demasiado caro repararlo<\/a><\/p>\n<p>Portada |\u00a0<a rel=\"noopener, noreferrer\" href=\"https:\/\/tyndp2026.entsoe.eu\/projects-map\/\">ENTSOE<\/a><\/p>\n<p> &#8211; <br \/> La noticia<br \/>\n      <a href=\"https:\/\/www.xataka.com\/energia\/espana-no-espera-a-francia-estudia-enorme-cable-submarino-lejana-irlanda-para-dejar-ser-isla-energetica?utm_source=feedburner&amp;utm_medium=feed&amp;utm_campaign=26_Apr_2026\"><br \/>\n       <em> Espa\u00f1a no espera a Francia: estudia un enorme cable submarino con la lejana Irlanda para dejar de ser una isla energ\u00e9tica  <\/em><br \/>\n      <\/a><br \/>\n      fue publicada originalmente en<br \/>\n      <a href=\"https:\/\/www.xataka.com\/?utm_source=feedburner&amp;utm_medium=feed&amp;utm_campaign=26_Apr_2026\"><br \/>\n       <strong> Xataka <\/strong><br \/>\n      <\/a><br \/>\n             por<br \/>\n               <a href=\"https:\/\/www.xataka.com\/autor\/eva-rodriguez?utm_source=feedburner&amp;utm_medium=feed&amp;utm_campaign=26_Apr_2026\"><br \/>\n        Eva R. de Luis<br \/>\n        <\/a><br \/>\n             . <\/p>\n<p>\u00a0Puede que Espa\u00f1a se haya erigido como uno de los estados de la UE que m\u00e1s y mejor hayan entendido y adoptado la transici\u00f3n energ\u00e9tica hacia las renovables, pero hay una realidad geogr\u00e1fica incuestionable: la pen\u00ednsula Ib\u00e9rica es una isla energ\u00e9tica que tiene un problema llamado Francia.\u00a0<\/p>\n<p>Un cuello de botella que impide que Espa\u00f1a exporte su enorme excedente de energ\u00eda solar, as\u00ed que la Comisi\u00f3n Europea quiere corregirlo con ambiciosos objetivos de conexi\u00f3n para 2030. \u00bfC\u00f3mo? Mirando al mar que rodea la pen\u00ednsula en busca de socios \"que les echen un cable\" para solucionar esta limitaci\u00f3n: a trav\u00e9s del Mediterr\u00e1neo con dos gigantescos conexiones hacia Italia y tambi\u00e9n hacia el Atl\u00e1ntico, con un cable entre Espa\u00f1a e Irlanda.\u00a0<\/p>\n<p>El futuro cable entre Espa\u00f1a e Irlanda. El trazado previsto unir\u00eda la costa norte de Espa\u00f1a, concretamente Asturias, con la costa sur de Irlanda, con una longitud estimada de entre 1.000 y 1.100 kil\u00f3metros, como recoge El Peri\u00f3dico de la energ\u00eda. Aunque no hay un trazado definido a\u00fan, la infraestructura deber\u00e1 sortear profundidades considerables en el Golfo de Vizcaya y el Mar C\u00e9ltico.\u00a0<\/p>\n<p>Vaya por delante que el acuerdo firmado entre Espa\u00f1a e Irlanda es un Memorando de Entendimiento para estudiar la viabilidad de un cable submarino de electricidad en el marco del congreso WindEurope 2026 celebrado en Madrid firmado por la vicepresidenta espa\u00f1ola Sara Aagesen y el ministro irland\u00e9s Darragh O&#8217;Brien.<\/p>\n<p>Por qu\u00e9 es importante. Porque tanto Espa\u00f1a como Irlanda comparten problema estructural: son de los mercados el\u00e9ctricos menos interconectados de Europa y est\u00e1n catalogados como \"islas energ\u00e9ticas\" por la UE, lo que limita su capacidad de exportar excedentes renovables y de reforzar su seguridad de suministro (friendly reminder:\u00a0el apag\u00f3n). Desde el punto de vista de la seguridad energ\u00e9tica, m\u00e1s interconexi\u00f3n significa menor dependencia de combustibles f\u00f3siles importados y m\u00e1s resiliencia ante episodios de escasez. Este cable diversificar\u00eda las rutas espa\u00f1olas de exportaci\u00f3n, un objetivo prioritario detallado en la Planificaci\u00f3n El\u00e9ctrica de REE.<\/p>\n<p>La l\u00f3gica energ\u00e9tica del proyecto descansa en la complementariedad de recursos renovables: Espa\u00f1a exportar\u00eda excedentes de la solar e Irlanda aportar\u00eda electricidad generada en sus parques e\u00f3licos marinos. Ambas tecnolog\u00edas tienen perfiles de generaci\u00f3n desacoplados en el tiempo, de modo que el intercambio es t\u00e9cnicamente valioso para estabilizar ambas redes el\u00e9ctricas: cuando el sol brilla en Espa\u00f1a, esta puede alimentar Dubl\u00edn, cuando las borrascas atl\u00e1nticas barren el norte, sus aerogeneradores pueden sostener la industria espa\u00f1ola.\u00a0<\/p>\n<p>     En Xataka<\/p>\n<p>    Dos gigantescos cables submarinos entre Espa\u00f1a e Italia, entre los grandes proyectos de interconexi\u00f3n el\u00e9ctrica europeos <\/p>\n<p>Contexto. Espa\u00f1a cuenta actualmente con apenas 3.000 MW de capacidad de interconexi\u00f3n, lo que supone un ratio del 2%, seg\u00fan datos de REE, sobre su mix instalado de aproximadamente 150 GW. Es decir, incumple el objetivo m\u00ednimo del 10% fijado por la UE para 2020 y tiene que obrar un milagro para alcanzar el 15% previsto para 2030. Ese d\u00e9ficit cr\u00f3nico limita la capacidad del sistema espa\u00f1ol de exportar los crecientes excedentes de la e\u00f3lica y la solar.<br \/>\nEl proyecto surge en un momento de m\u00e1xima urgencia por la independencia energ\u00e9tica tras la crisis del gas. Los conflictos b\u00e9licos recientes han llevado a la UE a acelerar la tramitaci\u00f3n de grandes interconexiones el\u00e9ctricas entre mercados europeos como herramienta de seguridad energ\u00e9tica colectiva en busca del autoabastecimiento con recursos propios. Iniciativas como el plan\u00a0REPowerEU tienen estas interconexiones transfronterizas como una de las palancas con prioridad absoluta.<\/p>\n<p>        Mapa de proyectos de transmisi\u00f3n y almacenamiento. ENTSO-E<\/p>\n<p>Principales conexiones de Espa\u00f1a. Un breve resumen de las escas\u00edsimas conexiones el\u00e9ctricas del estado espa\u00f1ol con otros estados de la UE:<br \/>\nExistentes: Espa\u00f1a\u2013Francia (interconexi\u00f3n terrestre pirenaica), con una capacidad actual de aproximadamente 3.000 MW a trav\u00e9s de los Pirineos y Espa\u00f1a &#8211; Portugal, mediante diversas l\u00edneas de alta tensi\u00f3n terrestres bidireccionales que integran el mercado ib\u00e9rico.En construcci\u00f3n o aprobadas: el cable submarino del Golfo de Bizkaia entre Espa\u00f1a y Francia, previsto para entrar en servicio en 2028, a\u00f1adir\u00e1 2.000 MW de capacidad adicional con Francia. El cable Fontefr\u00eda, entre Portugal y Galicia, aportar\u00e1 unos 1.000 MW de intercambio.Proyectadas (en estudio o fase preliminar): Apollo Link entre Espa\u00f1a e Italia, de 2000 MW y con entrada en servicio en 2032. Iberia Link entre Espa\u00f1a e Italia de 1.200 MW. Conexi\u00f3n transpirenaica terrestre por Navarra y Arag\u00f3n, bloqueada por el gobierno franc\u00e9s.<br \/>\nC\u00f3mo lo van a hacer. T\u00e9cnicamente, el proyecto se ejecutar\u00eda mediante un cable de corriente continua de alta tensi\u00f3n (HVDC, por sus siglas en ingl\u00e9s), la tecnolog\u00eda est\u00e1ndar para interconexiones submarinas de larga distancia, por su menor p\u00e9rdida de energ\u00eda en el transporte respecto a la corriente alterna. Existen precedentes directos y operativos de similar escala, como el reciente Celtic Interconnector entre Irlanda y Francia.\u00a0<br \/>\nTras firmar el Memorando de Entendimiento para estudiar la viabilidad de un cable submarino de electricidad que una ambos estados, el proyecto deber\u00e1 ser evaluado t\u00e9cnica y econ\u00f3micamente de forma conjunta por Red El\u00e9ctrica y EirGrid, los operadores de ambos estados. Despu\u00e9s, lo presentar\u00e1n a las autoridades europeas para su posible inclusi\u00f3n en la lista de Proyectos de Inter\u00e9s Com\u00fan (PCI), lo que le dar\u00eda acceso a financiaci\u00f3n europea y a procedimientos administrativos acelerados. ENTSO-E, la asociaci\u00f3n de operadores de red europeos, publica cada dos a\u00f1os el Ten-Year Network Development Plan, el marco t\u00e9cnico de referencia para priorizar y evaluar este tipo de proyectos.<\/p>\n<p>S\u00ed, pero. El proyecto se encuentra en su fase m\u00e1s temprana, lo que implica que tiene todo por delante y un cable submarino es una infraestructura de envergadura t\u00e9cnica y econ\u00f3mica.\u00a0Un cable de m\u00e1s de 1.000 kil\u00f3metros de longitud implica una inversi\u00f3n estimada que superar\u00eda los 2.000-3.000 millones de euros, un plazo de construcci\u00f3n de varios a\u00f1os una vez aprobado y desaf\u00edos log\u00edsticos en aguas del Atl\u00e1ntico Norte. Adem\u00e1s, el trazado por Asturias exigir\u00eda reforzar las redes de transporte interiores para cruzar la Cordillera Cant\u00e1brica para conectar con los grandes centros de generaci\u00f3n solar del interior peninsular.<\/p>\n<p>En Xataka |\u00a0Los cables submarinos eran de las teleoperadoras, y ahora los est\u00e1n controlando las grandes tecnol\u00f3gicas<\/p>\n<p>En Xataka |\u00a0El primer gran cable submarino atl\u00e1ntico que nos conect\u00f3 a internet nos dice adi\u00f3s por una sencilla raz\u00f3n: era demasiado caro repararlo<\/p>\n<p>Portada |\u00a0ENTSOE<\/p>\n<p>                 &#8211;  La noticia<\/p>\n<p>        Espa\u00f1a no espera a Francia: estudia un enorme cable submarino con la lejana Irlanda para dejar de ser una isla energ\u00e9tica  <\/p>\n<p>      fue publicada originalmente en<\/p>\n<p>        Xataka <\/p>\n<p>             por <\/p>\n<p>        Eva R. de Luis<\/p>\n<p>             .\u00a0\u00a0\u00a0<\/p>\n","protected":false},"excerpt":{"rendered":"<p>Puede que Espa\u00f1a se haya erigido como uno de los estados de la UE que m\u00e1s y mejor hayan entendido y adoptado la transici\u00f3n energ\u00e9tica hacia las renovables, pero hay una realidad geogr\u00e1fica incuestionable: la pen\u00ednsula Ib\u00e9rica es una isla energ\u00e9tica que tiene un problema llamado Francia.\u00a0 Un cuello de botella que impide que Espa\u00f1a [&hellip;]<\/p>\n","protected":false},"author":1,"featured_media":24330,"comment_status":"open","ping_status":"open","sticky":false,"template":"","format":"standard","meta":{"amp_status":"","footnotes":""},"categories":[6],"tags":[],"class_list":["post-24329","post","type-post","status-publish","format-standard","has-post-thumbnail","hentry","category-ciencia-y-tecnologia"],"_links":{"self":[{"href":"https:\/\/ermdigital.com\/index.php\/wp-json\/wp\/v2\/posts\/24329","targetHints":{"allow":["GET"]}}],"collection":[{"href":"https:\/\/ermdigital.com\/index.php\/wp-json\/wp\/v2\/posts"}],"about":[{"href":"https:\/\/ermdigital.com\/index.php\/wp-json\/wp\/v2\/types\/post"}],"author":[{"embeddable":true,"href":"https:\/\/ermdigital.com\/index.php\/wp-json\/wp\/v2\/users\/1"}],"replies":[{"embeddable":true,"href":"https:\/\/ermdigital.com\/index.php\/wp-json\/wp\/v2\/comments?post=24329"}],"version-history":[{"count":0,"href":"https:\/\/ermdigital.com\/index.php\/wp-json\/wp\/v2\/posts\/24329\/revisions"}],"wp:featuredmedia":[{"embeddable":true,"href":"https:\/\/ermdigital.com\/index.php\/wp-json\/wp\/v2\/media\/24330"}],"wp:attachment":[{"href":"https:\/\/ermdigital.com\/index.php\/wp-json\/wp\/v2\/media?parent=24329"}],"wp:term":[{"taxonomy":"category","embeddable":true,"href":"https:\/\/ermdigital.com\/index.php\/wp-json\/wp\/v2\/categories?post=24329"},{"taxonomy":"post_tag","embeddable":true,"href":"https:\/\/ermdigital.com\/index.php\/wp-json\/wp\/v2\/tags?post=24329"}],"curies":[{"name":"wp","href":"https:\/\/api.w.org\/{rel}","templated":true}]}}