{"id":24213,"date":"2026-04-25T21:53:37","date_gmt":"2026-04-26T01:53:37","guid":{"rendered":"https:\/\/ermdigital.com\/index.php\/2026\/04\/25\/moradores-de-colorado-blanco-denuncian-deterioro-critico-de-camino-y-solicitan-permiso-para-su-acondicionamiento\/"},"modified":"2026-04-25T21:53:37","modified_gmt":"2026-04-26T01:53:37","slug":"moradores-de-colorado-blanco-denuncian-deterioro-critico-de-camino-y-solicitan-permiso-para-su-acondicionamiento","status":"publish","type":"post","link":"https:\/\/ermdigital.com\/index.php\/2026\/04\/25\/moradores-de-colorado-blanco-denuncian-deterioro-critico-de-camino-y-solicitan-permiso-para-su-acondicionamiento\/","title":{"rendered":"Moradores de Colorado Blanco denuncian deterioro cr\u00edtico de camino y solicitan permiso para su acondicionamiento"},"content":{"rendered":"<p><strong>Por: Daniel Reyes<\/strong><\/p>\n<p><strong>Bonao, Rep\u00fablica Dominicana.\u2013 <\/strong>Residentes de la comunidad de Colorado Blanco denunciaron las deplorables condiciones en que se encuentra el camino que conecta esta zona con el sector Blanco, situaci\u00f3n que, aseguran, afecta gravemente la movilidad y pone en riesgo la seguridad de quienes transitan por el lugar.<\/p>\n<p>Los comunitarios explicaron que el deterioro de la v\u00eda ha alcanzado niveles preocupantes, dificultando el acceso de veh\u00edculos y obligando a los moradores a enfrentar serias complicaciones en situaciones de emergencia.<\/p>\n<p>Como ejemplo de la precariedad, relataron que recientemente se vieron en la necesidad de bajar el cuerpo sin vida de una persona por este camino en condiciones sumamente dif\u00edciles, lo que evidenci\u00f3 a\u00fan m\u00e1s la urgencia de intervenir la v\u00eda.<\/p>\n<p>Ante esta problem\u00e1tica, los residentes hicieron un llamado a las autoridades correspondientes para que les otorguen los permisos necesarios que les permitan acondicionar el camino por cuenta propia, destacando que cuentan con la disposici\u00f3n de colaborar en la mejora de la infraestructura vial.<\/p>\n<p>\u201cLo \u00fanico que pedimos es que nos den el permiso para trabajar nuestras calles. Queremos mejorar el acceso para el bienestar de todos\u201d, expresaron.<\/p>\n<p><strong>Recomendamos leer<a href=\"https:\/\/deultimominuto.net\/enlaces\/\" data-type=\"page\" data-id=\"491852\">: Incendio en Las Galeras destruye vivienda<\/a><\/strong><\/p>\n<p>Los moradores reiteraron que esta v\u00eda es fundamental para la comunicaci\u00f3n entre comunidades y para el desarrollo de sus actividades cotidianas, por lo que consideran urgente una respuesta r\u00e1pida que contribuya a solucionar esta situaci\u00f3n que por a\u00f1os ha afectado a Colorado Blanco.<\/p>\n<p>\u200bPor: Daniel Reyes Bonao, Rep\u00fablica Dominicana.\u2013 Residentes de la comunidad de Colorado Blanco denunciaron las deplorables condiciones en que se encuentra el camino que conecta esta zona con el sector Blanco, situaci\u00f3n que, aseguran, afecta gravemente la movilidad y pone en riesgo la seguridad de quienes transitan por el lugar. Los comunitarios explicaron que el\u00a0\u00a0Nacionales, colorado blanco, Deterioro, Moradores\u00a0\u00a0<\/p>\n","protected":false},"excerpt":{"rendered":"<p>Por: Daniel Reyes Bonao, Rep\u00fablica Dominicana.\u2013 Residentes de la comunidad de Colorado Blanco denunciaron las deplorables condiciones en que se encuentra el camino que conecta esta zona con el sector Blanco, situaci\u00f3n que, aseguran, afecta gravemente la movilidad y pone en riesgo la seguridad de quienes transitan por el lugar. Los comunitarios explicaron que el [&hellip;]<\/p>\n","protected":false},"author":1,"featured_media":24214,"comment_status":"open","ping_status":"open","sticky":false,"template":"","format":"standard","meta":{"amp_status":"","footnotes":""},"categories":[3],"tags":[],"class_list":["post-24213","post","type-post","status-publish","format-standard","has-post-thumbnail","hentry","category-de-ultimo-minuto"],"_links":{"self":[{"href":"https:\/\/ermdigital.com\/index.php\/wp-json\/wp\/v2\/posts\/24213","targetHints":{"allow":["GET"]}}],"collection":[{"href":"https:\/\/ermdigital.com\/index.php\/wp-json\/wp\/v2\/posts"}],"about":[{"href":"https:\/\/ermdigital.com\/index.php\/wp-json\/wp\/v2\/types\/post"}],"author":[{"embeddable":true,"href":"https:\/\/ermdigital.com\/index.php\/wp-json\/wp\/v2\/users\/1"}],"replies":[{"embeddable":true,"href":"https:\/\/ermdigital.com\/index.php\/wp-json\/wp\/v2\/comments?post=24213"}],"version-history":[{"count":0,"href":"https:\/\/ermdigital.com\/index.php\/wp-json\/wp\/v2\/posts\/24213\/revisions"}],"wp:featuredmedia":[{"embeddable":true,"href":"https:\/\/ermdigital.com\/index.php\/wp-json\/wp\/v2\/media\/24214"}],"wp:attachment":[{"href":"https:\/\/ermdigital.com\/index.php\/wp-json\/wp\/v2\/media?parent=24213"}],"wp:term":[{"taxonomy":"category","embeddable":true,"href":"https:\/\/ermdigital.com\/index.php\/wp-json\/wp\/v2\/categories?post=24213"},{"taxonomy":"post_tag","embeddable":true,"href":"https:\/\/ermdigital.com\/index.php\/wp-json\/wp\/v2\/tags?post=24213"}],"curies":[{"name":"wp","href":"https:\/\/api.w.org\/{rel}","templated":true}]}}