{"id":24211,"date":"2026-04-25T22:12:33","date_gmt":"2026-04-26T02:12:33","guid":{"rendered":"https:\/\/ermdigital.com\/index.php\/2026\/04\/25\/colectivos-civiles-marchan-al-congreso-en-mexico-en-rechazo-al-aborto-y-a-la-eutanasia\/"},"modified":"2026-04-25T22:12:33","modified_gmt":"2026-04-26T02:12:33","slug":"colectivos-civiles-marchan-al-congreso-en-mexico-en-rechazo-al-aborto-y-a-la-eutanasia","status":"publish","type":"post","link":"https:\/\/ermdigital.com\/index.php\/2026\/04\/25\/colectivos-civiles-marchan-al-congreso-en-mexico-en-rechazo-al-aborto-y-a-la-eutanasia\/","title":{"rendered":"Colectivos civiles marchan al Congreso en M\u00e9xico en rechazo al aborto y a la eutanasia"},"content":{"rendered":"<p>Ciudad de M\u00e9xico.- La Marcha por la Vida celebr\u00f3 este s\u00e1bado su decimoquinta edici\u00f3n en la Ciudad de M\u00e9xico con una caminata del Monumento a la Revoluci\u00f3n al Congreso capitalino, en el centro de la capital, donde organizaciones civiles pidieron proteger la vida desde la concepci\u00f3n, reforzar el acompa\u00f1amiento a mujeres embarazadas y rechazaron la eutanasia.<\/p>\n<p>La movilizaci\u00f3n, convocada por Pasos por la Vida, transcurri\u00f3 bajo el lema \u201cLa vida es victoria\u201d y reuni\u00f3 a m\u00e1s de 2.000 personas provenientes de 20 ciudades del pa\u00eds, seg\u00fan los organizadores, en un recorrido que concluy\u00f3 en el Palacio Legislativo de Donceles, sede del Congreso de la Ciudad de M\u00e9xico.<\/p>\n<p>La marcha se realiz\u00f3 a 19 a\u00f1os de la despenalizaci\u00f3n del aborto en Ciudad de M\u00e9xico y tuvo entre sus mensajes centrales la exigencia de \u201crespeto a la vida\u201d y \u201cprotecci\u00f3n integral para las mujeres\u201d.<\/p>\n<p>Durante la movilizaci\u00f3n se observaron una manta con las frases \u201cSi quieres la paz, defiende la vida\u201d, \u201cEl aborto es una herida abierta\u201d, \u201cReza por el fin del aborto\u201d, \u201cSomos la voz de los no nacidos\u201d, entre banderas azules y blancas, los mismos colores que portaban los manifestantes.<\/p>\n<p><strong>Recomendamos leer: <a href=\"https:\/\/deultimominuto.net\/enlaces\/\" data-type=\"page\" data-id=\"491852\">P\u00e1nico en la Casa Blanca: eval\u00faan a Donald Trump tras incidente de seguridad en cena de corresponsales<\/a><\/strong><\/p>\n<h3 class=\"wp-block-heading\">Los argumentos de la marcha contra el aborto<\/h3>\n<p>Luisa Jimena Argueta, directora de Pasos por la Vida, afirm\u00f3 en su discurso que la movilizaci\u00f3n conmemora \u201c15 a\u00f1os de constancia\u201d y \u201c15 a\u00f1os de valent\u00eda\u201d de personas que, dijo, decidieron no callar \u201cfrente a la indiferencia\u201d.<\/p>\n<p>Argueta vincul\u00f3 la defensa de la vida con la crisis de violencia en M\u00e9xico y sostuvo que el pa\u00eds atraviesa una situaci\u00f3n marcada por m\u00e1s de 30.000 homicidios al a\u00f1o, miles de familias heridas y comunidades \u201cmarcadas por el miedo\u201d.<\/p>\n<p>\u201cCuando una sociedad se acostumbra a la violencia, deja de reaccionar\u201d, expres\u00f3 la dirigente, quien asegur\u00f3 que la violencia tambi\u00e9n comienza con la idea de que alguien \u201cpuede ser descartado\u201d.<\/p>\n<p>La l\u00edder del movimiento se\u00f1al\u00f3 que, entre 2007 y 2025, se han registrado m\u00e1s de 320.000 abortos en M\u00e9xico, con base en cifras disponibles de distintas entidades del pa\u00eds, y sostuvo que el aborto refleja \u201cabandono\u201d y falta de apoyo para las mujeres.<\/p>\n<h3 class=\"wp-block-heading\">Las peticiones\u00a0<\/h3>\n<p>Tambi\u00e9n entregaron un pliego petitorio, con el cual pidieron proteger la vida desde la concepci\u00f3n hasta la muerte natural, pol\u00edticas p\u00fablicas para mujeres embarazadas en situaci\u00f3n vulnerable, presupuesto para maternidad, adopci\u00f3n, salud mental y cuidados paliativos, adem\u00e1s de transparencia en cifras de aborto, violencia y desapariciones.<\/p>\n<p>El documento incluy\u00f3 adem\u00e1s el respeto a la objeci\u00f3n de conciencia del personal m\u00e9dico y rechaz\u00f3 la eutanasia, al considerar que \u201cla respuesta al dolor no es la muerte\u201d, sino el cuidado y la cercan\u00eda.<\/p>\n<p>En tanto, Argueta tambi\u00e9n record\u00f3 que el pr\u00f3ximo a\u00f1o ser\u00e1n 20 a\u00f1os de esta pol\u00edtica que despenaliz\u00f3 al aborto y apunt\u00f3 que coincide con las pr\u00f3ximas elecciones intermedias, por lo que llam\u00f3 a los pol\u00edticos a no olvidar que requerir\u00e1n su voto y deber\u00e1n tomar una postura a favor de la vida.<\/p>\n<p>La diputada local de Quer\u00e9taro, Juliana Hern\u00e1ndez, que estuvo presente en el acto, se mostr\u00f3 tambi\u00e9n a favor de proteger \u201cla vida humana\u201d y como legisladora llam\u00f3 a enviar un mensaje a los estados del pa\u00eds: \u201cLa vida se defiende\u201d.<\/p>\n<p>Antes de la marcha, el Episcopado Mexicano hab\u00eda llamado a participar en la movilizaci\u00f3n y defendi\u00f3 que la protecci\u00f3n de la vida m\u00e1s vulnerable es una muestra de la \u201cgrandeza\u201d de una sociedad; en un mensaje que coincidi\u00f3 con la exigencia de los organizadores de acompa\u00f1ar a mujeres, familias, enfermos y personas vulnerables.<\/p>\n<p>\u200bCiudad de M\u00e9xico.- La Marcha por la Vida celebr\u00f3 este s\u00e1bado su decimoquinta edici\u00f3n en la Ciudad de M\u00e9xico con una caminata del Monumento a la Revoluci\u00f3n al Congreso capitalino, en el centro de la capital, donde organizaciones civiles pidieron proteger la vida desde la concepci\u00f3n, reforzar el acompa\u00f1amiento a mujeres embarazadas y rechazaron la\u00a0\u00a0Internacionales, abortos, civiles, Marchan\u00a0\u00a0<\/p>\n","protected":false},"excerpt":{"rendered":"<p>Ciudad de M\u00e9xico.- La Marcha por la Vida celebr\u00f3 este s\u00e1bado su decimoquinta edici\u00f3n en la Ciudad de M\u00e9xico con una caminata del Monumento a la Revoluci\u00f3n al Congreso capitalino, en el centro de la capital, donde organizaciones civiles pidieron proteger la vida desde la concepci\u00f3n, reforzar el acompa\u00f1amiento a mujeres embarazadas y rechazaron la [&hellip;]<\/p>\n","protected":false},"author":1,"featured_media":24212,"comment_status":"open","ping_status":"open","sticky":false,"template":"","format":"standard","meta":{"amp_status":"","footnotes":""},"categories":[3],"tags":[],"class_list":["post-24211","post","type-post","status-publish","format-standard","has-post-thumbnail","hentry","category-de-ultimo-minuto"],"_links":{"self":[{"href":"https:\/\/ermdigital.com\/index.php\/wp-json\/wp\/v2\/posts\/24211","targetHints":{"allow":["GET"]}}],"collection":[{"href":"https:\/\/ermdigital.com\/index.php\/wp-json\/wp\/v2\/posts"}],"about":[{"href":"https:\/\/ermdigital.com\/index.php\/wp-json\/wp\/v2\/types\/post"}],"author":[{"embeddable":true,"href":"https:\/\/ermdigital.com\/index.php\/wp-json\/wp\/v2\/users\/1"}],"replies":[{"embeddable":true,"href":"https:\/\/ermdigital.com\/index.php\/wp-json\/wp\/v2\/comments?post=24211"}],"version-history":[{"count":0,"href":"https:\/\/ermdigital.com\/index.php\/wp-json\/wp\/v2\/posts\/24211\/revisions"}],"wp:featuredmedia":[{"embeddable":true,"href":"https:\/\/ermdigital.com\/index.php\/wp-json\/wp\/v2\/media\/24212"}],"wp:attachment":[{"href":"https:\/\/ermdigital.com\/index.php\/wp-json\/wp\/v2\/media?parent=24211"}],"wp:term":[{"taxonomy":"category","embeddable":true,"href":"https:\/\/ermdigital.com\/index.php\/wp-json\/wp\/v2\/categories?post=24211"},{"taxonomy":"post_tag","embeddable":true,"href":"https:\/\/ermdigital.com\/index.php\/wp-json\/wp\/v2\/tags?post=24211"}],"curies":[{"name":"wp","href":"https:\/\/api.w.org\/{rel}","templated":true}]}}