{"id":24209,"date":"2026-04-25T22:21:27","date_gmt":"2026-04-26T02:21:27","guid":{"rendered":"https:\/\/ermdigital.com\/index.php\/2026\/04\/25\/trump-asegura-que-tirador-fue-detenido-tras-incidente-en-cena-de-corresponsales\/"},"modified":"2026-04-25T22:21:27","modified_gmt":"2026-04-26T02:21:27","slug":"trump-asegura-que-tirador-fue-detenido-tras-incidente-en-cena-de-corresponsales","status":"publish","type":"post","link":"https:\/\/ermdigital.com\/index.php\/2026\/04\/25\/trump-asegura-que-tirador-fue-detenido-tras-incidente-en-cena-de-corresponsales\/","title":{"rendered":"Trump asegura que \u201ctirador\u201d fue detenido tras incidente en cena de corresponsales"},"content":{"rendered":"<p>Washington, EE. UU.\u2013 El presidente Donald Trump afirm\u00f3 que una persona se\u00f1alada como \u201ctirador\u201d fue detenida luego de un incidente registrado la noche de este s\u00e1bado durante la White House Correspondents\u2019 Dinner.<\/p>\n<p>La situaci\u00f3n gener\u00f3 alarma tras escucharse lo que parec\u00edan disparos, lo que llev\u00f3 a agentes del United States Secret Service a evacuar de forma preventiva al mandatario, la primera dama y varios funcionarios presentes en el evento.<\/p>\n<p>De acuerdo con versiones de periodistas que se encontraban en el lugar, el protocolo de seguridad se activ\u00f3 de inmediato mientras se verificaba el origen del ruido.<\/p>\n<p>Recomendamos leer:<\/p>\n<p>Posteriormente, Trump indic\u00f3 a trav\u00e9s de su red Truth que el presunto responsable hab\u00eda sido detenido, sin ofrecer mayores detalles. Tambi\u00e9n trascendi\u00f3 que el mandatario se encontraba en buen estado y habr\u00eda pedido retomar la actividad.<\/p>\n<p>Hasta ahora, las autoridades no han confirmado oficialmente la naturaleza del incidente ni la identidad del detenido.<\/p>\n<p>\u200bWashington, EE. UU.\u2013 El presidente Donald Trump afirm\u00f3 que una persona se\u00f1alada como \u201ctirador\u201d fue detenida luego de un incidente registrado la noche de este s\u00e1bado durante la White House Correspondents\u2019 Dinner. La situaci\u00f3n gener\u00f3 alarma tras escucharse lo que parec\u00edan disparos, lo que llev\u00f3 a agentes del United States Secret Service a evacuar de\u00a0\u00a0Internacionales, Detenidos, Incidente, tirador, Trump\u00a0\u00a0<\/p>\n","protected":false},"excerpt":{"rendered":"<p>Washington, EE. UU.\u2013 El presidente Donald Trump afirm\u00f3 que una persona se\u00f1alada como \u201ctirador\u201d fue detenida luego de un incidente registrado la noche de este s\u00e1bado durante la White House Correspondents\u2019 Dinner. La situaci\u00f3n gener\u00f3 alarma tras escucharse lo que parec\u00edan disparos, lo que llev\u00f3 a agentes del United States Secret Service a evacuar de [&hellip;]<\/p>\n","protected":false},"author":1,"featured_media":24210,"comment_status":"open","ping_status":"open","sticky":false,"template":"","format":"standard","meta":{"amp_status":"","footnotes":""},"categories":[3],"tags":[],"class_list":["post-24209","post","type-post","status-publish","format-standard","has-post-thumbnail","hentry","category-de-ultimo-minuto"],"_links":{"self":[{"href":"https:\/\/ermdigital.com\/index.php\/wp-json\/wp\/v2\/posts\/24209","targetHints":{"allow":["GET"]}}],"collection":[{"href":"https:\/\/ermdigital.com\/index.php\/wp-json\/wp\/v2\/posts"}],"about":[{"href":"https:\/\/ermdigital.com\/index.php\/wp-json\/wp\/v2\/types\/post"}],"author":[{"embeddable":true,"href":"https:\/\/ermdigital.com\/index.php\/wp-json\/wp\/v2\/users\/1"}],"replies":[{"embeddable":true,"href":"https:\/\/ermdigital.com\/index.php\/wp-json\/wp\/v2\/comments?post=24209"}],"version-history":[{"count":0,"href":"https:\/\/ermdigital.com\/index.php\/wp-json\/wp\/v2\/posts\/24209\/revisions"}],"wp:featuredmedia":[{"embeddable":true,"href":"https:\/\/ermdigital.com\/index.php\/wp-json\/wp\/v2\/media\/24210"}],"wp:attachment":[{"href":"https:\/\/ermdigital.com\/index.php\/wp-json\/wp\/v2\/media?parent=24209"}],"wp:term":[{"taxonomy":"category","embeddable":true,"href":"https:\/\/ermdigital.com\/index.php\/wp-json\/wp\/v2\/categories?post=24209"},{"taxonomy":"post_tag","embeddable":true,"href":"https:\/\/ermdigital.com\/index.php\/wp-json\/wp\/v2\/tags?post=24209"}],"curies":[{"name":"wp","href":"https:\/\/api.w.org\/{rel}","templated":true}]}}