{"id":23711,"date":"2026-04-24T22:25:38","date_gmt":"2026-04-25T02:25:38","guid":{"rendered":"https:\/\/ermdigital.com\/index.php\/2026\/04\/24\/dr-fadul-lamenta-impedimentos-para-donar-tratamientos-a-ninos-con-autismo\/"},"modified":"2026-04-24T22:25:38","modified_gmt":"2026-04-25T02:25:38","slug":"dr-fadul-lamenta-impedimentos-para-donar-tratamientos-a-ninos-con-autismo","status":"publish","type":"post","link":"https:\/\/ermdigital.com\/index.php\/2026\/04\/24\/dr-fadul-lamenta-impedimentos-para-donar-tratamientos-a-ninos-con-autismo\/","title":{"rendered":"Dr. Fadul lamenta impedimentos para donar tratamientos a ni\u00f1os con autismo"},"content":{"rendered":"<p><strong>Santo Domingo.\u2013 <\/strong>El doctor Fadul expres\u00f3 su preocupaci\u00f3n por la situaci\u00f3n que enfrentan <a href=\"https:\/\/deultimominuto.net\/nacionales\/comunicador-visita-centro-del-doctor-fadul-y-resalta-apoyo-gratuito-a-ninos-con-autismo\/\">madres<\/a> de ni\u00f1os con autismo en el pa\u00eds, asegurando que actualmente no puede continuar brindando apoyo mediante la donaci\u00f3n de tratamientos.<\/p>\n<p>El especialista indic\u00f3 que desde hace un tiempo se ha visto imposibilitado de ayudar debido a restricciones impuestas por las autoridades de Salud P\u00fablica, las cuales, seg\u00fan explic\u00f3, le impiden distribuir suplementos utilizados en sus terapias.<\/p>\n<p>\u201cLo siento mucho por la madre dominicana que tiene sus hijos con la condici\u00f3n del autismo. Yo no la puedo seguir ayudando ya desde hace un tiempo\u201d, manifest\u00f3.<\/p>\n<p>Fadul detall\u00f3 que los tratamientos que ofrec\u00eda estaban basados en suplementos de vitaminas, prote\u00ednas, amino\u00e1cidos y minerales, los cuales, afirma, contribu\u00edan al manejo de la condici\u00f3n en algunos pacientes.<\/p>\n<p><strong>Recomendamos leer:<a href=\"https:\/\/deultimominuto.net\/tv\/comparativa-judicial-elizabeth-silverio-vs-dr-fadul\/\">COMPARATIVA JUDICIAL: ELIZABETH SILVERIO VS. DR. FADUL<\/a><\/strong><\/p>\n<p>El m\u00e9dico lament\u00f3 la incertidumbre que esta situaci\u00f3n genera en las familias afectadas. \u201cNo s\u00e9 qu\u00e9 har\u00e1n esas madres con esos ni\u00f1os y ese problema\u201d, expres\u00f3, al tiempo que asegur\u00f3 sentirse impotente ante el escenario actual.<\/p>\n<p>Hasta el momento, las autoridades de Salud P\u00fablica no han ofrecido una respuesta p\u00fablica sobre las declaraciones del galeno ni sobre las razones espec\u00edficas que habr\u00edan motivado la restricci\u00f3n mencionada.<\/p>\n<p>\u200bSanto Domingo.\u2013 El doctor Fadul expres\u00f3 su preocupaci\u00f3n por la situaci\u00f3n que enfrentan madres de ni\u00f1os con autismo en el pa\u00eds, asegurando que actualmente no puede continuar brindando apoyo mediante la donaci\u00f3n de tratamientos. El especialista indic\u00f3 que desde hace un tiempo se ha visto imposibilitado de ayudar debido a restricciones impuestas por las autoridades\u00a0\u00a0Nacionales, Fadul\u00a0\u00a0<\/p>\n","protected":false},"excerpt":{"rendered":"<p>Santo Domingo.\u2013 El doctor Fadul expres\u00f3 su preocupaci\u00f3n por la situaci\u00f3n que enfrentan madres de ni\u00f1os con autismo en el pa\u00eds, asegurando que actualmente no puede continuar brindando apoyo mediante la donaci\u00f3n de tratamientos. El especialista indic\u00f3 que desde hace un tiempo se ha visto imposibilitado de ayudar debido a restricciones impuestas por las autoridades [&hellip;]<\/p>\n","protected":false},"author":1,"featured_media":23712,"comment_status":"open","ping_status":"open","sticky":false,"template":"","format":"standard","meta":{"amp_status":"","footnotes":""},"categories":[3],"tags":[],"class_list":["post-23711","post","type-post","status-publish","format-standard","has-post-thumbnail","hentry","category-de-ultimo-minuto"],"_links":{"self":[{"href":"https:\/\/ermdigital.com\/index.php\/wp-json\/wp\/v2\/posts\/23711","targetHints":{"allow":["GET"]}}],"collection":[{"href":"https:\/\/ermdigital.com\/index.php\/wp-json\/wp\/v2\/posts"}],"about":[{"href":"https:\/\/ermdigital.com\/index.php\/wp-json\/wp\/v2\/types\/post"}],"author":[{"embeddable":true,"href":"https:\/\/ermdigital.com\/index.php\/wp-json\/wp\/v2\/users\/1"}],"replies":[{"embeddable":true,"href":"https:\/\/ermdigital.com\/index.php\/wp-json\/wp\/v2\/comments?post=23711"}],"version-history":[{"count":0,"href":"https:\/\/ermdigital.com\/index.php\/wp-json\/wp\/v2\/posts\/23711\/revisions"}],"wp:featuredmedia":[{"embeddable":true,"href":"https:\/\/ermdigital.com\/index.php\/wp-json\/wp\/v2\/media\/23712"}],"wp:attachment":[{"href":"https:\/\/ermdigital.com\/index.php\/wp-json\/wp\/v2\/media?parent=23711"}],"wp:term":[{"taxonomy":"category","embeddable":true,"href":"https:\/\/ermdigital.com\/index.php\/wp-json\/wp\/v2\/categories?post=23711"},{"taxonomy":"post_tag","embeddable":true,"href":"https:\/\/ermdigital.com\/index.php\/wp-json\/wp\/v2\/tags?post=23711"}],"curies":[{"name":"wp","href":"https:\/\/api.w.org\/{rel}","templated":true}]}}