{"id":23684,"date":"2026-04-24T21:36:34","date_gmt":"2026-04-25T01:36:34","guid":{"rendered":"https:\/\/ermdigital.com\/index.php\/2026\/04\/24\/muere-un-menor-de-edad-apunalado-por-un-joven-desde-un-patinete-en-madrid\/"},"modified":"2026-04-24T21:36:34","modified_gmt":"2026-04-25T01:36:34","slug":"muere-un-menor-de-edad-apunalado-por-un-joven-desde-un-patinete-en-madrid","status":"publish","type":"post","link":"https:\/\/ermdigital.com\/index.php\/2026\/04\/24\/muere-un-menor-de-edad-apunalado-por-un-joven-desde-un-patinete-en-madrid\/","title":{"rendered":"Muere un menor de edad apu\u00f1alado por un joven desde un patinete en Madrid"},"content":{"rendered":"<p><strong>Madrid.- <\/strong>Un menor de 17 a\u00f1os ha muerto tras ser apu\u00f1alado por otro joven desde un patinete en Puente de Vallecas (Madrid), seg\u00fan ha informado este viernes la Polic\u00eda Nacional.<\/p>\n<p>Los hechos han ocurrido alrededor de las 15:00 horas en la calle Vizconde de Arlesson, junto a la estaci\u00f3n de cercan\u00edas de Entrev\u00edas, donde el joven, que iba acompa\u00f1ado de su novia, ha sido atacado y ha recibido dos pu\u00f1aladas por la espalda.<\/p>\n<p>Por el momento no se descarta ninguna hip\u00f3tesis, incluida un ajuste de cuentas entre bandas, ya que fuentes de la investigaci\u00f3n consultadas por EFE apuntan a que la v\u00edctima podr\u00eda pertenecer a los Trinitarios y el autor de la pu\u00f1alada, a los \u00d1etas.<\/p>\n<p>La v\u00edctima responde a las siglas D.A.S.V., es nacido en 2008 y tiene nacionalidad espa\u00f1ola, de origen hondure\u00f1o, agregan las mencionadas fuentes.<\/p>\n<h4 class=\"wp-block-heading\"><strong>Recomendamos leer:<a href=\"https:\/\/deultimominuto.net\/enlaces\/\" data-type=\"page\" data-id=\"491852\"> Cuba recibe un nuevo convoy internacional con ayuda humanitaria<\/a><\/strong><a href=\"https:\/\/deultimominuto.net\/category\/internacionales\/\"><\/a><\/h4>\n<p>Hasta el lugar de los hechos se han desplazado efectivos del grupo de atenci\u00f3n al ciudadano, que le han realizado las primeras maniobras de reanimaci\u00f3n hasta que han llegado los servicios sanitarios, aunque el joven ha fallecido posteriormente debido a las heridas sufridas en el ataque.<\/p>\n<p>El 30 de marzo de 2025 un joven de 27 tambi\u00e9n falleci\u00f3 siguiendo un modus operandi similar, cuando fue apu\u00f1alado en el cuello en la Avenida de la Albufera por un miembro de una banda rival que circulaba en patinete.<\/p>\n<p>\u200bMadrid.- Un menor de 17 a\u00f1os ha muerto tras ser apu\u00f1alado por otro joven desde un patinete en Puente de Vallecas (Madrid), seg\u00fan ha informado este viernes la Polic\u00eda Nacional. Los hechos han ocurrido alrededor de las 15:00 horas en la calle Vizconde de Arlesson, junto a la estaci\u00f3n de cercan\u00edas de Entrev\u00edas, donde el\u00a0\u00a0Internacionales, joven, Madrid, Muere\u00a0\u00a0<\/p>\n","protected":false},"excerpt":{"rendered":"<p>Madrid.- Un menor de 17 a\u00f1os ha muerto tras ser apu\u00f1alado por otro joven desde un patinete en Puente de Vallecas (Madrid), seg\u00fan ha informado este viernes la Polic\u00eda Nacional. Los hechos han ocurrido alrededor de las 15:00 horas en la calle Vizconde de Arlesson, junto a la estaci\u00f3n de cercan\u00edas de Entrev\u00edas, donde el [&hellip;]<\/p>\n","protected":false},"author":1,"featured_media":23685,"comment_status":"open","ping_status":"open","sticky":false,"template":"","format":"standard","meta":{"amp_status":"","footnotes":""},"categories":[3],"tags":[],"class_list":["post-23684","post","type-post","status-publish","format-standard","has-post-thumbnail","hentry","category-de-ultimo-minuto"],"_links":{"self":[{"href":"https:\/\/ermdigital.com\/index.php\/wp-json\/wp\/v2\/posts\/23684","targetHints":{"allow":["GET"]}}],"collection":[{"href":"https:\/\/ermdigital.com\/index.php\/wp-json\/wp\/v2\/posts"}],"about":[{"href":"https:\/\/ermdigital.com\/index.php\/wp-json\/wp\/v2\/types\/post"}],"author":[{"embeddable":true,"href":"https:\/\/ermdigital.com\/index.php\/wp-json\/wp\/v2\/users\/1"}],"replies":[{"embeddable":true,"href":"https:\/\/ermdigital.com\/index.php\/wp-json\/wp\/v2\/comments?post=23684"}],"version-history":[{"count":0,"href":"https:\/\/ermdigital.com\/index.php\/wp-json\/wp\/v2\/posts\/23684\/revisions"}],"wp:featuredmedia":[{"embeddable":true,"href":"https:\/\/ermdigital.com\/index.php\/wp-json\/wp\/v2\/media\/23685"}],"wp:attachment":[{"href":"https:\/\/ermdigital.com\/index.php\/wp-json\/wp\/v2\/media?parent=23684"}],"wp:term":[{"taxonomy":"category","embeddable":true,"href":"https:\/\/ermdigital.com\/index.php\/wp-json\/wp\/v2\/categories?post=23684"},{"taxonomy":"post_tag","embeddable":true,"href":"https:\/\/ermdigital.com\/index.php\/wp-json\/wp\/v2\/tags?post=23684"}],"curies":[{"name":"wp","href":"https:\/\/api.w.org\/{rel}","templated":true}]}}