{"id":23680,"date":"2026-04-24T21:40:03","date_gmt":"2026-04-25T01:40:03","guid":{"rendered":"https:\/\/ermdigital.com\/index.php\/2026\/04\/24\/gobierno-ha-mitigado-efectos-de-la-inflacion-afirma-yayo-sanz-lovaton\/"},"modified":"2026-04-24T21:40:03","modified_gmt":"2026-04-25T01:40:03","slug":"gobierno-ha-mitigado-efectos-de-la-inflacion-afirma-yayo-sanz-lovaton","status":"publish","type":"post","link":"https:\/\/ermdigital.com\/index.php\/2026\/04\/24\/gobierno-ha-mitigado-efectos-de-la-inflacion-afirma-yayo-sanz-lovaton\/","title":{"rendered":"Gobierno ha mitigado efectos de la inflaci\u00f3n, afirma Yayo Sanz Lovat\u00f3n"},"content":{"rendered":"<p><strong>Santo Domingo<\/strong>.\u2013 El Gobierno dominicano afirm\u00f3 este viernes que contin\u00faa fortaleciendo su estrategia para enfrentar la crisis econ\u00f3mica internacional mediante la incorporaci\u00f3n de propuestas surgidas en las reuniones que sostiene con distintos sectores de la sociedad.<\/p>\n<p>Tras un encuentro con representantes de la comunidad evang\u00e9lica, el ministro de Industria, Comercio y Mipymes, Eduardo \u201cYayo\u201d Sanz Lovat\u00f3n, destac\u00f3 que las medidas adoptadas por el Ejecutivo han permitido al pa\u00eds sortear los efectos de la coyuntura global, marcada por el conflicto b\u00e9lico entre Estados Unidos e Ir\u00e1n.<\/p>\n<p>El funcionario asegur\u00f3 que, pese al panorama internacional, la econom\u00eda dominicana registr\u00f3 un crecimiento superior al 5 % en marzo, cifra que calific\u00f3 como una se\u00f1al positiva del desempe\u00f1o econ\u00f3mico nacional.<\/p>\n<blockquote class=\"wp-block-quote is-layout-flow wp-block-quote-is-layout-flow\">\n<p>\u201cDentro de esta crisis, el plan est\u00e1 dando resultado; hemos podido paliar la inflaci\u00f3n, crecer y proteger el tejido productivo del pa\u00eds\u201d, expres\u00f3 Lovat\u00f3n.<\/p>\n<\/blockquote>\n<p>Asimismo, subray\u00f3 que marzo se convirti\u00f3 en el mes de mayor exportaci\u00f3n en la historia de la Rep\u00fablica Dominicana, lo que, seg\u00fan dijo, evidencia la capacidad de respuesta de la econom\u00eda local.<\/p>\n<p>Lovat\u00f3n insisti\u00f3 en que las autoridades act\u00faan con prudencia ante un escenario internacional cambiante, especialmente por la volatilidad de los precios del petr\u00f3leo, y sostuvo que el pa\u00eds ha logrado superar \u201c<strong>muchas vicisitudes<\/strong>\u201d en las \u00faltimas semanas.<\/p>\n<p>Por su parte, el ministro de la Presidencia, Jos\u00e9 Ignacio Paliza, explic\u00f3 que las consultas realizadas con diferentes actores han generado nuevas ideas que complementan las estrategias ya dise\u00f1adas por el Gobierno.<\/p>\n<h6 class=\"wp-block-heading has-text-align-center\"><strong>Tambi\u00e9n puedes leer: <a href=\"https:\/\/deultimominuto.net\/nacionales\/gobierno-dialogo-con-iglesias\/\">Gobierno dominicano refuerza di\u00e1logo con iglesias<\/a><\/strong><\/h6>\n<p>Indic\u00f3 que una de las sugerencias recibidas fue reforzar los mecanismos de financiamiento dirigidos a las peque\u00f1as y medianas empresas, al sector agr\u00edcola y a las estructuras exportadoras, medida que ya est\u00e1 siendo aplicada.<\/p>\n<blockquote class=\"wp-block-quote is-layout-flow wp-block-quote-is-layout-flow\">\n<p>\u201cEn cada reuni\u00f3n obtenemos visiones adicionales que nos llaman a detenernos para incorporarlas, trabajarlas, mejorarlas o, al menos, ponderarlas\u201d, manifest\u00f3.<\/p>\n<\/blockquote>\n<p>La comisi\u00f3n gubernamental, creada por disposici\u00f3n <a href=\"https:\/\/www.youtube.com\/@deultimominutotv\" data-type=\"link\" data-id=\"https:\/\/www.youtube.com\/@deultimominutotv\" target=\"_blank\" rel=\"noopener\">del <\/a>presidente Luis Abinader, ha sostenido hasta la fecha al menos cinco reuniones con sectores empresariales, pol\u00edticos, sindicales, sociales y religiosos.<\/p>\n<p>Las autoridades adelantaron que el pr\u00f3ximo lunes se celebrar\u00e1 un nuevo encuentro con representantes del liderazgo sindical, como parte del proceso de di\u00e1logo abierto para seguir definiendo acciones frente al escenario econ\u00f3mico internacional.<\/p>\n<figure class=\"wp-block-gallery has-nested-images columns-default is-cropped wp-block-gallery-2 is-layout-flex wp-block-gallery-is-layout-flex\">\n<figure class=\"wp-block-image size-large\"><img loading=\"lazy\" decoding=\"async\" width=\"1024\" height=\"561\" data-id=\"645786\" src=\"https:\/\/cdn.deultimominuto.net\/wp-content\/uploads\/2026\/04\/WhatsApp-Image-2026-04-24-at-8.24.33-PM-1024x561.jpeg\" alt=\"Gobierno ha mitigado efectos de la inflaci\u00f3n, afirma Yayo Sanz Lovat\u00f3n - Noticias de hoy en Rep\u00fablica Dominicana | De \u00daltimo Minuto\" class=\"wp-image-645786\" title=\"Gobierno ha mitigado efectos de la inflaci\u00f3n, afirma Yayo Sanz Lovat\u00f3n | 5 |\"><\/figure>\n<figure class=\"wp-block-image size-large\"><img decoding=\"async\" loading=\"lazy\" width=\"1024\" height=\"665\" data-id=\"645784\" src=\"https:\/\/cdn.deultimominuto.net\/wp-content\/uploads\/2026\/04\/WhatsApp-Image-2026-04-24-at-8.24.32-PM-1-1024x665.jpeg\" alt=\"Gobierno ha mitigado efectos de la inflaci\u00f3n, afirma Yayo Sanz Lovat\u00f3n - Noticias de hoy en Rep\u00fablica Dominicana | De \u00daltimo Minuto\" class=\"wp-image-645784\" title=\"Gobierno ha mitigado efectos de la inflaci\u00f3n, afirma Yayo Sanz Lovat\u00f3n | 6 |\"><\/figure>\n<figure class=\"wp-block-image size-large\"><img decoding=\"async\" loading=\"lazy\" width=\"1024\" height=\"576\" data-id=\"645787\" src=\"https:\/\/cdn.deultimominuto.net\/wp-content\/uploads\/2026\/04\/WhatsApp-Image-2026-04-24-at-8.24.31-PM-1-1024x576.jpeg\" alt=\"Gobierno ha mitigado efectos de la inflaci\u00f3n, afirma Yayo Sanz Lovat\u00f3n - Noticias de hoy en Rep\u00fablica Dominicana | De \u00daltimo Minuto\" class=\"wp-image-645787\" title=\"Gobierno ha mitigado efectos de la inflaci\u00f3n, afirma Yayo Sanz Lovat\u00f3n | 7 |\"><\/figure>\n<\/figure>\n<p>\u200bSanto Domingo.\u2013 El Gobierno dominicano afirm\u00f3 este viernes que contin\u00faa fortaleciendo su estrategia para enfrentar la crisis econ\u00f3mica internacional mediante la incorporaci\u00f3n de propuestas surgidas en las reuniones que sostiene con distintos sectores de la sociedad. Tras un encuentro con representantes de la comunidad evang\u00e9lica, el ministro de Industria, Comercio y Mipymes, Eduardo \u201cYayo\u201d Sanz\u00a0\u00a0Nacionales, Estados Unidos, Gobierno, Inflaci\u00f3n, Ir\u00e1n, Jos\u00e9 Ignacio Paliza, Yayo Sanz Lovat\u00f3n\u00a0\u00a0<\/p>\n","protected":false},"excerpt":{"rendered":"<p>Santo Domingo.\u2013 El Gobierno dominicano afirm\u00f3 este viernes que contin\u00faa fortaleciendo su estrategia para enfrentar la crisis econ\u00f3mica internacional mediante la incorporaci\u00f3n de propuestas surgidas en las reuniones que sostiene con distintos sectores de la sociedad. Tras un encuentro con representantes de la comunidad evang\u00e9lica, el ministro de Industria, Comercio y Mipymes, Eduardo \u201cYayo\u201d Sanz [&hellip;]<\/p>\n","protected":false},"author":1,"featured_media":23681,"comment_status":"open","ping_status":"open","sticky":false,"template":"","format":"standard","meta":{"amp_status":"","footnotes":""},"categories":[3],"tags":[],"class_list":["post-23680","post","type-post","status-publish","format-standard","has-post-thumbnail","hentry","category-de-ultimo-minuto"],"_links":{"self":[{"href":"https:\/\/ermdigital.com\/index.php\/wp-json\/wp\/v2\/posts\/23680","targetHints":{"allow":["GET"]}}],"collection":[{"href":"https:\/\/ermdigital.com\/index.php\/wp-json\/wp\/v2\/posts"}],"about":[{"href":"https:\/\/ermdigital.com\/index.php\/wp-json\/wp\/v2\/types\/post"}],"author":[{"embeddable":true,"href":"https:\/\/ermdigital.com\/index.php\/wp-json\/wp\/v2\/users\/1"}],"replies":[{"embeddable":true,"href":"https:\/\/ermdigital.com\/index.php\/wp-json\/wp\/v2\/comments?post=23680"}],"version-history":[{"count":0,"href":"https:\/\/ermdigital.com\/index.php\/wp-json\/wp\/v2\/posts\/23680\/revisions"}],"wp:featuredmedia":[{"embeddable":true,"href":"https:\/\/ermdigital.com\/index.php\/wp-json\/wp\/v2\/media\/23681"}],"wp:attachment":[{"href":"https:\/\/ermdigital.com\/index.php\/wp-json\/wp\/v2\/media?parent=23680"}],"wp:term":[{"taxonomy":"category","embeddable":true,"href":"https:\/\/ermdigital.com\/index.php\/wp-json\/wp\/v2\/categories?post=23680"},{"taxonomy":"post_tag","embeddable":true,"href":"https:\/\/ermdigital.com\/index.php\/wp-json\/wp\/v2\/tags?post=23680"}],"curies":[{"name":"wp","href":"https:\/\/api.w.org\/{rel}","templated":true}]}}