{"id":23668,"date":"2026-04-24T22:13:20","date_gmt":"2026-04-25T02:13:20","guid":{"rendered":"https:\/\/ermdigital.com\/index.php\/2026\/04\/24\/reconocen-trayectoria-del-periodista-estarlyn-carela-morillo-en-el-limon\/"},"modified":"2026-04-24T22:13:20","modified_gmt":"2026-04-25T02:13:20","slug":"reconocen-trayectoria-del-periodista-estarlyn-carela-morillo-en-el-limon","status":"publish","type":"post","link":"https:\/\/ermdigital.com\/index.php\/2026\/04\/24\/reconocen-trayectoria-del-periodista-estarlyn-carela-morillo-en-el-limon\/","title":{"rendered":"Reconocen trayectoria del periodista Estarlyn Carela Morillo en El Lim\u00f3n"},"content":{"rendered":"<p><strong>El Lim\u00f3n, Saman\u00e1.\u2013<\/strong> El Concejo de Regidores del Distrito Municipal de El Lim\u00f3n reconoci\u00f3 este 24 de abril la <a href=\"https:\/\/deultimominuto.net\/estilo\/victor-bautista-el-periodista\/\">trayectoria<\/a> del periodista Estarlyn Carela Morillo, mediante la Resoluci\u00f3n No. 12-25, durante el acto de Rendici\u00f3n de Cuentas del ayuntamiento.<\/p>\n<p>La propuesta sometida ante el Concejo fue presentada por la concejal y presidenta en funciones del Consejo de Regidores, licenciada Mireya Fr\u00edas Alcal\u00e1.<\/p>\n<p>La distinci\u00f3n fue entregada en un acto solemne encabezado por la regidora Mireya Fr\u00edas, junto al alcalde Fernando Mercado y dem\u00e1s miembros del Concejo, quienes destacaron los aportes del comunicador al desarrollo de la comunidad, as\u00ed como su compromiso con una informaci\u00f3n veraz y objetiva en esta importante zona tur\u00edstica de la provincia.<\/p>\n<p>Carela Morillo, con m\u00e1s de 15 a\u00f1os de ejercicio period\u00edstico, ha dado seguimiento constante a los principales temas sociales y pol\u00edticos de la zona, consolid\u00e1ndose como una voz influyente en la opini\u00f3n p\u00fablica local.<\/p>\n<h5 class=\"wp-block-heading\"><strong>Recomendamos leer:<a href=\"https:\/\/deultimominuto.net\/nacionales\/leonardo-ortiz-es-reconocido\/\">Leonardo Ortiz es reconocido como \u201cPeriodista del A\u00f1o\u201d en San Crist\u00f3bal<\/a><\/strong><\/h5>\n<p>Al recibir el reconocimiento, agradeci\u00f3 a la regidora Mireya Fr\u00edas, al alcalde Fernando Mercado y a los dem\u00e1s regidores por valorar su trayectoria, y reafirm\u00f3 su compromiso de continuar trabajando en favor de la comunidad de El Lim\u00f3n.<\/p>\n<p>Este reconocimiento marca un precedente, al convertirse en el primer comunicador distinguido por las autoridades municipales de ese distrito, resaltando que la dedicaci\u00f3n, la constancia y el ejercicio responsable del periodismo s\u00ed dejan huellas.<\/p>\n<figure class=\"wp-block-gallery has-nested-images columns-default is-cropped wp-block-gallery-1 is-layout-flex wp-block-gallery-is-layout-flex\">\n<figure class=\"wp-block-image size-large\"><img loading=\"lazy\" decoding=\"async\" width=\"1024\" height=\"683\" data-id=\"645821\" src=\"https:\/\/cdn.deultimominuto.net\/wp-content\/uploads\/2026\/04\/WhatsApp-Image-2026-04-24-at-10.07.44-PM-2-1024x683.jpeg\" alt=\"Reconocen trayectoria del periodista Estarlyn Carela Morillo en El Lim\u00f3n - Noticias de hoy en Rep\u00fablica Dominicana | De \u00daltimo Minuto\" class=\"wp-image-645821\" title=\"Reconocen trayectoria del periodista Estarlyn Carela Morillo en El Lim\u00f3n | 1 |\"><\/figure>\n<figure class=\"wp-block-image size-large\"><img loading=\"lazy\" decoding=\"async\" width=\"1024\" height=\"683\" data-id=\"645822\" src=\"https:\/\/cdn.deultimominuto.net\/wp-content\/uploads\/2026\/04\/WhatsApp-Image-2026-04-24-at-10.07.44-PM-1-1024x683.jpeg\" alt=\"Reconocen trayectoria del periodista Estarlyn Carela Morillo en El Lim\u00f3n - Noticias de hoy en Rep\u00fablica Dominicana | De \u00daltimo Minuto\" class=\"wp-image-645822\" title=\"Reconocen trayectoria del periodista Estarlyn Carela Morillo en El Lim\u00f3n | 2 |\"><\/figure>\n<\/figure>\n<p>\u200bEl Lim\u00f3n, Saman\u00e1.\u2013 El Concejo de Regidores del Distrito Municipal de El Lim\u00f3n reconoci\u00f3 este 24 de abril la trayectoria del periodista Estarlyn Carela Morillo, mediante la Resoluci\u00f3n No. 12-25, durante el acto de Rendici\u00f3n de Cuentas del ayuntamiento. La propuesta sometida ante el Concejo fue presentada por la concejal y presidenta en funciones del\u00a0\u00a0Nacionales, Estarlyn Carela Morillo, Mireya Fr\u00edas, REGIDORES\u00a0\u00a0<\/p>\n","protected":false},"excerpt":{"rendered":"<p>El Lim\u00f3n, Saman\u00e1.\u2013 El Concejo de Regidores del Distrito Municipal de El Lim\u00f3n reconoci\u00f3 este 24 de abril la trayectoria del periodista Estarlyn Carela Morillo, mediante la Resoluci\u00f3n No. 12-25, durante el acto de Rendici\u00f3n de Cuentas del ayuntamiento. La propuesta sometida ante el Concejo fue presentada por la concejal y presidenta en funciones del [&hellip;]<\/p>\n","protected":false},"author":1,"featured_media":23669,"comment_status":"open","ping_status":"open","sticky":false,"template":"","format":"standard","meta":{"amp_status":"","footnotes":""},"categories":[3],"tags":[],"class_list":["post-23668","post","type-post","status-publish","format-standard","has-post-thumbnail","hentry","category-de-ultimo-minuto"],"_links":{"self":[{"href":"https:\/\/ermdigital.com\/index.php\/wp-json\/wp\/v2\/posts\/23668","targetHints":{"allow":["GET"]}}],"collection":[{"href":"https:\/\/ermdigital.com\/index.php\/wp-json\/wp\/v2\/posts"}],"about":[{"href":"https:\/\/ermdigital.com\/index.php\/wp-json\/wp\/v2\/types\/post"}],"author":[{"embeddable":true,"href":"https:\/\/ermdigital.com\/index.php\/wp-json\/wp\/v2\/users\/1"}],"replies":[{"embeddable":true,"href":"https:\/\/ermdigital.com\/index.php\/wp-json\/wp\/v2\/comments?post=23668"}],"version-history":[{"count":0,"href":"https:\/\/ermdigital.com\/index.php\/wp-json\/wp\/v2\/posts\/23668\/revisions"}],"wp:featuredmedia":[{"embeddable":true,"href":"https:\/\/ermdigital.com\/index.php\/wp-json\/wp\/v2\/media\/23669"}],"wp:attachment":[{"href":"https:\/\/ermdigital.com\/index.php\/wp-json\/wp\/v2\/media?parent=23668"}],"wp:term":[{"taxonomy":"category","embeddable":true,"href":"https:\/\/ermdigital.com\/index.php\/wp-json\/wp\/v2\/categories?post=23668"},{"taxonomy":"post_tag","embeddable":true,"href":"https:\/\/ermdigital.com\/index.php\/wp-json\/wp\/v2\/tags?post=23668"}],"curies":[{"name":"wp","href":"https:\/\/api.w.org\/{rel}","templated":true}]}}