{"id":23666,"date":"2026-04-24T22:21:47","date_gmt":"2026-04-25T02:21:47","guid":{"rendered":"https:\/\/ermdigital.com\/index.php\/2026\/04\/24\/por-lesion-carlos-alcaraz-renuncia-a-defender-titulo-de-roland-garros\/"},"modified":"2026-04-24T22:21:47","modified_gmt":"2026-04-25T02:21:47","slug":"por-lesion-carlos-alcaraz-renuncia-a-defender-titulo-de-roland-garros","status":"publish","type":"post","link":"https:\/\/ermdigital.com\/index.php\/2026\/04\/24\/por-lesion-carlos-alcaraz-renuncia-a-defender-titulo-de-roland-garros\/","title":{"rendered":"Por lesi\u00f3n Carlos Alcaraz renuncia a defender t\u00edtulo de Roland Garros"},"content":{"rendered":"<p>\u00a0\u00a0<\/p>\n<p>El n\u00famero dos del mundo, <strong>Carlos Alcaraz<\/strong>, anunci\u00f3 este viernes su baja por su lesi\u00f3n en la mu\u00f1eca para el pr\u00f3ximo torneo de <strong>Roland Garros<\/strong> (24 de mayo-7 de junio), donde deb\u00eda defender el t\u00edtulo.<\/p>\n<p>\"Despu\u00e9s de los resultados de las pruebas realizadas hoy, hemos decidido que lo m\u00e1s prudente es ser cautos y <strong>no participar<\/strong> en <strong>Roma<\/strong> y <strong>Roland Garros<\/strong>\", afirm\u00f3 el dos veces campe\u00f3n en Par\u00eds para aludir a los dos grandes torneos finales de la temporada sobre tierra batida, en un comunicado en sus redes sociales.<\/p>\n<p>El tenista espa\u00f1ol <strong>se retir\u00f3<\/strong> la semana pasada del torneo de Barcelona, tras sufrir unos problemas en la mu\u00f1eca derecha durante su victoria sobre el finland\u00e9s Otto Virtanen, en primera ronda.<\/p>\n<p>El viernes pasado, anunci\u00f3 que <strong>no participar\u00eda<\/strong> en el Masters 1000 de Madrid que comenz\u00f3 el mi\u00e9rcoles, porque su lesi\u00f3n era \"un poquito m\u00e1s seria de lo que de lo que todos nos esper\u00e1bamos\".<\/p>\n<p><i>\"Yo prefiero volver un poquito m\u00e1s tarde, pero muy bien, que volver pronto corriendo y mal.\"<\/i><strong>Carlos Alcaraz<\/strong>Tenista\u201c<\/p>\n<p>El tenista espa\u00f1ol, campe\u00f3n de <strong>Roland Garros<\/strong> en 2024 y 2025, adelant\u00f3 que <strong>no forzar\u00eda<\/strong> para llegar a la cita parisina, durante una intervenci\u00f3n en los premios Laureus del deporte la pasada semana.<\/p>\n<p>\"Si Dios quiere, tenemos una carrera muy larga, muchos a\u00f1os por delante y que fuerce en este <strong>Roland Garros<\/strong> me puede perjudicar mucho para los torneos futuros\", explic\u00f3 Alcaraz, tras recibir el premio Laureus al mejor deportista del a\u00f1o el lunes.<\/p>\n<p>\"Tenemos claro que esto tiene que recuperarse muy <strong>bien<\/strong> si no quiero que me perjudique luego en el <strong>futuro<\/strong>\", insisti\u00f3 entonces el ganador de siete torneos del Grand Slam, en la gala celebrada en el Palacio de Cibeles de Madrid.<\/p>\n<p>El tenista espa\u00f1ol se remiti\u00f3 durante su <strong>rueda de prensa<\/strong> en los Laureus a una <strong>prueba m\u00e9dica<\/strong> que ten\u00eda prevista para seguir viendo la evoluci\u00f3n de su lesi\u00f3n, tras la que ha decidido cuidarse.<\/p>\n<p>\"Es un <strong>momento complicado<\/strong> para m\u00ed, pero estoy seguro de que saldremos m\u00e1s fuertes de aqu\u00ed\", asegur\u00f3 este viernes Alcaraz, reciente finalista del torneo de Montecarlo, donde cay\u00f3 ante el n\u00famero uno, <strong>Jannik Sinner<\/strong>.<\/p>\n<p>El <strong>italiano<\/strong> inici\u00f3 este viernes su andadura en el Masters 1000 de Madrid, donde la ausencia de \"Carlitos\" impedir\u00e1 ver un nuevo enfrentamiento entre los dos gigante del <strong>tenis<\/strong> actual.<\/p>\n<p>\"Es una <strong>noticia triste<\/strong> para todos. Como <strong>competidor<\/strong>, quieres jugar contra los mejores jugadores del mundo y \u00e9l es, sin duda, el <strong>mejor jugador<\/strong> sobre esta superficie\", dijo Sinner este viernes tras ganar en su debut sobre la tierra batida madrile\u00f1a al franc\u00e9s Benjamin bonzi.<\/p>\n<p>\"Siendo j\u00f3venes como somos, necesitamos mirar por nuestra <strong>salud<\/strong> antes de que puedan pasar <strong>cosas peores<\/strong>\", a\u00f1adi\u00f3 el <strong>italiano<\/strong>.<\/p>\n<p>Sin Alcaraz, Sinner, al que el espa\u00f1ol venci\u00f3 en la final del pasado a\u00f1o sobre la tierra batida parisina, se perfila como el gran favorito para hacerse con su <strong>primer t\u00edtulo<\/strong> de <strong>Roland Garros<\/strong>.<\/p>\n<p>\"Es una muy <strong>mala noticia<\/strong>, no me lo esperaba pero \u00e9l y su equipo saben muy <strong>bien<\/strong> lo que hacen\", afirm\u00f3 Sinner, quien confi\u00f3 en que Alcaraz pueda volver para Wimbledon.<\/p>\n<p>Alcaraz no adelant\u00f3 ninguna fecha para su vuelta a las pistas, \"a la espera de valorar la evoluci\u00f3n\" de la lesi\u00f3n que marcar\u00e1 su <strong>decisi\u00f3n<\/strong>.<\/p>\n<p>\"Yo prefiero volver un poquito m\u00e1s tarde, pero muy <strong>bien<\/strong>, que <strong>volver pronto<\/strong> corriendo y mal\", hab\u00eda insistido el lunes Alcaraz en los Laureus.<\/p>\n<div class=\"my-12 component web-insert-bullet relative border bg-component\">\n<ul class=\"list-text\">\n<li>\n<p>Los organizadores de Roland Garros emitieron un mensaje en redes sociales tras conocer la noticia: \"Te deseamos todo lo mejor en tu recuperaci\u00f3n, Carlos. \u00a1Te echaremos de menos!\".<\/p>\n<\/li>\n<\/ul>\n<\/div>\n<p>gr\/dr<\/p>\n<div class=\"border-t border-b py-2 my-5 tags-container\"><strong>TEMAS &#8211; <\/strong><\/p>\n<ul>\n<li><\/li>\n<li>\n<div class=\"inline-block border p-2 rounded-full align-middle\">\n<p><a href=\"https:\/\/www.diariolibre.com\/tags\/carlos-alcaraz\/50581\" title=\"Carlos Alcaraz\">Carlos Alcaraz<\/a><\/p>\n<\/div>\n<\/li>\n<li>\n<div class=\"inline-block border p-2 rounded-full align-middle\">\n<p><a href=\"https:\/\/www.diariolibre.com\/tags\/roland-garros\/4215\" title=\"Roland Garros\">Roland Garros<\/a><\/p>\n<\/div>\n<\/li>\n<li>\n<div class=\"inline-block border p-2 rounded-full align-middle\">\n<p><a href=\"https:\/\/www.diariolibre.com\/tags\/jannik-sinner\/95461\" title=\"Jannik Sinner\">Jannik Sinner<\/a><\/p>\n<\/div>\n<\/li>\n<\/ul>\n<\/div>\n<p>\u00a0<\/p>\n","protected":false},"excerpt":{"rendered":"<p>\u00a0\u00a0 El n\u00famero dos del mundo, Carlos Alcaraz, anunci\u00f3 este viernes su baja por su lesi\u00f3n en la mu\u00f1eca para el pr\u00f3ximo torneo de Roland Garros (24 de mayo-7 de junio), donde deb\u00eda defender el t\u00edtulo. \"Despu\u00e9s de los resultados de las pruebas realizadas hoy, hemos decidido que lo m\u00e1s prudente es ser cautos y [&hellip;]<\/p>\n","protected":false},"author":1,"featured_media":23667,"comment_status":"open","ping_status":"open","sticky":false,"template":"","format":"standard","meta":{"amp_status":"","footnotes":""},"categories":[4],"tags":[],"class_list":["post-23666","post","type-post","status-publish","format-standard","has-post-thumbnail","hentry","category-deportes"],"_links":{"self":[{"href":"https:\/\/ermdigital.com\/index.php\/wp-json\/wp\/v2\/posts\/23666","targetHints":{"allow":["GET"]}}],"collection":[{"href":"https:\/\/ermdigital.com\/index.php\/wp-json\/wp\/v2\/posts"}],"about":[{"href":"https:\/\/ermdigital.com\/index.php\/wp-json\/wp\/v2\/types\/post"}],"author":[{"embeddable":true,"href":"https:\/\/ermdigital.com\/index.php\/wp-json\/wp\/v2\/users\/1"}],"replies":[{"embeddable":true,"href":"https:\/\/ermdigital.com\/index.php\/wp-json\/wp\/v2\/comments?post=23666"}],"version-history":[{"count":0,"href":"https:\/\/ermdigital.com\/index.php\/wp-json\/wp\/v2\/posts\/23666\/revisions"}],"wp:featuredmedia":[{"embeddable":true,"href":"https:\/\/ermdigital.com\/index.php\/wp-json\/wp\/v2\/media\/23667"}],"wp:attachment":[{"href":"https:\/\/ermdigital.com\/index.php\/wp-json\/wp\/v2\/media?parent=23666"}],"wp:term":[{"taxonomy":"category","embeddable":true,"href":"https:\/\/ermdigital.com\/index.php\/wp-json\/wp\/v2\/categories?post=23666"},{"taxonomy":"post_tag","embeddable":true,"href":"https:\/\/ermdigital.com\/index.php\/wp-json\/wp\/v2\/tags?post=23666"}],"curies":[{"name":"wp","href":"https:\/\/api.w.org\/{rel}","templated":true}]}}