{"id":23650,"date":"2026-04-24T20:37:38","date_gmt":"2026-04-25T00:37:38","guid":{"rendered":"https:\/\/ermdigital.com\/index.php\/2026\/04\/24\/abinader-juramenta-comision-para-el-funcionamiento-del-museo-historico-de-la-gesta-de-abril\/"},"modified":"2026-04-24T20:37:38","modified_gmt":"2026-04-25T00:37:38","slug":"abinader-juramenta-comision-para-el-funcionamiento-del-museo-historico-de-la-gesta-de-abril","status":"publish","type":"post","link":"https:\/\/ermdigital.com\/index.php\/2026\/04\/24\/abinader-juramenta-comision-para-el-funcionamiento-del-museo-historico-de-la-gesta-de-abril\/","title":{"rendered":"Abinader juramenta comisi\u00f3n para el funcionamiento del Museo Hist\u00f3rico de la Gesta de Abril"},"content":{"rendered":"<p><strong>Santo Domingo.\u2013<\/strong> El presidente Luis Abinader dej\u00f3 juramentada este viernes una comisi\u00f3n que tendr\u00e1 a su cargo encaminar la apertura del Museo Hist\u00f3rico de la Gesta de Abril de 1965, una iniciativa orientada a rescatar y proyectar la memoria de este acontecimiento trascendental.<\/p>\n<p>La disposici\u00f3n, establecida mediante el Decreto 200-26, asigna al equipo la tarea de coordinar los pasos necesarios para que el museo entre en funcionamiento, incluyendo la definici\u00f3n de su estructura administrativa y la selecci\u00f3n de su direcci\u00f3n ejecutiva.<\/p>\n<p>El grupo ser\u00e1 presidido por el abogado Jottin Cury David, quien destac\u00f3 que el proyecto busca convertir la historia en una herramienta de aprendizaje para las nuevas generaciones, fomentando el conocimiento de los valores democr\u00e1ticos y la defensa de la soberan\u00eda nacional.<\/p>\n<p>Durante el acto, realizado en el Palacio Nacional, se resalt\u00f3 la importancia de contar con un espacio que permita comprender el alcance de los acontecimientos de abril de 1965, considerados un punto clave en la historia pol\u00edtica del pa\u00eds.<\/p>\n<h4 class=\"wp-block-heading\"><strong>Recomendamos leer:<a href=\"https:\/\/deultimominuto.net\/enlaces\/\" data-type=\"page\" data-id=\"491852\"> Gobierno dominicano refuerza di\u00e1logo con iglesias ante impacto de crisis global<\/a><\/strong><a href=\"https:\/\/deultimominuto.net\/category\/nacionales\/\"><\/a><\/h4>\n<p>Cury David sostuvo que uno de los principales retos es acercar estos hechos a los j\u00f3venes, muchos de los cuales tienen referencias limitadas sobre lo ocurrido, lo que \u2014advirti\u00f3\u2014 representa un desaf\u00edo para la preservaci\u00f3n de la memoria hist\u00f3rica.<\/p>\n<p>Asimismo, plante\u00f3 la relevancia de ubicar el museo en un lugar con valor simb\u00f3lico, como el edificio Copello, por su papel durante el conflicto.<\/p>\n<p>La comisi\u00f3n estar\u00e1 integrada por diversas personalidades que trabajar\u00e1n de manera honor\u00edfica en el desarrollo de este proyecto, concebido como un espacio educativo y conmemorativo.<\/p>\n<p>Con esta iniciativa, el Gobierno busca fortalecer el conocimiento hist\u00f3rico y rendir tributo a quienes protagonizaron la gesta, promoviendo una mayor conciencia sobre la importancia de la democracia y la identidad nacional.<\/p>\n<p>\u200bSanto Domingo.\u2013 El presidente Luis Abinader dej\u00f3 juramentada este viernes una comisi\u00f3n que tendr\u00e1 a su cargo encaminar la apertura del Museo Hist\u00f3rico de la Gesta de Abril de 1965, una iniciativa orientada a rescatar y proyectar la memoria de este acontecimiento trascendental. La disposici\u00f3n, establecida mediante el Decreto 200-26, asigna al equipo la tarea\u00a0\u00a0Nacionales, Abinader, Gesta de Abril, juramenta\u00a0\u00a0<\/p>\n","protected":false},"excerpt":{"rendered":"<p>Santo Domingo.\u2013 El presidente Luis Abinader dej\u00f3 juramentada este viernes una comisi\u00f3n que tendr\u00e1 a su cargo encaminar la apertura del Museo Hist\u00f3rico de la Gesta de Abril de 1965, una iniciativa orientada a rescatar y proyectar la memoria de este acontecimiento trascendental. La disposici\u00f3n, establecida mediante el Decreto 200-26, asigna al equipo la tarea [&hellip;]<\/p>\n","protected":false},"author":1,"featured_media":23651,"comment_status":"open","ping_status":"open","sticky":false,"template":"","format":"standard","meta":{"amp_status":"","footnotes":""},"categories":[3],"tags":[],"class_list":["post-23650","post","type-post","status-publish","format-standard","has-post-thumbnail","hentry","category-de-ultimo-minuto"],"_links":{"self":[{"href":"https:\/\/ermdigital.com\/index.php\/wp-json\/wp\/v2\/posts\/23650","targetHints":{"allow":["GET"]}}],"collection":[{"href":"https:\/\/ermdigital.com\/index.php\/wp-json\/wp\/v2\/posts"}],"about":[{"href":"https:\/\/ermdigital.com\/index.php\/wp-json\/wp\/v2\/types\/post"}],"author":[{"embeddable":true,"href":"https:\/\/ermdigital.com\/index.php\/wp-json\/wp\/v2\/users\/1"}],"replies":[{"embeddable":true,"href":"https:\/\/ermdigital.com\/index.php\/wp-json\/wp\/v2\/comments?post=23650"}],"version-history":[{"count":0,"href":"https:\/\/ermdigital.com\/index.php\/wp-json\/wp\/v2\/posts\/23650\/revisions"}],"wp:featuredmedia":[{"embeddable":true,"href":"https:\/\/ermdigital.com\/index.php\/wp-json\/wp\/v2\/media\/23651"}],"wp:attachment":[{"href":"https:\/\/ermdigital.com\/index.php\/wp-json\/wp\/v2\/media?parent=23650"}],"wp:term":[{"taxonomy":"category","embeddable":true,"href":"https:\/\/ermdigital.com\/index.php\/wp-json\/wp\/v2\/categories?post=23650"},{"taxonomy":"post_tag","embeddable":true,"href":"https:\/\/ermdigital.com\/index.php\/wp-json\/wp\/v2\/tags?post=23650"}],"curies":[{"name":"wp","href":"https:\/\/api.w.org\/{rel}","templated":true}]}}