{"id":23638,"date":"2026-04-24T21:07:48","date_gmt":"2026-04-25T01:07:48","guid":{"rendered":"https:\/\/ermdigital.com\/index.php\/2026\/04\/24\/el-salvador-condenan-a-madre-y-padrastro-por-homicidio-de-un-menor-de-dos-anos\/"},"modified":"2026-04-24T21:07:48","modified_gmt":"2026-04-25T01:07:48","slug":"el-salvador-condenan-a-madre-y-padrastro-por-homicidio-de-un-menor-de-dos-anos","status":"publish","type":"post","link":"https:\/\/ermdigital.com\/index.php\/2026\/04\/24\/el-salvador-condenan-a-madre-y-padrastro-por-homicidio-de-un-menor-de-dos-anos\/","title":{"rendered":"El Salvador: Condenan a madre y padrastro por homicidio de un menor de dos a\u00f1os"},"content":{"rendered":"<p>En el distrito de\u00a0<strong>Jiquilisco<\/strong>, correspondiente al departamento de\u00a0<strong>Usulut\u00e1n Oeste<\/strong>, la justicia <a href=\"https:\/\/deultimominuto.net\/internacionales\/condenan-a-mas-de-350\/\">salvadore\u00f1a<\/a> dict\u00f3 sentencia contra\u00a0<strong>Wendy Sara\u00ed G.<\/strong>\u00a0y\u00a0<strong>V\u00edctor Geovanny M.,\u00a0<\/strong>quienes recibieron una condena de\u00a0<strong>43 a\u00f1os de prisi\u00f3n cada uno por el homicidio agravado de un ni\u00f1o de apenas dos a\u00f1os<\/strong>.<\/p>\n<p><a href=\"https:\/\/www.infobae.com\/el-salvador\/2026\/04\/24\/el-salvador-asesinato-de-los-hermanos-toledo-y-la-futbolista-jimena-granados-es-atribuido-a-lideres-de-la-ms-13-durante-juicio-a-486-cabecillas\/\" target=\"_blank\" rel=\"noreferrer noopener\"><\/a>Por medio de una publicaci\u00f3n en redes sociales,<strong>\u00a0la Fiscal\u00eda General de la Rep\u00fablica de El Salvador (FGR)<\/strong>\u00a0inform\u00f3 que los condenados,\u00a0<strong>madre y padrastro de la v\u00edctima<\/strong>, fueron hallados culpables tras un proceso judicial que revel\u00f3 un patr\u00f3n de violencia sistem\u00e1tica en el entorno familiar.<\/p>\n<p>Seg\u00fan la informaci\u00f3n difundida por la\u00a0<strong>FGR<\/strong>, la investigaci\u00f3n permiti\u00f3 establecer que ambos responsables ejerc\u00edan\u00a0<strong>maltrato f\u00edsico sobre el menor en su residencia habitual<\/strong>.<\/p>\n<p><a href=\"https:\/\/www.infobae.com\/el-salvador\/2026\/04\/23\/video-de-japones-comiendo-pupusas-con-palillos-desata-debate-cultural-en-redes-sociales-en-el-salvador\/\" target=\"_blank\" rel=\"noreferrer noopener\"><\/a>El caso tom\u00f3 un giro determinante en mayo de 2024, cuando\u00a0<strong>Melgar<\/strong>\u00a0<strong>asfixi\u00f3 al ni\u00f1o. Posteriormente, la pareja traslad\u00f3 al menor a un hospital local bajo el pretexto de un supuesto ataque de epilepsia<\/strong>.\u00a0<strong>El personal m\u00e9dico, al detectar signos evidentes de violencia, activ\u00f3 el protocolo de muerte sospechosa y alert\u00f3 a las autoridades competentes<\/strong>.Wendy Sara\u00ed G. y V\u00edctor Geovanny M. fueron condenados a 43 a\u00f1os de prisi\u00f3n por el homicidio de un ni\u00f1o de dos a\u00f1os en Jiquilisco. (Cortes\u00eda: Fiscal\u00eda General de La Rep\u00fablica de El Salvador)<\/p>\n<p>A ra\u00edz de la notificaci\u00f3n del hospital, las autoridades procedieron a la captura de los implicados, quienes fueron puestos a disposici\u00f3n judicial para responder por el homicidio del menor.<\/p>\n<h5 class=\"wp-block-heading\"><strong>Recomendamos leer:<a href=\"https:\/\/deultimominuto.net\/internacionales\/16-anos-de-carcel-para-mujer\/\">16 a\u00f1os de c\u00e1rcel para mujer que arroj\u00f3 su reci\u00e9n nacido a una fosa s\u00e9ptica en El Salvador<\/a><\/strong><\/h5>\n<h2 class=\"wp-block-heading\"><a href=\"https:\/\/www.infobae.com\/el-salvador\/2026\/04\/24\/la-ligue-1-de-francia-viraliza-la-bala-de-los-hermanos-flores-y-celebra-la-cumbia-salvadorena\/\" target=\"_blank\" rel=\"noreferrer noopener\"><\/a><strong>Omisi\u00f3n de auxilio y complicidad: el rol de la madre en el homicidio del menor<\/strong><\/h2>\n<p>Los m\u00e9dicos del hospital notificaron a las autoridades al observar lesiones incompatibles con un accidente o un cuadro m\u00e9dico espont\u00e1neo de parte del beb\u00e9. Esta medida permiti\u00f3 iniciar una investigaci\u00f3n exhaustiva que incluy\u00f3 pruebas forenses, testimonios de vecinos y registros m\u00e9dicos anteriores, los cuales evidenciaron un historial de violencia.<\/p>\n<p>La\u00a0<strong>Fiscal\u00eda salvadore\u00f1a<\/strong>\u00a0sostuvo durante el juicio que la madre,\u00a0<strong>Wendy<\/strong>, no intervino para frenar el ataque, a pesar de encontrarse presente en el momento de los hechos. Esta omisi\u00f3n result\u00f3 determinante para la configuraci\u00f3n del delito y la magnitud de la condena impuesta.<\/p>\n<p>De acuerdo con la informaci\u00f3n publicada por la\u00a0<strong>FGR<\/strong>, la actuaci\u00f3n de la madre fue evaluada como una complicidad directa en el homicidio, lo que llev\u00f3 al tribunal a imponerle la misma pena que a su pareja.<\/p>\n<p>El\u00a0<strong>Tribunal de Sentencia de Usulut\u00e1n<\/strong>\u00a0fue el encargado de dictar la resoluci\u00f3n, tras analizar las pruebas presentadas por la\u00a0<strong>Fiscal\u00eda<\/strong>. \u201cLa evidencia recabada permiti\u00f3 demostrar la responsabilidad penal de ambos imputados en la muerte del menor\u201d, se lee en el post. El caso gener\u00f3 conmoci\u00f3n en la comunidad local y reaviv\u00f3 el debate sobre la protecci\u00f3n de los derechos de la infancia en\u00a0<strong>El Salvador<\/strong>.El caso fue esclarecido tras la activaci\u00f3n del protocolo de muerte sospechosa en el hospital donde ingresaron al menor. (Cortes\u00eda: Beb\u00e9s y m\u00e1s)<\/p>\n<p>El drama vivido por la v\u00edctima y la contundencia de la respuesta judicial han puesto nuevamente en el centro del debate la necesidad de fortalecer los mecanismos de prevenci\u00f3n y detecci\u00f3n de abusos en el hogar.<\/p>\n<h5 class=\"wp-block-heading\"><strong>Tambi\u00e9n puedes leer: <a href=\"https:\/\/deultimominuto.net\/internacionales\/el-inedito-megajuicio-contra-mas\/\">El in\u00e9dito megajuicio contra m\u00e1s de 400 presuntos pandilleros avanza en El Salvador<\/a><\/strong><\/h5>\n<p>La\u00a0<strong>FGR<\/strong>\u00a0reiter\u00f3 su compromiso de investigar todos los casos de violencia contra menores.<\/p>\n<p>El expediente judicial qued\u00f3 cerrado tras la sentencia del\u00a0<strong>Tribunal de Sentencia de Usulut\u00e1n.<\/strong><\/p>\n<p>La sociedad salvadore\u00f1a observa con atenci\u00f3n el desarrollo de este y otros casos similares, mientras persiste la exigencia de justicia y protecci\u00f3n efectiva para la ni\u00f1ez.<\/p>\n<figure class=\"wp-block-image size-full\"><img loading=\"lazy\" decoding=\"async\" width=\"992\" height=\"661\" src=\"https:\/\/cdn.deultimominuto.net\/wp-content\/uploads\/2026\/04\/image-4-17.jpg\" alt=\"El Salvador: Condenan a madre y padrastro por homicidio de un menor de dos a\u00f1os - Noticias de hoy en Rep\u00fablica Dominicana | De \u00daltimo Minuto\" class=\"wp-image-645763\" title=\"El Salvador: Condenan a madre y padrastro por homicidio de un menor de dos a\u00f1os | 3 |\"><\/figure>\n<p>\u200bEn el distrito de\u00a0Jiquilisco, correspondiente al departamento de\u00a0Usulut\u00e1n Oeste, la justicia salvadore\u00f1a dict\u00f3 sentencia contra\u00a0Wendy Sara\u00ed G.\u00a0y\u00a0V\u00edctor Geovanny M.,\u00a0quienes recibieron una condena de\u00a043 a\u00f1os de prisi\u00f3n cada uno por el homicidio agravado de un ni\u00f1o de apenas dos a\u00f1os. Por medio de una publicaci\u00f3n en redes sociales,\u00a0la Fiscal\u00eda General de la Rep\u00fablica de El Salvador\u00a0\u00a0Internacionales, El Salvador, V\u00edctor Geovanny M.\u00a0\u00a0<\/p>\n","protected":false},"excerpt":{"rendered":"<p>En el distrito de\u00a0Jiquilisco, correspondiente al departamento de\u00a0Usulut\u00e1n Oeste, la justicia salvadore\u00f1a dict\u00f3 sentencia contra\u00a0Wendy Sara\u00ed G.\u00a0y\u00a0V\u00edctor Geovanny M.,\u00a0quienes recibieron una condena de\u00a043 a\u00f1os de prisi\u00f3n cada uno por el homicidio agravado de un ni\u00f1o de apenas dos a\u00f1os. Por medio de una publicaci\u00f3n en redes sociales,\u00a0la Fiscal\u00eda General de la Rep\u00fablica de El Salvador [&hellip;]<\/p>\n","protected":false},"author":1,"featured_media":23639,"comment_status":"open","ping_status":"open","sticky":false,"template":"","format":"standard","meta":{"amp_status":"","footnotes":""},"categories":[3],"tags":[],"class_list":["post-23638","post","type-post","status-publish","format-standard","has-post-thumbnail","hentry","category-de-ultimo-minuto"],"_links":{"self":[{"href":"https:\/\/ermdigital.com\/index.php\/wp-json\/wp\/v2\/posts\/23638","targetHints":{"allow":["GET"]}}],"collection":[{"href":"https:\/\/ermdigital.com\/index.php\/wp-json\/wp\/v2\/posts"}],"about":[{"href":"https:\/\/ermdigital.com\/index.php\/wp-json\/wp\/v2\/types\/post"}],"author":[{"embeddable":true,"href":"https:\/\/ermdigital.com\/index.php\/wp-json\/wp\/v2\/users\/1"}],"replies":[{"embeddable":true,"href":"https:\/\/ermdigital.com\/index.php\/wp-json\/wp\/v2\/comments?post=23638"}],"version-history":[{"count":0,"href":"https:\/\/ermdigital.com\/index.php\/wp-json\/wp\/v2\/posts\/23638\/revisions"}],"wp:featuredmedia":[{"embeddable":true,"href":"https:\/\/ermdigital.com\/index.php\/wp-json\/wp\/v2\/media\/23639"}],"wp:attachment":[{"href":"https:\/\/ermdigital.com\/index.php\/wp-json\/wp\/v2\/media?parent=23638"}],"wp:term":[{"taxonomy":"category","embeddable":true,"href":"https:\/\/ermdigital.com\/index.php\/wp-json\/wp\/v2\/categories?post=23638"},{"taxonomy":"post_tag","embeddable":true,"href":"https:\/\/ermdigital.com\/index.php\/wp-json\/wp\/v2\/tags?post=23638"}],"curies":[{"name":"wp","href":"https:\/\/api.w.org\/{rel}","templated":true}]}}