{"id":23636,"date":"2026-04-24T21:14:06","date_gmt":"2026-04-25T01:14:06","guid":{"rendered":"https:\/\/ermdigital.com\/index.php\/2026\/04\/24\/santiago-refuerza-su-proyeccion-internacional-como-destino-turistico-de-eventos-afirma-brenda-sanchez\/"},"modified":"2026-04-24T21:14:06","modified_gmt":"2026-04-25T01:14:06","slug":"santiago-refuerza-su-proyeccion-internacional-como-destino-turistico-de-eventos-afirma-brenda-sanchez","status":"publish","type":"post","link":"https:\/\/ermdigital.com\/index.php\/2026\/04\/24\/santiago-refuerza-su-proyeccion-internacional-como-destino-turistico-de-eventos-afirma-brenda-sanchez\/","title":{"rendered":"Santiago refuerza su proyecci\u00f3n internacional como destino tur\u00edstico de eventos, afirma Brenda S\u00e1nchez"},"content":{"rendered":"<p><strong>Santiago<\/strong>.- La presidenta del Cl\u00faster Santiago Destino Tur\u00edstico, Brenda S\u00e1nchez, destac\u00f3 los avances alcanzados en la proyecci\u00f3n de la ciudad como un importante destino para el turismo de eventos, gracias al trabajo conjunto con la Alcald\u00eda y otros actores del sector.<\/p>\n<p>S\u00e1nchez subray\u00f3 que la participaci\u00f3n de Santiago en ferias internacionales ha sido clave para posicionar la ciudad en nuevos mercados, as\u00ed como para atraer organizadores de eventos y visitantes. Indic\u00f3 que la estrategia incluye el patrocinio y apoyo a diversas actividades, con el objetivo de dinamizar la econom\u00eda local y fortalecer la oferta tur\u00edstica.<\/p>\n<blockquote class=\"wp-block-quote is-layout-flow wp-block-quote-is-layout-flow\">\n<p>\u201cLa Alcald\u00eda ha jugado un rol fundamental en este proceso, impulsando iniciativas que permiten que m\u00e1s eventos lleguen a Santiago y contribuyan a su desarrollo\u201d, expres\u00f3.<\/p>\n<\/blockquote>\n<p>Asimismo, la presidenta del cl\u00faster resalt\u00f3 que en el \u00faltimo a\u00f1o se han logrado importantes avances en la consolidaci\u00f3n de la Ciudad Coraz\u00f3n como destino tur\u00edstico, fruto de la colaboraci\u00f3n entre el sector p\u00fablico y privado. Estos esfuerzos han permitido ampliar la visibilidad de la ciudad y generar nuevas oportunidades para el sector.<\/p>\n<h6 class=\"wp-block-heading has-text-align-center\"><strong>Tambi\u00e9n puedes leer: <a href=\"https:\/\/deultimominuto.net\/nacionales\/diputada-afirma-santiago\/\" data-type=\"link\" data-id=\"https:\/\/deultimominuto.net\/nacionales\/diputada-afirma-santiago\/\">Diputada afirma Santiago \u201ctiene el alcalde que se merece\u201d y destaca ejecuci\u00f3n de obras en tiempo r\u00e9cord<\/a><\/strong><\/h6>\n<p>En cuanto a los planes futuros, S\u00e1nchez adelant\u00f3 que se continuar\u00e1 trabajando en estrategias para fortalecer la infraestructura, aumentar la promoci\u00f3n internacional y consolidar alianzas que aseguren el crecimiento sostenido del turismo en la ciudad.<\/p>\n<p><a href=\"https:\/\/www.youtube.com\/@deultimominutotv\" data-type=\"link\" data-id=\"https:\/\/www.youtube.com\/@deultimominutotv\" target=\"_blank\" rel=\"noopener\">El <\/a>discurso, considerado un balance de gesti\u00f3n, tambi\u00e9n sirvi\u00f3 para delinear los retos pendientes y las metas a corto y mediano plazo, con miras a posicionar a la provincia como uno de los principales destinos tur\u00edsticos del pa\u00eds.<\/p>\n<p>\u200bSantiago.- La presidenta del Cl\u00faster Santiago Destino Tur\u00edstico, Brenda S\u00e1nchez, destac\u00f3 los avances alcanzados en la proyecci\u00f3n de la ciudad como un importante destino para el turismo de eventos, gracias al trabajo conjunto con la Alcald\u00eda y otros actores del sector. S\u00e1nchez subray\u00f3 que la participaci\u00f3n de Santiago en ferias internacionales ha sido clave para\u00a0\u00a0Nacionales, Santiago\u00a0\u00a0<\/p>\n","protected":false},"excerpt":{"rendered":"<p>Santiago.- La presidenta del Cl\u00faster Santiago Destino Tur\u00edstico, Brenda S\u00e1nchez, destac\u00f3 los avances alcanzados en la proyecci\u00f3n de la ciudad como un importante destino para el turismo de eventos, gracias al trabajo conjunto con la Alcald\u00eda y otros actores del sector. S\u00e1nchez subray\u00f3 que la participaci\u00f3n de Santiago en ferias internacionales ha sido clave para [&hellip;]<\/p>\n","protected":false},"author":1,"featured_media":23637,"comment_status":"open","ping_status":"open","sticky":false,"template":"","format":"standard","meta":{"amp_status":"","footnotes":""},"categories":[3],"tags":[],"class_list":["post-23636","post","type-post","status-publish","format-standard","has-post-thumbnail","hentry","category-de-ultimo-minuto"],"_links":{"self":[{"href":"https:\/\/ermdigital.com\/index.php\/wp-json\/wp\/v2\/posts\/23636","targetHints":{"allow":["GET"]}}],"collection":[{"href":"https:\/\/ermdigital.com\/index.php\/wp-json\/wp\/v2\/posts"}],"about":[{"href":"https:\/\/ermdigital.com\/index.php\/wp-json\/wp\/v2\/types\/post"}],"author":[{"embeddable":true,"href":"https:\/\/ermdigital.com\/index.php\/wp-json\/wp\/v2\/users\/1"}],"replies":[{"embeddable":true,"href":"https:\/\/ermdigital.com\/index.php\/wp-json\/wp\/v2\/comments?post=23636"}],"version-history":[{"count":0,"href":"https:\/\/ermdigital.com\/index.php\/wp-json\/wp\/v2\/posts\/23636\/revisions"}],"wp:featuredmedia":[{"embeddable":true,"href":"https:\/\/ermdigital.com\/index.php\/wp-json\/wp\/v2\/media\/23637"}],"wp:attachment":[{"href":"https:\/\/ermdigital.com\/index.php\/wp-json\/wp\/v2\/media?parent=23636"}],"wp:term":[{"taxonomy":"category","embeddable":true,"href":"https:\/\/ermdigital.com\/index.php\/wp-json\/wp\/v2\/categories?post=23636"},{"taxonomy":"post_tag","embeddable":true,"href":"https:\/\/ermdigital.com\/index.php\/wp-json\/wp\/v2\/tags?post=23636"}],"curies":[{"name":"wp","href":"https:\/\/api.w.org\/{rel}","templated":true}]}}