{"id":23634,"date":"2026-04-24T21:15:04","date_gmt":"2026-04-25T01:15:04","guid":{"rendered":"https:\/\/ermdigital.com\/index.php\/2026\/04\/24\/tosferina-en-honduras-deja-10-muertos-y-mas-de-120-contagios-en-lo-que-va-del-ano\/"},"modified":"2026-04-24T21:15:04","modified_gmt":"2026-04-25T01:15:04","slug":"tosferina-en-honduras-deja-10-muertos-y-mas-de-120-contagios-en-lo-que-va-del-ano","status":"publish","type":"post","link":"https:\/\/ermdigital.com\/index.php\/2026\/04\/24\/tosferina-en-honduras-deja-10-muertos-y-mas-de-120-contagios-en-lo-que-va-del-ano\/","title":{"rendered":"Tosferina en Honduras deja 10 muertos y m\u00e1s de 120 contagios en lo que va del a\u00f1o"},"content":{"rendered":"<p>La\u00a0<strong>tosferina<\/strong>, una enfermedad prevenible mediante vacunaci\u00f3n, ha provocado una nueva alerta sanitaria en\u00a0<a href=\"https:\/\/deultimominuto.net\/internacionales\/tragedia-en-honduras-deja\/\"><strong>Honduras<\/strong>\u00a0<\/a>tras el reporte de un sensible aumento en el n\u00famero de casos y fallecimientos. Seg\u00fan datos oficiales,\u00a0<strong>ya se contabilizan 122 contagios y 10 muertes entre enero y abril de 2026<\/strong>, cifras que superan el total registrado durante todo el a\u00f1o anterior.<\/p>\n<p><a href=\"https:\/\/www.infobae.com\/honduras\/2026\/04\/24\/de-la-confianza-al-crimen-capturan-a-abogado-por-el-presunto-asesinato-de-ciudadana-estadounidense-en-roatan\/\" target=\"_blank\" rel=\"noreferrer noopener\"><\/a>La confirmaci\u00f3n fue realizada por\u00a0<strong>Leticia Puerto<\/strong>, t\u00e9cnica del Programa Ampliado de Inmunizaci\u00f3n (PAI), quien advirti\u00f3 que la tendencia es ascendente y afecta principalmente a los sectores m\u00e1s vulnerables, en particular\u00a0<strong>ni\u00f1os menores de un a\u00f1o y reci\u00e9n nacidos<\/strong>.<\/p>\n<p>\u201c<em><strong>Van en incremento el n\u00famero de casos y est\u00e1n aumentando tambi\u00e9n las muertes, ya llevamos 122 casos de tosferina, superando el n\u00famero de casos que tuvimos el a\u00f1o pasado durante esos doce meses\u201d<\/strong><\/em>, detall\u00f3 Puerto.<\/p>\n<p><a href=\"https:\/\/www.infobae.com\/honduras\/2026\/04\/23\/policia-de-honduras-investiga-un-presunto-secuestro-que-habria-sido-simulado-por-una-menor\/\" target=\"_blank\" rel=\"noreferrer noopener\"><\/a>Personal de salud mantiene jornadas de vacunaci\u00f3n para prevenir la tosferina, una enfermedad que ya deja 10 fallecidos y m\u00e1s de 120 casos en Honduras durante 2026. (FOTO: Secretar\u00eda de Salud)<\/p>\n<p>La situaci\u00f3n se agrav\u00f3 con la reciente confirmaci\u00f3n de una nueva v\u00edctima en el\u00a0<strong>Distrito Central<\/strong>, donde ya se reportan tres decesos, incluido el de un reci\u00e9n nacido.<\/p>\n<p><strong>Recomendamos leer:<a href=\"https:\/\/deultimominuto.net\/internacionales\/doble-tragedia-infantil\/\">Doble tragedia infantil: Dos beb\u00e9s mueren en menos de una semana tras ser vacunadas en Honduras<\/a><\/strong><\/p>\n<p>Las autoridades sanitarias han expresado preocupaci\u00f3n por la r\u00e1pida propagaci\u00f3n de la infecci\u00f3n, causada por la bacteria\u00a0<strong>Bordetella pertussis<\/strong>, que se transmite a trav\u00e9s de got\u00edculas respiratorias y puede ser especialmente peligrosa en lactantes que todav\u00eda no han iniciado su esquema de vacunaci\u00f3n.<\/p>\n<p><a href=\"https:\/\/www.infobae.com\/honduras\/2026\/04\/24\/protesta-de-inversionistas-de-koriun-paraliza-choloma-y-reaviva-debate-sobre-esquemas-financieros-en-honduras\/\" target=\"_blank\" rel=\"noreferrer noopener\"><\/a>La\u00a0<strong>Secretar\u00eda de Salud<\/strong>\u00a0reiter\u00f3 el llamado a la poblaci\u00f3n para actualizar los esquemas de inmunizaci\u00f3n, principal herramienta para prevenir la enfermedad y evitar desenlaces fatales.<\/p>\n<figure class=\"wp-block-image size-full is-resized\"><img loading=\"lazy\" decoding=\"async\" width=\"992\" height=\"744\" src=\"https:\/\/cdn.deultimominuto.net\/wp-content\/uploads\/2026\/04\/image-4-19.jpg\" alt=\"Tosferina en Honduras deja 10 muertos y m\u00e1s de 120 contagios en lo que va del a\u00f1o - Noticias de hoy en Rep\u00fablica Dominicana | De \u00daltimo Minuto\" class=\"wp-image-645770\" title=\"Tosferina en Honduras deja 10 muertos y m\u00e1s de 120 contagios en lo que va del a\u00f1o | 1 |\"><\/figure>\n<p><em><strong>\u201cComo lo hemos dicho siempre, la tosferina es una enfermedad que es prevenible a trav\u00e9s de la vacunaci\u00f3n, as\u00ed que es importante que los ni\u00f1os reciban las vacunas, as\u00ed como las embarazadas\u201d<\/strong><\/em>, subray\u00f3 Puerto.Honduras supera las cifras de tosferina registradas en todo el a\u00f1o anterior. (FOTO: Diario Tiempo)<\/p>\n<p><strong>Las autoridades han identificado que la mayor\u00eda de los cuadros graves se concentran en menores de un a\u00f1o,<\/strong>\u00a0especialmente en beb\u00e9s de menos de dos meses, que a\u00fan no han iniciado el esquema de inmunizaci\u00f3n y quedan expuestos a formas m\u00e1s severas de la enfermedad.<\/p>\n<p>Por este motivo, el sistema sanitario insiste en la importancia de la vacunaci\u00f3n durante el embarazo. La administraci\u00f3n de la vacuna entre las semanas\u00a0<strong>26 y 37 de gestaci\u00f3n<\/strong>\u00a0permite transferir anticuerpos protectores al feto, brind\u00e1ndole defensas en los primeros meses de vida, cuando el riesgo de complicaciones es mayor.<\/p>\n<p>La especialista enfatiz\u00f3 que, a partir de los dos meses, los ni\u00f1os deben iniciar el esquema regular con la vacuna\u00a0<strong>hexavalente<\/strong>, que se administra en tres dosis (a los 2, 4 y 6 meses de vida). Posteriormente, se requieren refuerzos con la\u00a0<strong>vacuna DPT<\/strong>\u00a0a los 18 meses y a los 4 a\u00f1os, con el objetivo de mantener una protecci\u00f3n adecuada contra la tosferina.<\/p>\n<p>El incremento sostenido de casos ha encendido las alarmas entre las autoridades sanitarias, que advierten sobre el riesgo de un brote si no se consigue mejorar la cobertura de vacunaci\u00f3n en el pa\u00eds.<\/p>\n<p>Factores como la desinformaci\u00f3n, el acceso limitado a servicios de salud en zonas rurales y la disminuci\u00f3n en la percepci\u00f3n del riesgo han influido en la ca\u00edda de las tasas de inmunizaci\u00f3n en grupos clave.La tosferina afecta principalmente a ni\u00f1os. (FOTO: Ciencia UNAM)<\/p>\n<p>A nivel regional, organismos como la\u00a0<strong>Organizaci\u00f3n Panamericana de la Salud<\/strong>\u00a0han advertido sobre el resurgimiento de enfermedades prevenibles por vacunaci\u00f3n en varios pa\u00edses de Am\u00e9rica Latina, lo que refuerza la necesidad de fortalecer las campa\u00f1as de inmunizaci\u00f3n.<\/p>\n<p>En el contexto hondure\u00f1o, el desaf\u00edo radica tanto en incrementar la cobertura como en garantizar que la poblaci\u00f3n comprenda la importancia de completar los esquemas de vacunaci\u00f3n en tiempo y forma.<\/p>\n<p>La tosferina suele iniciar con s\u00edntomas similares a un resfriado com\u00fan, entre ellos secreci\u00f3n nasal y fiebre leve, pero puede evolucionar a una\u00a0<strong>tos intensa y prolongada<\/strong>, que dificulta la respiraci\u00f3n y puede ocasionar complicaciones graves como apnea y neumon\u00eda, especialmente en beb\u00e9s. El cuadro puede derivar en hospitalizaciones y, en los casos m\u00e1s severos, en la muerte.<\/p>\n<p>Frente a este panorama, las autoridades han intensificado las campa\u00f1as de concienciaci\u00f3n, con \u00e9nfasis en la responsabilidad de padres y cuidadores para proteger a los menores.<\/p>\n<h5 class=\"wp-block-heading\"><strong>Tambi\u00e9n puedes leer:<a href=\"https:\/\/deultimominuto.net\/internacionales\/maestro-es-asesinado\/\">Maestro es asesinado dentro de un sal\u00f3n de clases en Honduras<\/a><br \/><\/strong><\/h5>\n<p><em><strong>\u201cLo que estamos viendo es que la enfermedad est\u00e1 afectando mayormente al menor de un a\u00f1o y al menor de dos meses\u201d,<\/strong><\/em>\u00a0insisti\u00f3 Puerto.<\/p>\n<p>El aumento de casos plantea tambi\u00e9n desaf\u00edos al sistema de salud, que debe responder de manera r\u00e1pida para identificar contagios, aislar a los pacientes y evitar la propagaci\u00f3n de la enfermedad, sobre todo en comunidades donde el acceso a los servicios m\u00e9dicos es limitado.<\/p>\n<p>Mientras tanto, el mensaje es claro:\u00a0<strong>la vacunaci\u00f3n es la herramienta m\u00e1s eficaz para prevenir la tosferina y proteger a los m\u00e1s vulnerables<\/strong>. En un a\u00f1o donde la enfermedad ya ha cobrado m\u00e1s vidas que en ejercicios previos, el reto se centra en reforzar la inmunizaci\u00f3n y evitar que la situaci\u00f3n se agrave.<\/p>\n<figure class=\"wp-block-image size-large\"><img loading=\"lazy\" decoding=\"async\" width=\"819\" height=\"1024\" src=\"https:\/\/cdn.deultimominuto.net\/wp-content\/uploads\/2026\/04\/image-4-18-819x1024.jpg\" alt=\"Tosferina en Honduras deja 10 muertos y m\u00e1s de 120 contagios en lo que va del a\u00f1o - Noticias de hoy en Rep\u00fablica Dominicana | De \u00daltimo Minuto\" class=\"wp-image-645767\" title=\"Tosferina en Honduras deja 10 muertos y m\u00e1s de 120 contagios en lo que va del a\u00f1o | 2 |\"><\/figure>\n<p>\u200bLa\u00a0tosferina, una enfermedad prevenible mediante vacunaci\u00f3n, ha provocado una nueva alerta sanitaria en\u00a0Honduras\u00a0tras el reporte de un sensible aumento en el n\u00famero de casos y fallecimientos. Seg\u00fan datos oficiales,\u00a0ya se contabilizan 122 contagios y 10 muertes entre enero y abril de 2026, cifras que superan el total registrado durante todo el a\u00f1o anterior. La confirmaci\u00f3n\u00a0\u00a0Internacionales, Honduras, tosferina\u00a0\u00a0<\/p>\n","protected":false},"excerpt":{"rendered":"<p>La\u00a0tosferina, una enfermedad prevenible mediante vacunaci\u00f3n, ha provocado una nueva alerta sanitaria en\u00a0Honduras\u00a0tras el reporte de un sensible aumento en el n\u00famero de casos y fallecimientos. Seg\u00fan datos oficiales,\u00a0ya se contabilizan 122 contagios y 10 muertes entre enero y abril de 2026, cifras que superan el total registrado durante todo el a\u00f1o anterior. La confirmaci\u00f3n [&hellip;]<\/p>\n","protected":false},"author":1,"featured_media":23635,"comment_status":"open","ping_status":"open","sticky":false,"template":"","format":"standard","meta":{"amp_status":"","footnotes":""},"categories":[3],"tags":[],"class_list":["post-23634","post","type-post","status-publish","format-standard","has-post-thumbnail","hentry","category-de-ultimo-minuto"],"_links":{"self":[{"href":"https:\/\/ermdigital.com\/index.php\/wp-json\/wp\/v2\/posts\/23634","targetHints":{"allow":["GET"]}}],"collection":[{"href":"https:\/\/ermdigital.com\/index.php\/wp-json\/wp\/v2\/posts"}],"about":[{"href":"https:\/\/ermdigital.com\/index.php\/wp-json\/wp\/v2\/types\/post"}],"author":[{"embeddable":true,"href":"https:\/\/ermdigital.com\/index.php\/wp-json\/wp\/v2\/users\/1"}],"replies":[{"embeddable":true,"href":"https:\/\/ermdigital.com\/index.php\/wp-json\/wp\/v2\/comments?post=23634"}],"version-history":[{"count":0,"href":"https:\/\/ermdigital.com\/index.php\/wp-json\/wp\/v2\/posts\/23634\/revisions"}],"wp:featuredmedia":[{"embeddable":true,"href":"https:\/\/ermdigital.com\/index.php\/wp-json\/wp\/v2\/media\/23635"}],"wp:attachment":[{"href":"https:\/\/ermdigital.com\/index.php\/wp-json\/wp\/v2\/media?parent=23634"}],"wp:term":[{"taxonomy":"category","embeddable":true,"href":"https:\/\/ermdigital.com\/index.php\/wp-json\/wp\/v2\/categories?post=23634"},{"taxonomy":"post_tag","embeddable":true,"href":"https:\/\/ermdigital.com\/index.php\/wp-json\/wp\/v2\/tags?post=23634"}],"curies":[{"name":"wp","href":"https:\/\/api.w.org\/{rel}","templated":true}]}}