{"id":23513,"date":"2026-04-24T14:16:17","date_gmt":"2026-04-24T18:16:17","guid":{"rendered":"https:\/\/ermdigital.com\/index.php\/2026\/04\/24\/republica-dominicana-impulsa-nominacion-de-la-isabela-como-patrimonio-mundial-ante-la-unesco-2\/"},"modified":"2026-04-24T14:16:17","modified_gmt":"2026-04-24T18:16:17","slug":"republica-dominicana-impulsa-nominacion-de-la-isabela-como-patrimonio-mundial-ante-la-unesco-2","status":"publish","type":"post","link":"https:\/\/ermdigital.com\/index.php\/2026\/04\/24\/republica-dominicana-impulsa-nominacion-de-la-isabela-como-patrimonio-mundial-ante-la-unesco-2\/","title":{"rendered":"Rep\u00fablica Dominicana impulsa nominaci\u00f3n de La Isabela como Patrimonio Mundial ante la Unesco"},"content":{"rendered":"<p>\u200b<\/p>\n<p>El Estado dominicano contin\u00faa avanzando en el proceso para lograr la nominaci\u00f3n de La Isabela como Patrimonio Mundial ante la Unesco, mediante acciones de cooperaci\u00f3n internacional y fortalecimiento t\u00e9cnico. En ese contexto, el reconocido arque\u00f3logo turco Harun \u00d6zda\u015f realiz\u00f3 un recorrido especializado por el sitio hist\u00f3rico, aportando su experiencia en patrimonio cultural subacu\u00e1tico como parte de las iniciativas dirigidas a consolidar el expediente de postulaci\u00f3n.<\/p>\n<p>El experto estuvo acompa\u00f1ado por una delegaci\u00f3n integrada por la embajadora de Turqu\u00eda en Rep\u00fablica Dominicana, Emriye Ba\u011fdag\u00fcl Ormanc\u0131; el encargado de protocolo Turgay Akcebe; la asistente diplom\u00e1tica Cansu Anur, y el director de Patrimonio Cultural Subacu\u00e1tico del Ministerio de Cultura, Pedro Morales.<\/p>\n<p>El doctor \u00d6zda\u015f es profesor de la Universidad Dokuz Eyl\u00fcl en \u0130zmir, adem\u00e1s de dirigir el Instituto de Ciencias y Tecnolog\u00eda Marinas y el Centro de Investigaci\u00f3n de Patrimonio Cultural Subacu\u00e1tico e Historia Mar\u00edtima. Tambi\u00e9n preside el Comit\u00e9 para la Protecci\u00f3n del Patrimonio Cultural Subacu\u00e1tico de la Comisi\u00f3n Nacional Turca para la Unesco.<\/p>\n<p>\u00d6zda\u015f ha liderado proyectos de investigaci\u00f3n sobre patrimonio subacu\u00e1tico en Turqu\u00eda, incluido el conocido como \u201cBlue Heritage \/ Patrimonio Azul\u201d, orientado al inventario de naufragios en aguas turcas.<\/p>\n<p>Durante el recorrido, las autoridades dominicanas expusieron la relevancia del patrimonio subacu\u00e1tico asociado a La Isabela como un componente clave dentro del expediente t\u00e9cnico que se prepara para su postulaci\u00f3n. Este enfoque busca reforzar el valor universal excepcional del sitio, al incorporar evidencias materiales sumergidas vinculadas a los primeros a\u00f1os de la presencia europea en el continente.<\/p>\n<p>Fundada en 1493 durante el segundo viaje de Crist\u00f3bal Col\u00f3n, La Isabela fue el primer asentamiento europeo permanente en Am\u00e9rica. Su importancia hist\u00f3rica radica en que conserva vestigios arqueol\u00f3gicos del inicio del proceso de colonizaci\u00f3n, incluyendo estructuras, restos materiales y trazas del urbanismo temprano. Actualmente, el sitio figura en la Lista Indicativa de Rep\u00fablica Dominicana, paso previo indispensable para la presentaci\u00f3n formal de una candidatura ante la Unesco.<\/p>\n<p>La presencia de \u00d6zda\u015f se inscribe en una agenda de cooperaci\u00f3n que busca facilitar el intercambio de conocimientos, asistencia t\u00e9cnica y experiencias comparadas en la gesti\u00f3n del patrimonio cultural subacu\u00e1tico, con miras a fortalecer las capacidades nacionales en este \u00e1mbito.<\/p>\n<p>En ese contexto, el Ministerio de Cultura, bajo la gesti\u00f3n del ministro Roberto \u00c1ngel Salcedo, ha impulsado una pol\u00edtica de apertura a la colaboraci\u00f3n internacional en distintos frentes culturales. Estas iniciativas han incluido alianzas con expertos, instituciones acad\u00e9micas y organismos multilaterales para el desarrollo de proyectos de investigaci\u00f3n, conservaci\u00f3n y puesta en valor del patrimonio, as\u00ed como el acompa\u00f1amiento t\u00e9cnico en procesos de alcance global como las nominaciones ante la Unesco.<\/p>\n<p>Archivado en: <a href=\"https:\/\/eldinero.com.do\/tag\/patrimonio-mundial\/\" rel=\"tag\">Patrimonio mundial<\/a><a href=\"https:\/\/eldinero.com.do\/tag\/unesco\/\" rel=\"tag\">Unesco<\/a><\/p>\n<p>\u00a0<\/p>\n","protected":false},"excerpt":{"rendered":"<p>\u200b El Estado dominicano contin\u00faa avanzando en el proceso para lograr la nominaci\u00f3n de La Isabela como Patrimonio Mundial ante la Unesco, mediante acciones de cooperaci\u00f3n internacional y fortalecimiento t\u00e9cnico. En ese contexto, el reconocido arque\u00f3logo turco Harun \u00d6zda\u015f realiz\u00f3 un recorrido especializado por el sitio hist\u00f3rico, aportando su experiencia en patrimonio cultural subacu\u00e1tico como [&hellip;]<\/p>\n","protected":false},"author":1,"featured_media":23378,"comment_status":"open","ping_status":"open","sticky":false,"template":"","format":"standard","meta":{"amp_status":"","footnotes":""},"categories":[7],"tags":[],"class_list":["post-23513","post","type-post","status-publish","format-standard","has-post-thumbnail","hentry","category-economia"],"_links":{"self":[{"href":"https:\/\/ermdigital.com\/index.php\/wp-json\/wp\/v2\/posts\/23513","targetHints":{"allow":["GET"]}}],"collection":[{"href":"https:\/\/ermdigital.com\/index.php\/wp-json\/wp\/v2\/posts"}],"about":[{"href":"https:\/\/ermdigital.com\/index.php\/wp-json\/wp\/v2\/types\/post"}],"author":[{"embeddable":true,"href":"https:\/\/ermdigital.com\/index.php\/wp-json\/wp\/v2\/users\/1"}],"replies":[{"embeddable":true,"href":"https:\/\/ermdigital.com\/index.php\/wp-json\/wp\/v2\/comments?post=23513"}],"version-history":[{"count":0,"href":"https:\/\/ermdigital.com\/index.php\/wp-json\/wp\/v2\/posts\/23513\/revisions"}],"wp:featuredmedia":[{"embeddable":true,"href":"https:\/\/ermdigital.com\/index.php\/wp-json\/wp\/v2\/media\/23378"}],"wp:attachment":[{"href":"https:\/\/ermdigital.com\/index.php\/wp-json\/wp\/v2\/media?parent=23513"}],"wp:term":[{"taxonomy":"category","embeddable":true,"href":"https:\/\/ermdigital.com\/index.php\/wp-json\/wp\/v2\/categories?post=23513"},{"taxonomy":"post_tag","embeddable":true,"href":"https:\/\/ermdigital.com\/index.php\/wp-json\/wp\/v2\/tags?post=23513"}],"curies":[{"name":"wp","href":"https:\/\/api.w.org\/{rel}","templated":true}]}}