{"id":23146,"date":"2026-04-24T07:15:00","date_gmt":"2026-04-24T11:15:00","guid":{"rendered":"https:\/\/ermdigital.com\/index.php\/2026\/04\/24\/agenda-del-dia-viernes-24-de-abril-de-2026\/"},"modified":"2026-04-24T07:15:00","modified_gmt":"2026-04-24T11:15:00","slug":"agenda-del-dia-viernes-24-de-abril-de-2026","status":"publish","type":"post","link":"https:\/\/ermdigital.com\/index.php\/2026\/04\/24\/agenda-del-dia-viernes-24-de-abril-de-2026\/","title":{"rendered":"Agenda del d\u00eda: viernes 24 de abril de 2026"},"content":{"rendered":"<p><strong>Santo Domingo<\/strong>.- Estas son las actividades m\u00e1s relevantes pautadas para el viernes 24 de\u00a0<a href=\"https:\/\/deultimominuto.net\/\">abril\u00a0<\/a>de 2026 en las principales ciudades del territorio dominicano.<\/p>\n<h6 class=\"wp-block-heading has-text-align-center\"><strong><a href=\"https:\/\/www.youtube.com\/@deultimominutotv\" target=\"_blank\" rel=\"noreferrer noopener\">Agenda del d\u00eda:<\/a><\/strong><\/h6>\n<p><strong>09:00 a.m. Rendici\u00f3n de cuentas<\/strong> de la alcaldesa de Santo Domingo, Carolina Mej\u00eda. <strong>Lugar<\/strong>: Palacio Municipal, Centro de los H\u00e9roes.<\/p>\n<p><strong>9:00 a.m. Rendici\u00f3n de cuentas <\/strong>2025-2026.y elecci\u00f3n del nuevo Bufete Directivo del Consejo de Vocales de la Junta Municipal de San Luis. <strong>Lugar<\/strong>: Club Recreativo San Luis.<\/p>\n<p><strong>09:00 a.m. Apertura<\/strong> de la XCIII Reuni\u00f3n Ordinaria del Consejo de Ministros de Relaciones Exteriores del SICA. <strong>Lugar<\/strong>: Explanada frontal del MIREX.<\/p>\n<p><strong>10:00 a.m. Conmemoraci\u00f3n<\/strong> 61 a\u00f1os Guerra de Abril. <strong>Lugar:<\/strong> Calle El Conde, frente al Parque Independencia.<\/p>\n<p>\u200bSanto Domingo.- Estas son las actividades m\u00e1s relevantes pautadas para el viernes 24 de\u00a0abril\u00a0de 2026 en las principales ciudades del territorio dominicano. Agenda del d\u00eda: 09:00 a.m. Rendici\u00f3n de cuentas de la alcaldesa de Santo Domingo, Carolina Mej\u00eda. Lugar: Palacio Municipal, Centro de los H\u00e9roes. 9:00 a.m. Rendici\u00f3n de cuentas 2025-2026.y elecci\u00f3n del nuevo Bufete\u00a0\u00a0Agenda del d\u00eda, abril\u00a0\u00a0<\/p>\n","protected":false},"excerpt":{"rendered":"<p>Santo Domingo.- Estas son las actividades m\u00e1s relevantes pautadas para el viernes 24 de\u00a0abril\u00a0de 2026 en las principales ciudades del territorio dominicano. Agenda del d\u00eda: 09:00 a.m. Rendici\u00f3n de cuentas de la alcaldesa de Santo Domingo, Carolina Mej\u00eda. Lugar: Palacio Municipal, Centro de los H\u00e9roes. 9:00 a.m. Rendici\u00f3n de cuentas 2025-2026.y elecci\u00f3n del nuevo Bufete [&hellip;]<\/p>\n","protected":false},"author":1,"featured_media":23147,"comment_status":"open","ping_status":"open","sticky":false,"template":"","format":"standard","meta":{"amp_status":"","footnotes":""},"categories":[3],"tags":[],"class_list":["post-23146","post","type-post","status-publish","format-standard","has-post-thumbnail","hentry","category-de-ultimo-minuto"],"_links":{"self":[{"href":"https:\/\/ermdigital.com\/index.php\/wp-json\/wp\/v2\/posts\/23146","targetHints":{"allow":["GET"]}}],"collection":[{"href":"https:\/\/ermdigital.com\/index.php\/wp-json\/wp\/v2\/posts"}],"about":[{"href":"https:\/\/ermdigital.com\/index.php\/wp-json\/wp\/v2\/types\/post"}],"author":[{"embeddable":true,"href":"https:\/\/ermdigital.com\/index.php\/wp-json\/wp\/v2\/users\/1"}],"replies":[{"embeddable":true,"href":"https:\/\/ermdigital.com\/index.php\/wp-json\/wp\/v2\/comments?post=23146"}],"version-history":[{"count":0,"href":"https:\/\/ermdigital.com\/index.php\/wp-json\/wp\/v2\/posts\/23146\/revisions"}],"wp:featuredmedia":[{"embeddable":true,"href":"https:\/\/ermdigital.com\/index.php\/wp-json\/wp\/v2\/media\/23147"}],"wp:attachment":[{"href":"https:\/\/ermdigital.com\/index.php\/wp-json\/wp\/v2\/media?parent=23146"}],"wp:term":[{"taxonomy":"category","embeddable":true,"href":"https:\/\/ermdigital.com\/index.php\/wp-json\/wp\/v2\/categories?post=23146"},{"taxonomy":"post_tag","embeddable":true,"href":"https:\/\/ermdigital.com\/index.php\/wp-json\/wp\/v2\/tags?post=23146"}],"curies":[{"name":"wp","href":"https:\/\/api.w.org\/{rel}","templated":true}]}}