{"id":12023,"date":"2026-04-03T23:21:49","date_gmt":"2026-04-04T03:21:49","guid":{"rendered":"https:\/\/ermdigital.com\/index.php\/2026\/04\/03\/nba-doncic-se-perdera-al-menos-el-resto-de-fase-regular-por-lesion\/"},"modified":"2026-04-03T23:21:49","modified_gmt":"2026-04-04T03:21:49","slug":"nba-doncic-se-perdera-al-menos-el-resto-de-fase-regular-por-lesion","status":"publish","type":"post","link":"https:\/\/ermdigital.com\/index.php\/2026\/04\/03\/nba-doncic-se-perdera-al-menos-el-resto-de-fase-regular-por-lesion\/","title":{"rendered":"NBA: Doncic se perder\u00e1 al menos el resto de fase regular por lesi\u00f3n"},"content":{"rendered":"<p>\u00a0\u00a0<\/p>\n<p><strong>Luka Doncic<\/strong>, la superestrella de <strong>Los Angeles Lakers<\/strong>, estar\u00e1 de baja como m\u00ednimo el resto de la <strong>temporada<\/strong> regular de la <strong>NBA<\/strong> por la <strong>lesi\u00f3n muscular<\/strong> que sufri\u00f3 la noche del jueves.<\/p>\n<p>La <strong>dolencia<\/strong> del esloveno, figura esencial para las aspiraciones de los Lakers, compromete tambi\u00e9n su participaci\u00f3n en los <strong>playoffs<\/strong> que arrancan el 18 de abril.<\/p>\n<p>\"Doncic ha sido diagnosticado con un desgarro de grado 2 en el tend\u00f3n del isquiotibial izquierdo y quedar\u00e1 fuera por el resto de la <strong>temporada<\/strong> regular\", confirmaron este viernes los Lakers, que tienen por delante cinco partidos antes del inicio de los <strong>playoffs<\/strong>.<\/p>\n<p>De acuerdo con la cadena <strong>ESPN<\/strong>, su estatus para las eliminatorias es por el momento \"incierto\".<\/p>\n<p>El base, <strong>m\u00e1ximo anotador<\/strong> de la <strong>temporada<\/strong> con <strong>33,5 puntos<\/strong> de media, sufri\u00f3 la <strong>lesi\u00f3n<\/strong> durante la humillante <strong>derrota<\/strong> del jueves ante los <strong>Oklahoma City Thunder<\/strong> por 139-96.<\/p>\n<p>A mediados del <strong>tercer cuarto<\/strong>, Doncic se fren\u00f3 en seco cuando varios defensores de Oklahoma City impidieron su avance hacia el aro. Sin poder apoyar la pierna, el base se estir\u00f3 sobre la pista y se llev\u00f3 las manos al rostro.<\/p>\n<p>El esloveno se <strong>retir\u00f3 al vestuario<\/strong> visiblemente afectado y tap\u00e1ndose la cara con la camiseta. Antes de terminar el partido los Lakers confirmaron que padec\u00eda una <strong>lesi\u00f3n<\/strong> de isquiotibiales cuyo alcance se definir\u00eda en una <strong>resonancia magn\u00e9tica<\/strong> este viernes.<\/p>\n<p>Doncic, de <strong>27 a\u00f1os<\/strong>, se encontraba en uno de los momentos m\u00e1s dulces de su carrera. El pasado marzo bati\u00f3 el r\u00e9cord de puntos anotados en un mes para un jugador de los Lakers, con un total de 600 y una media de 37,5 por noche.<\/p>\n<p>El exl\u00edder de los <strong>Dallas Mavericks<\/strong> aspiraba incluso a meterse en la pelea por su primer <strong>premio MVP<\/strong> (Jugador M\u00e1s Valioso) de la <strong>temporada<\/strong>.<\/p>\n<p>Terceros de la Conferencia Oeste, los Lakers hab\u00edan recuperado el optimismo de que esta excelsa versi\u00f3n de Doncic, combinada con la recuperaci\u00f3n de <strong>LeBron James<\/strong> y <strong>Austin Reaves<\/strong>, les llevara a ser competitivos en las eliminatorias.<\/p>\n<p>gbv\/raa\/<\/p>\n<div class=\"border-t border-b py-2 my-5 tags-container\"><strong>TEMAS &#8211; <\/strong><\/p>\n<ul>\n<li><\/li>\n<li>\n<div class=\"inline-block border p-2 rounded-full align-middle\">\n<p><a href=\"https:\/\/www.diariolibre.com\/tags\/luka-doncic\/4331\" title=\"Luka Doncic\">Luka Doncic<\/a><\/p>\n<\/div>\n<\/li>\n<li>\n<div class=\"inline-block border p-2 rounded-full align-middle\">\n<p><a href=\"https:\/\/www.diariolibre.com\/tags\/los-angeles-dodgers\/60376\" title=\"Los Angeles Dodgers\">Los Angeles Dodgers<\/a><\/p>\n<\/div>\n<\/li>\n<\/ul>\n<\/div>\n<p>\u00a0<\/p>\n","protected":false},"excerpt":{"rendered":"<p>\u00a0\u00a0 Luka Doncic, la superestrella de Los Angeles Lakers, estar\u00e1 de baja como m\u00ednimo el resto de la temporada regular de la NBA por la lesi\u00f3n muscular que sufri\u00f3 la noche del jueves. La dolencia del esloveno, figura esencial para las aspiraciones de los Lakers, compromete tambi\u00e9n su participaci\u00f3n en los playoffs que arrancan el [&hellip;]<\/p>\n","protected":false},"author":1,"featured_media":11938,"comment_status":"open","ping_status":"open","sticky":false,"template":"","format":"standard","meta":{"amp_status":"","footnotes":""},"categories":[4],"tags":[],"class_list":["post-12023","post","type-post","status-publish","format-standard","has-post-thumbnail","hentry","category-deportes"],"_links":{"self":[{"href":"https:\/\/ermdigital.com\/index.php\/wp-json\/wp\/v2\/posts\/12023","targetHints":{"allow":["GET"]}}],"collection":[{"href":"https:\/\/ermdigital.com\/index.php\/wp-json\/wp\/v2\/posts"}],"about":[{"href":"https:\/\/ermdigital.com\/index.php\/wp-json\/wp\/v2\/types\/post"}],"author":[{"embeddable":true,"href":"https:\/\/ermdigital.com\/index.php\/wp-json\/wp\/v2\/users\/1"}],"replies":[{"embeddable":true,"href":"https:\/\/ermdigital.com\/index.php\/wp-json\/wp\/v2\/comments?post=12023"}],"version-history":[{"count":0,"href":"https:\/\/ermdigital.com\/index.php\/wp-json\/wp\/v2\/posts\/12023\/revisions"}],"wp:featuredmedia":[{"embeddable":true,"href":"https:\/\/ermdigital.com\/index.php\/wp-json\/wp\/v2\/media\/11938"}],"wp:attachment":[{"href":"https:\/\/ermdigital.com\/index.php\/wp-json\/wp\/v2\/media?parent=12023"}],"wp:term":[{"taxonomy":"category","embeddable":true,"href":"https:\/\/ermdigital.com\/index.php\/wp-json\/wp\/v2\/categories?post=12023"},{"taxonomy":"post_tag","embeddable":true,"href":"https:\/\/ermdigital.com\/index.php\/wp-json\/wp\/v2\/tags?post=12023"}],"curies":[{"name":"wp","href":"https:\/\/api.w.org\/{rel}","templated":true}]}}