{"id":12022,"date":"2026-04-03T23:21:49","date_gmt":"2026-04-04T03:21:49","guid":{"rendered":"https:\/\/ermdigital.com\/index.php\/2026\/04\/03\/pogacar-van-der-poel-en-el-tour-de-flandes-evenepoel-de-invitado\/"},"modified":"2026-04-03T23:21:49","modified_gmt":"2026-04-04T03:21:49","slug":"pogacar-van-der-poel-en-el-tour-de-flandes-evenepoel-de-invitado","status":"publish","type":"post","link":"https:\/\/ermdigital.com\/index.php\/2026\/04\/03\/pogacar-van-der-poel-en-el-tour-de-flandes-evenepoel-de-invitado\/","title":{"rendered":"Pogacar-Van der Poel en el Tour de Flandes, Evenepoel de invitado"},"content":{"rendered":"<p>\u00a0\u00a0<\/p>\n<p>\u00bfEst\u00e1 a punto de decantarse en favor de Tadej <strong>Pogacar<\/strong> el duelo casi exclusivo que libra desde hace tres a\u00f1os con Mathieu van der Poel en las grandes cl\u00e1sicas? Ese es el gran interrogante del domingo en un Tour de Flandes electrizado por la participaci\u00f3n sorpresa de Remco Evenepoel.<\/p>\n<p>El anuncio, el mi\u00e9rcoles, de que el doble campe\u00f3n ol\u00edmpico iba a sumarse por primera vez al gran baile del \"Ronde van Vlaanderen\" puso a B\u00e9lgica y a todo el mundo del <strong>ciclismo<\/strong> en ebullici\u00f3n.<\/p>\n<p>En circunstancias normales, el Tour de Flandes, segundo de los cinco Monumentos de la temporada, es el punto culminante de la 'quincena santa flamenca', que volver\u00e1 a atraer el domingo a m\u00e1s de un mill\u00f3n de espectadores a los arcenes de las carreteras y a lo largo de los tramos adoquinados entre Amberes y Oudenaarde.<\/p>\n<p>La presencia de Evenepoel multiplica la expectaci\u00f3n y despierta una gran curiosidad por ver c\u00f3mo se las arreglar\u00e1 el doble ganador de la Lieja-Basto\u00f1a-Lieja en un terreno a la vez in\u00e9dito para \u00e9l en carrera pero familiar, ya que vive al lado, al oeste de Bruselas.<\/p>\n<p>Excelente en las carreras de un d\u00eda, campe\u00f3n ol\u00edmpico sobre los adoquines de Montmartre, el l\u00edder del Red Bull Bora tiene sin duda las armas para brillar.<\/p>\n<p>\u00c9l, que hab\u00eda adelantado y dejado atr\u00e1s a <strong>Pogacar<\/strong> en la cuesta adoquinada de Kimihurura, durante la contrarreloj de los \u00faltimos Campeonatos del Mundo en Kigali.<\/p>\n<h2>&#8211; Wout Van Aert, al acecho &#8211;<\/h2>\n<p>Para B\u00e9lgica, es un segundo as en la manga junto a Wout Van Aert, que ha recuperado un nivel que le permite volver a so\u00f1ar con las conquistas m\u00e1s prestigiosas, en la Ronde y quiz\u00e1 a\u00fan m\u00e1s la Par\u00eds-Roubaix el 12 de abril<\/p>\n<p>Pero, con Evenepoel o sin \u00e9l, esta 110\u00aa edici\u00f3n del Tour de Flandes sigue siendo ante todo la promesa de un nuevo duelo entre <strong>Pogacar<\/strong> y Van der Poel, los reyes de las cl\u00e1sicas que desde hace tres a\u00f1os apenas dejan m\u00e1s que migajas a la competencia.<\/p>\n<p>Es sencillo: entre el esloveno y el neerland\u00e9s se han llevado 15 de los \u00faltimos 17 Monumentos, incluidos los diez m\u00e1s recientes. Solo Evenepoel, en 2023 en Lieja, y Jasper Philipsen, en 2025 en San Remo, han podido llevarse un bocado. Vertiginoso.<\/p>\n<p>Al hilo de sus batallas a menudo hom\u00e9ricas, el duelo entre estos dos fen\u00f3menos se ha convertido en el m\u00e1s excitante del <strong>ciclismo<\/strong>, m\u00e1s a\u00fan que el que enfrenta a <strong>Pogacar<\/strong> y Jonas Vingegaard en las grandes vueltas, que se ha decantado ampliamente a favor del esloveno.<\/p>\n<p>\u00bfSe est\u00e1 produciendo el mismo movimiento pendular en las cl\u00e1sicas? La primera victoria de <strong>Pogacar<\/strong> en la Mil\u00e1n-San Remo, el 21 de marzo, abri\u00f3 una brecha.<\/p>\n<p>Y si el doble campe\u00f3n del mundo repite el domingo, a Van der Poel solo le quedar\u00eda Par\u00eds-Roubaix como \u00faltimo basti\u00f3n.<\/p>\n<h2>&#8211; Grand Slam in\u00e9dito &#8211;<\/h2>\n<p>En realidad, <strong>Pogacar<\/strong> parece haber tomado ya la delantera sobre el neerland\u00e9s en su propio jard\u00edn: lo ha dominado las dos \u00faltimas veces que se han enfrentado en el Tour de Flandes, en 2023 y 2025, despu\u00e9s de marcar diferencias en ambas ocasiones en la tercera y \u00faltima subida al Viejo Kwaremont.<\/p>\n<p>Adem\u00e1s, Van der Poel, que logr\u00f3 su tercera Ronde en 2024 en ausencia de <strong>Pogacar<\/strong>, parece un poco menos en forma esta primavera, pese a sus victorias en la Het Nieuwsblad y en el Gran Premio E3.<\/p>\n<p>Para el nieto de la leyenda francesa Raymond Poulidor, el desaf\u00edo es hist\u00f3rico: el domingo puede convertirse en el primer corredor en ganar un cuarto Tour de Flandes, por delante de Johan Museeuw, Tom Boonen y Fabian Cancellara.<\/p>\n<p>Despu\u00e9s, apuntar\u00e1 a un cuarto \u00e9xito consecutivo en Roubaix, donde tambi\u00e9n se cruzar\u00e1 con <strong>Pogacar<\/strong> en su camino.<\/p>\n<p>\u00bfTendr\u00e1 entonces el esloveno una tercera Ronde en el bolsillo? Eso har\u00eda que el Infierno del Norte fuera a\u00fan m\u00e1s apasionante, ya que <strong>Pogacar<\/strong> podr\u00eda acercarse mucho a un Grand Slam nunca antes logrado, ni siquiera por Eddy Merckx: el de ganar los cinco Monumentos en una misma temporada.<\/p>\n<p>jk\/et\/pm\/iga<\/p>\n<div class=\"border-t border-b py-2 my-5 tags-container\"><strong>TEMAS &#8211; <\/strong><\/p>\n<ul>\n<li>\n<div class=\"inline-block border p-2 rounded-full align-middle\">\n<p><a href=\"https:\/\/www.diariolibre.com\/tags\/pogacar\/25274\" title=\"Pogacar\">Pogacar<\/a><\/p>\n<\/div>\n<\/li>\n<li>\n<div class=\"inline-block border p-2 rounded-full align-middle\">\n<p><a href=\"https:\/\/www.diariolibre.com\/tags\/ciclismo\/1961\" title=\"Ciclismo\">Ciclismo<\/a><\/p>\n<\/div>\n<\/li>\n<\/ul>\n<\/div>\n<p>\u00a0<\/p>\n","protected":false},"excerpt":{"rendered":"<p>\u00a0\u00a0 \u00bfEst\u00e1 a punto de decantarse en favor de Tadej Pogacar el duelo casi exclusivo que libra desde hace tres a\u00f1os con Mathieu van der Poel en las grandes cl\u00e1sicas? Ese es el gran interrogante del domingo en un Tour de Flandes electrizado por la participaci\u00f3n sorpresa de Remco Evenepoel. El anuncio, el mi\u00e9rcoles, de [&hellip;]<\/p>\n","protected":false},"author":1,"featured_media":11969,"comment_status":"open","ping_status":"open","sticky":false,"template":"","format":"standard","meta":{"amp_status":"","footnotes":""},"categories":[4],"tags":[],"class_list":["post-12022","post","type-post","status-publish","format-standard","has-post-thumbnail","hentry","category-deportes"],"_links":{"self":[{"href":"https:\/\/ermdigital.com\/index.php\/wp-json\/wp\/v2\/posts\/12022","targetHints":{"allow":["GET"]}}],"collection":[{"href":"https:\/\/ermdigital.com\/index.php\/wp-json\/wp\/v2\/posts"}],"about":[{"href":"https:\/\/ermdigital.com\/index.php\/wp-json\/wp\/v2\/types\/post"}],"author":[{"embeddable":true,"href":"https:\/\/ermdigital.com\/index.php\/wp-json\/wp\/v2\/users\/1"}],"replies":[{"embeddable":true,"href":"https:\/\/ermdigital.com\/index.php\/wp-json\/wp\/v2\/comments?post=12022"}],"version-history":[{"count":0,"href":"https:\/\/ermdigital.com\/index.php\/wp-json\/wp\/v2\/posts\/12022\/revisions"}],"wp:featuredmedia":[{"embeddable":true,"href":"https:\/\/ermdigital.com\/index.php\/wp-json\/wp\/v2\/media\/11969"}],"wp:attachment":[{"href":"https:\/\/ermdigital.com\/index.php\/wp-json\/wp\/v2\/media?parent=12022"}],"wp:term":[{"taxonomy":"category","embeddable":true,"href":"https:\/\/ermdigital.com\/index.php\/wp-json\/wp\/v2\/categories?post=12022"},{"taxonomy":"post_tag","embeddable":true,"href":"https:\/\/ermdigital.com\/index.php\/wp-json\/wp\/v2\/tags?post=12022"}],"curies":[{"name":"wp","href":"https:\/\/api.w.org\/{rel}","templated":true}]}}