{"id":11376,"date":"2026-04-02T20:21:56","date_gmt":"2026-04-03T00:21:56","guid":{"rendered":"https:\/\/ermdigital.com\/index.php\/2026\/04\/02\/mundial-de-futbol-2026-james-rodriguez-hospitalizado-en-eeuu\/"},"modified":"2026-04-02T20:21:56","modified_gmt":"2026-04-03T00:21:56","slug":"mundial-de-futbol-2026-james-rodriguez-hospitalizado-en-eeuu","status":"publish","type":"post","link":"https:\/\/ermdigital.com\/index.php\/2026\/04\/02\/mundial-de-futbol-2026-james-rodriguez-hospitalizado-en-eeuu\/","title":{"rendered":"Mundial de f\u00fatbol 2026: James Rodr\u00edguez, hospitalizado en EEUU"},"content":{"rendered":"<p>\u00a0\u00a0<\/p>\n<p>El astro colombiano <strong>James Rodr\u00edguez<\/strong> fue <strong>hospitalizado<\/strong> durante tres d\u00edas en Estados Unidos despu\u00e9s del <strong>partido amistoso<\/strong> del domingo ante Francia debido a una \"<strong>deshidrataci\u00f3n severa<\/strong>\", inform\u00f3 el jueves la Federaci\u00f3n Colombiana de F\u00fatbol (<strong>FCF<\/strong>).<\/p>\n<h2>Detalles confirmados sobre la hospitalizaci\u00f3n de <strong>James Rodr\u00edguez<\/strong><\/h2>\n<p>El <strong>capit\u00e1n cafetero<\/strong>, de 34 a\u00f1os, fue titular en el encuentro de preparaci\u00f3n para el <strong>Mundial 2026<\/strong> disputado en Landover, Maryland, en el que su equipo fue derrotado por 3-1. Jug\u00f3 63 minutos en los que se le vio lento y desconectado del juego.<\/p>\n<p>La <strong>FCF<\/strong> asegur\u00f3 en un comunicado que el lunes James \"present\u00f3 un cuadro de <strong>deshidrataci\u00f3n severa<\/strong> que requiri\u00f3 su <strong>hospitalizaci\u00f3n<\/strong> durante las \u00faltimas 72 horas\" en Minnesota, donde juega con su club, \"para un <strong>monitoreo cl\u00ednico<\/strong> preventivo y de recuperaci\u00f3n\".<\/p>\n<p>La entidad no aclara si el 10 se encuentra internado todav\u00eda: \"el <strong>reporte m\u00e9dico<\/strong> actual indica una <strong>evoluci\u00f3n favorable<\/strong>\".<\/p>\n<p>\"Es importante precisar que esta situaci\u00f3n no guarda relaci\u00f3n con <strong>lesiones musculoesquel\u00e9ticas<\/strong> ni est\u00e1 vinculada al desarrollo de sus actividades futbol\u00edsticas\", agreg\u00f3 la Federaci\u00f3n.<\/p>\n<h2>Inc\u00f3gnitas sobre la forma f\u00edsica y el rendimiento de James para el Mundial 2026<\/h2>\n<p>Consultado por la AFP, el <strong>Minnesota United<\/strong> ratific\u00f3 el <strong>parte m\u00e9dico<\/strong> de la federaci\u00f3n colombiana y a\u00f1adi\u00f3 que su estado para el fin de semana ser\u00e1 actualizado el viernes.<\/p>\n<p>La <strong>forma f\u00edsica<\/strong> de James es una inc\u00f3gnita de cara al <strong>Mundial 2026<\/strong>, en el que <strong>Colombia debutar\u00e1<\/strong> ante Uzbekist\u00e1n el 17 de junio.<\/p>\n<p>El mediocampista ha jugado apenas <strong>39 minutos<\/strong> este a\u00f1o con el <strong>Minnesota United<\/strong> de la MLS, a donde lleg\u00f3 en febrero, debido a <strong>problemas f\u00edsicos<\/strong>.<\/p>\n<p>Antes de enfrentar a Francia, James fue <strong>titular ante Croacia<\/strong> y tuvo tambi\u00e9n un flojo desempe\u00f1o. El seleccionador <strong>N\u00e9stor Lorenzo<\/strong> ha enfrentado cr\u00edticas por alinear a su capit\u00e1n pese a su falta de ritmo.<\/p>\n<div class=\"w-full pt-2 float-left inside-related\"><strong>RELACIONADAS<\/strong><\/p>\n<article class=\"flex flex-wrap border-b pb-4 mb-3 inline-block\">\n<div class=\"xl:w-2\/12 w-4\/12\">\n<figure class=\"mb-0\"><img loading=\"lazy\" decoding=\"async\" src=\"https:\/\/resources.diariolibre.com\/images\/2026\/04\/01\/mundial-de-futbol-los-paises-clasfificados-96e5f8ca-focus-0-0-149-99.jpg\" width=\"149\" height=\"99\" title=\"Los pa\u00edses clasificados para el Mundial 2026 de Norteam\u00e9rica\" alt=\"Los pa\u00edses clasificados para el Mundial 2026 de Norteam\u00e9rica\" class=\"object-cover\" \/><\/figure>\n<\/div>\n<\/article>\n<article class=\"flex flex-wrap border-b pb-4 mb-3 inline-block\">\n<div class=\"xl:w-2\/12 w-4\/12\">\n<figure class=\"mb-0\"><img loading=\"lazy\" decoding=\"async\" src=\"https:\/\/resources.diariolibre.com\/images\/2026\/04\/02\/lego-lanza-coleccion-inspirada-en-jugadores-de-futbol-rumbo-a-la-fifa-be626548-focus-0-0-149-99.jpg\" width=\"149\" height=\"99\" title=\"LEGO lanza colecci\u00f3n inspirada en Cristiano, Messi, Mbapp\u00e9 y Vin\u00edcius rumbo al Mundial 2026\" alt=\"LEGO lanza colecci\u00f3n inspirada en Cristiano, Messi, Mbapp\u00e9 y Vin\u00edcius rumbo al Mundial 2026\" class=\"object-cover\" \/><\/figure>\n<\/div>\n<\/article>\n<article class=\"flex flex-wrap border-b pb-4 mb-3 inline-block\">\n<div class=\"xl:w-2\/12 w-4\/12\">\n<figure class=\"mb-0\"><img loading=\"lazy\" decoding=\"async\" src=\"https:\/\/resources.diariolibre.com\/images\/2026\/03\/31\/infantino-revisa-con-autoridades-de-ciudad-de-mexico-los-preparativos-07aea182-focus-min0.2-0.64-149-99.jpg\" width=\"149\" height=\"99\" title=\"Ir\u00e1n estar\u00e1 en la Copa del Mundo, asegura Gianni Infantino presidente de la FIFA\" alt=\"Ir\u00e1n estar\u00e1 en la Copa del Mundo, asegura Gianni Infantino presidente de la FIFA\" class=\"object-cover\" \/><\/figure>\n<\/div>\n<\/article>\n<\/div>\n<p>El goleador del Mundial de 2014 mantiene un papel protag\u00f3nico en la <strong>selecci\u00f3n colombiana<\/strong>, que tambi\u00e9n enfrentar\u00e1 en la cita orbital a Rep\u00fablica Democr\u00e1tica del Congo y Portugal por el <strong>Grupo K<\/strong>.<\/p>\n<p>das\/ag<\/p>\n<div class=\"border-t border-b py-2 my-5 tags-container\"><strong>TEMAS &#8211; <\/strong><\/p>\n<ul>\n<li>\n<div class=\"inline-block border p-2 rounded-full align-middle\">\n<p><a href=\"https:\/\/www.diariolibre.com\/tags\/mundial-de-futbol-2026\/92541\" title=\"Mundial de F\u00fatbol 2026\">Mundial de F\u00fatbol 2026<\/a><\/p>\n<\/div>\n<\/li>\n<li>\n<div class=\"inline-block border p-2 rounded-full align-middle\">\n<p><a href=\"https:\/\/www.diariolibre.com\/tags\/james-rodriguez\/15459\" title=\"James Rodr\u00edguez\">James Rodr\u00edguez<\/a><\/p>\n<\/div>\n<\/li>\n<li>\n<div class=\"inline-block border p-2 rounded-full align-middle\">\n<p><a href=\"https:\/\/www.diariolibre.com\/tags\/colombia\/1825\" title=\"Colombia\">Colombia<\/a><\/p>\n<\/div>\n<\/li>\n<\/ul>\n<\/div>\n<p>\u00a0<\/p>\n","protected":false},"excerpt":{"rendered":"<p>\u00a0\u00a0 El astro colombiano James Rodr\u00edguez fue hospitalizado durante tres d\u00edas en Estados Unidos despu\u00e9s del partido amistoso del domingo ante Francia debido a una \"deshidrataci\u00f3n severa\", inform\u00f3 el jueves la Federaci\u00f3n Colombiana de F\u00fatbol (FCF). Detalles confirmados sobre la hospitalizaci\u00f3n de James Rodr\u00edguez El capit\u00e1n cafetero, de 34 a\u00f1os, fue titular en el encuentro [&hellip;]<\/p>\n","protected":false},"author":1,"featured_media":11377,"comment_status":"open","ping_status":"open","sticky":false,"template":"","format":"standard","meta":{"amp_status":"","footnotes":""},"categories":[4],"tags":[],"class_list":["post-11376","post","type-post","status-publish","format-standard","has-post-thumbnail","hentry","category-deportes"],"_links":{"self":[{"href":"https:\/\/ermdigital.com\/index.php\/wp-json\/wp\/v2\/posts\/11376","targetHints":{"allow":["GET"]}}],"collection":[{"href":"https:\/\/ermdigital.com\/index.php\/wp-json\/wp\/v2\/posts"}],"about":[{"href":"https:\/\/ermdigital.com\/index.php\/wp-json\/wp\/v2\/types\/post"}],"author":[{"embeddable":true,"href":"https:\/\/ermdigital.com\/index.php\/wp-json\/wp\/v2\/users\/1"}],"replies":[{"embeddable":true,"href":"https:\/\/ermdigital.com\/index.php\/wp-json\/wp\/v2\/comments?post=11376"}],"version-history":[{"count":0,"href":"https:\/\/ermdigital.com\/index.php\/wp-json\/wp\/v2\/posts\/11376\/revisions"}],"wp:featuredmedia":[{"embeddable":true,"href":"https:\/\/ermdigital.com\/index.php\/wp-json\/wp\/v2\/media\/11377"}],"wp:attachment":[{"href":"https:\/\/ermdigital.com\/index.php\/wp-json\/wp\/v2\/media?parent=11376"}],"wp:term":[{"taxonomy":"category","embeddable":true,"href":"https:\/\/ermdigital.com\/index.php\/wp-json\/wp\/v2\/categories?post=11376"},{"taxonomy":"post_tag","embeddable":true,"href":"https:\/\/ermdigital.com\/index.php\/wp-json\/wp\/v2\/tags?post=11376"}],"curies":[{"name":"wp","href":"https:\/\/api.w.org\/{rel}","templated":true}]}}