{"id":11332,"date":"2026-04-02T17:37:13","date_gmt":"2026-04-02T21:37:13","guid":{"rendered":"https:\/\/ermdigital.com\/index.php\/2026\/04\/02\/mexico-acusa-a-la-onu-de-elaborar-un-informe-tendencioso-sobre-las-desapariciones-en-el-pais\/"},"modified":"2026-04-02T17:37:13","modified_gmt":"2026-04-02T21:37:13","slug":"mexico-acusa-a-la-onu-de-elaborar-un-informe-tendencioso-sobre-las-desapariciones-en-el-pais","status":"publish","type":"post","link":"https:\/\/ermdigital.com\/mexico-acusa-a-la-onu-de-elaborar-un-informe-tendencioso-sobre-las-desapariciones-en-el-pais\/","title":{"rendered":"M\u00e9xico acusa a la ONU de elaborar un informe \"tendencioso\" sobre las desapariciones en el pa\u00eds"},"content":{"rendered":"<p><strong>Ciudad de M\u00e9xico.- <\/strong>El Gobierno de M\u00e9xico critic\u00f3 este jueves la \u00abfalta de rigor jur\u00eddico\u00bb del reciente informe del <a href=\"https:\/\/deultimominuto.net\/internacionales\/haiti-recibe-el-despliegue\/\">Comit\u00e9<\/a> de la ONU contra las Desapariciones Forzadas (CED), al considerar que es \u00abtendencioso\u00bb y que \u00abomite los esfuerzos institucionales\u00bb en esta materia por parte de la actual administraci\u00f3n de Claudia Sheinbaum.<\/p>\n<p>Las secretar\u00edas de Relaciones Exteriores (SRE) y de Gobernaci\u00f3n (Segob) rechazaron este informe en un comunicado conjunto, en el que lo tildaron de \u00abtendencioso\u00bb por \u00abno tomar en cuenta\u00bb las observaciones y an\u00e1lisis presentadas por el Estado mexicano.<\/p>\n<p>El informe del comit\u00e9 de la ONU se\u00f1ala al pa\u00eds norteamericano como el que concentra m\u00e1s acciones urgentes por desaparici\u00f3n forzada que cualquier otra naci\u00f3n del mundo, al tiempo que alerta de que registr\u00f3 un repunte significativo en los \u00faltimos meses.<\/p>\n<p>Adem\u00e1s, destaca que M\u00e9xico acumula 819 acciones urgentes entre 2012 y febrero de 2026 \u2014el 38 % del total global\u2014 y solo en los cinco meses m\u00e1s recientes (septiembre de 2025 a febrero de 2026) sum\u00f3 40 nuevas solicitudes, m\u00e1s de un tercio del total mundial del periodo. Tambi\u00e9n advierte de fallos graves en los sistemas de respuesta del Estado.<\/p>\n<h5 class=\"wp-block-heading\"><strong>Recomendamos leer:<a href=\"https:\/\/deultimominuto.net\/internacionales\/onu-cinco-millones-de-personas-al-borde-de-crisis-alimentaria-por-guerras-en-mundo-arabe\/\">ONU: Cinco millones de personas al borde de crisis alimentaria por guerras en mundo \u00e1rabe<\/a><\/strong><\/h5>\n<h2 class=\"wp-block-heading\"><strong>El Gobierno califica la decisi\u00f3n como \u00abparcial y sesgada\u00bb<\/strong><\/h2>\n<p>Al respecto, el Gobierno mexicano subraya que el documento se centra sobre todo a hechos ocurridos desde el 2009 hasta el 2017, cuando gobernaban Felipe Calder\u00f3n (2006-2012) y Enrique Pe\u00f1a Nieto (2012-2018), de distinto color pol\u00edtico que la actual administraci\u00f3n, por lo que \u00abomite considerar\u00bb las medidas tomadas por el Ejecutivo liderado por Sheinbaum.<\/p>\n<p>\u00abOmite considerar los esfuerzos institucionales presentados el pasado 27 de marzo, y lamentamos que haya rechazado estudiar la informaci\u00f3n actualizada proporcionada por el Estado mexicano antes de publicar su resoluci\u00f3n\u00bb, aseguraron la Canciller\u00eda y la Secretar\u00eda de Gobernaci\u00f3n.<\/p>\n<p>El Gobierno calific\u00f3 la decisi\u00f3n del CED de \u00abparcial y sesgada\u00bb, ya que -a\u00f1ade- en el propio informe se reconoce que \u00abno existen indicios fundados de una pol\u00edtica federal para cometer ataques generalizados o sistem\u00e1ticos contra la poblaci\u00f3n civil por acci\u00f3n u omisi\u00f3n\u00bb.<\/p>\n<p>Esta afirmaci\u00f3n, apunta el Ejecutivo, refleja la situaci\u00f3n actual del pa\u00eds, que a su juicio es \u00abdiferente a la de periodos anteriores\u00bb.<\/p>\n<h2 class=\"wp-block-heading\"><strong>M\u00e9xico alude a un conflicto de intereses<\/strong><\/h2>\n<p>Por todo ello, las autoridades mexicanas cargaron contra el texto del comit\u00e9 de la ONU, al que acusaron de \u00abfalta de rigor jur\u00eddico\u00bb y de \u00abligereza en sus premisas\u00bb.<\/p>\n<p>Asimismo, destacaron el \u00abconflicto de inter\u00e9s\u00bb de algunos de los integrantes de la CED que redactaron el informe, dado que \u00abexiste evidencia de que al menos uno de ellos trabaj\u00f3 para organizaciones que han presentado quejas en contra del Estado mexicano\u00bb.<\/p>\n<p>\u00abEl Gobierno de M\u00e9xico no tolera, permite ni ordena desapariciones forzadas. Adem\u00e1s, resaltamos que en esta administraci\u00f3n se ha emprendido una reforma legislativa e institucional, en coordinaci\u00f3n con colectivos de familiares, para atender este flagelo\u00bb, insistieron.<\/p>\n<h5 class=\"wp-block-heading\"><strong>Tambi\u00e9n puedes leer:<a href=\"https:\/\/deultimominuto.net\/internacionales\/fuerza-antipandillas-en-haiti\/\">La totalidad de la fuerza antipandillas de la ONU en Hait\u00ed llegar\u00e1 entre abril y octubre<\/a><\/strong><\/h5>\n<p>El pa\u00eds subray\u00f3 su \u00abcompromiso absoluto\u00bb para erradicar\u00a0la problem\u00e1tica de las <a href=\"https:\/\/deultimominuto.net\/nacionales\/canciller-roberto-alvarez-se-reune\/\">desapariciones<\/a> forzadas\u00a0y se dijo \u00ababierto a la cooperaci\u00f3n t\u00e9cnica internacional, pero no a partir de premisas que no reflejan su realidad actual\u00bb.<\/p>\n<p>\u200bCiudad de M\u00e9xico.- El Gobierno de M\u00e9xico critic\u00f3 este jueves la \u00abfalta de rigor jur\u00eddico\u00bb del reciente informe del Comit\u00e9 de la ONU contra las Desapariciones Forzadas (CED), al considerar que es \u00abtendencioso\u00bb y que \u00abomite los esfuerzos institucionales\u00bb en esta materia por parte de la actual administraci\u00f3n de Claudia Sheinbaum. Las secretar\u00edas de Relaciones\u00a0\u00a0Internacionales, ONU\u00a0\u00a0<\/p>\n","protected":false},"excerpt":{"rendered":"<p>Ciudad de M\u00e9xico.- El Gobierno de M\u00e9xico critic\u00f3 este jueves la \u00abfalta de rigor jur\u00eddico\u00bb del reciente informe del Comit\u00e9 de la ONU contra las Desapariciones Forzadas (CED), al considerar que es \u00abtendencioso\u00bb y que \u00abomite los esfuerzos institucionales\u00bb en esta materia por parte de la actual administraci\u00f3n de Claudia Sheinbaum. Las secretar\u00edas de Relaciones [&hellip;]<\/p>\n","protected":false},"author":1,"featured_media":11333,"comment_status":"open","ping_status":"open","sticky":false,"template":"","format":"standard","meta":{"amp_status":"","footnotes":""},"categories":[3],"tags":[],"class_list":["post-11332","post","type-post","status-publish","format-standard","has-post-thumbnail","hentry","category-de-ultimo-minuto"],"_links":{"self":[{"href":"https:\/\/ermdigital.com\/wp-json\/wp\/v2\/posts\/11332","targetHints":{"allow":["GET"]}}],"collection":[{"href":"https:\/\/ermdigital.com\/wp-json\/wp\/v2\/posts"}],"about":[{"href":"https:\/\/ermdigital.com\/wp-json\/wp\/v2\/types\/post"}],"author":[{"embeddable":true,"href":"https:\/\/ermdigital.com\/wp-json\/wp\/v2\/users\/1"}],"replies":[{"embeddable":true,"href":"https:\/\/ermdigital.com\/wp-json\/wp\/v2\/comments?post=11332"}],"version-history":[{"count":0,"href":"https:\/\/ermdigital.com\/wp-json\/wp\/v2\/posts\/11332\/revisions"}],"wp:featuredmedia":[{"embeddable":true,"href":"https:\/\/ermdigital.com\/wp-json\/wp\/v2\/media\/11333"}],"wp:attachment":[{"href":"https:\/\/ermdigital.com\/wp-json\/wp\/v2\/media?parent=11332"}],"wp:term":[{"taxonomy":"category","embeddable":true,"href":"https:\/\/ermdigital.com\/wp-json\/wp\/v2\/categories?post=11332"},{"taxonomy":"post_tag","embeddable":true,"href":"https:\/\/ermdigital.com\/wp-json\/wp\/v2\/tags?post=11332"}],"curies":[{"name":"wp","href":"https:\/\/api.w.org\/{rel}","templated":true}]}}