{"id":11284,"date":"2026-04-02T17:07:13","date_gmt":"2026-04-02T21:07:13","guid":{"rendered":"https:\/\/ermdigital.com\/index.php\/2026\/04\/02\/alcalde-de-las-terrenas-cuestiona-restricciones-en-pleno-auge-turistico-de-semana-santa-2026\/"},"modified":"2026-04-02T17:07:13","modified_gmt":"2026-04-02T21:07:13","slug":"alcalde-de-las-terrenas-cuestiona-restricciones-en-pleno-auge-turistico-de-semana-santa-2026","status":"publish","type":"post","link":"https:\/\/ermdigital.com\/index.php\/2026\/04\/02\/alcalde-de-las-terrenas-cuestiona-restricciones-en-pleno-auge-turistico-de-semana-santa-2026\/","title":{"rendered":"Alcalde de Las Terrenas cuestiona restricciones en pleno auge tur\u00edstico de Semana Santa 2026"},"content":{"rendered":"<p>El alcalde de Las Terrenas, Eduardo Esteban Polanco, expres\u00f3 su desacuerdo con las recientes medidas que<a href=\"https:\/\/deultimominuto.net\/nacionales\/autoridades-presentan-operativa\/\"> proh\u00edben<\/a> totalmente la entrada de motores y pasolas en el municipio, justo en una de las temporadas de mayor dinamismo.<\/p>\n<p>Destac\u00f3 que Las Terrenas es el destino m\u00e1s visitado durante esta \u00e9poca de Semana Santa, por lo que entiende que decisiones de este tipo deben ser cuidadosamente evaluadas.<\/p>\n<p>El ejecutivo municipal afirm\u00f3 que estas disposiciones debieron ser consensuadas con la Alcald\u00eda, para evitar un impacto negativo tanto en los visitantes como en la econom\u00eda local.<\/p>\n<p>Asimismo, critic\u00f3 la prohibici\u00f3n del tradicional \u201cboche\u201d, actividad que por m\u00e1s de ocho a\u00f1os se realizaba en la zona, as\u00ed como la eliminaci\u00f3n total de las casetas, generando incertidumbre en sectores productivos del municipio.<\/p>\n<h5 class=\"wp-block-heading\"><strong>Recomendamos leer:<a href=\"https:\/\/deultimominuto.net\/estilo\/merca-jumbo-inaugura-su-nueva-sucursal-en-las-terrenas-para-continuar-ofreciendo-calidad-y-los-mejores-precios\/\">Merca Jumbo inaugura su nueva sucursal en Las Terrenas para continuar ofreciendo calidad y los mejores precios<\/a><\/strong><\/h5>\n<p>Finalmente, indic\u00f3 que se espera un aumento significativo en el flujo de visitantes a partir de la tarde de este jueves.<\/p>\n<p>\u200bEl alcalde de Las Terrenas, Eduardo Esteban Polanco, expres\u00f3 su desacuerdo con las recientes medidas que proh\u00edben totalmente la entrada de motores y pasolas en el municipio, justo en una de las temporadas de mayor dinamismo. Destac\u00f3 que Las Terrenas es el destino m\u00e1s visitado durante esta \u00e9poca de Semana Santa, por lo que entiende\u00a0\u00a0Nacionales, Eduardo Esteban Polanco, Las Terrenas\u00a0\u00a0<\/p>\n","protected":false},"excerpt":{"rendered":"<p>El alcalde de Las Terrenas, Eduardo Esteban Polanco, expres\u00f3 su desacuerdo con las recientes medidas que proh\u00edben totalmente la entrada de motores y pasolas en el municipio, justo en una de las temporadas de mayor dinamismo. Destac\u00f3 que Las Terrenas es el destino m\u00e1s visitado durante esta \u00e9poca de Semana Santa, por lo que entiende [&hellip;]<\/p>\n","protected":false},"author":1,"featured_media":11285,"comment_status":"open","ping_status":"open","sticky":false,"template":"","format":"standard","meta":{"amp_status":"","footnotes":""},"categories":[3],"tags":[],"class_list":["post-11284","post","type-post","status-publish","format-standard","has-post-thumbnail","hentry","category-de-ultimo-minuto"],"_links":{"self":[{"href":"https:\/\/ermdigital.com\/index.php\/wp-json\/wp\/v2\/posts\/11284","targetHints":{"allow":["GET"]}}],"collection":[{"href":"https:\/\/ermdigital.com\/index.php\/wp-json\/wp\/v2\/posts"}],"about":[{"href":"https:\/\/ermdigital.com\/index.php\/wp-json\/wp\/v2\/types\/post"}],"author":[{"embeddable":true,"href":"https:\/\/ermdigital.com\/index.php\/wp-json\/wp\/v2\/users\/1"}],"replies":[{"embeddable":true,"href":"https:\/\/ermdigital.com\/index.php\/wp-json\/wp\/v2\/comments?post=11284"}],"version-history":[{"count":0,"href":"https:\/\/ermdigital.com\/index.php\/wp-json\/wp\/v2\/posts\/11284\/revisions"}],"wp:featuredmedia":[{"embeddable":true,"href":"https:\/\/ermdigital.com\/index.php\/wp-json\/wp\/v2\/media\/11285"}],"wp:attachment":[{"href":"https:\/\/ermdigital.com\/index.php\/wp-json\/wp\/v2\/media?parent=11284"}],"wp:term":[{"taxonomy":"category","embeddable":true,"href":"https:\/\/ermdigital.com\/index.php\/wp-json\/wp\/v2\/categories?post=11284"},{"taxonomy":"post_tag","embeddable":true,"href":"https:\/\/ermdigital.com\/index.php\/wp-json\/wp\/v2\/tags?post=11284"}],"curies":[{"name":"wp","href":"https:\/\/api.w.org\/{rel}","templated":true}]}}