{"id":11276,"date":"2026-04-02T17:21:13","date_gmt":"2026-04-02T21:21:13","guid":{"rendered":"https:\/\/ermdigital.com\/index.php\/2026\/04\/02\/ministerio-publico-solicitara-prision-preventiva-contra-coronel-imputado-de-agredir-a-una-joven\/"},"modified":"2026-04-02T17:21:13","modified_gmt":"2026-04-02T21:21:13","slug":"ministerio-publico-solicitara-prision-preventiva-contra-coronel-imputado-de-agredir-a-una-joven","status":"publish","type":"post","link":"https:\/\/ermdigital.com\/index.php\/2026\/04\/02\/ministerio-publico-solicitara-prision-preventiva-contra-coronel-imputado-de-agredir-a-una-joven\/","title":{"rendered":"Ministerio P\u00fablico solicitar\u00e1 prisi\u00f3n preventiva contra coronel imputado de agredir a una joven"},"content":{"rendered":"<p><strong>Santo Domingo.- <\/strong>El <strong><a href=\"https:\/\/deultimominuto.net\/enlaces\/\" data-type=\"page\" data-id=\"491852\">Ministerio P\u00fablico<\/a> <\/strong>someter\u00e1 a la justicia y solicitar\u00e1 en las pr\u00f3ximas horas la imposici\u00f3n de prisi\u00f3n preventiva, como medida de coerci\u00f3n, contra el coronel policial Fausto Mad\u00e9 Ram\u00edrez, imputado de agredir f\u00edsicamente a una joven en el sector Los Mina.<\/p>\n<p>El oficial fue arrestado en horas de la ma\u00f1ana de este jueves mediante una orden judicial solicitada por la Unidad de Atenci\u00f3n Integral a V\u00edctimas de Violencia de G\u00e9nero de Santo Domingo Este, tras la obtenci\u00f3n de evidencias de los hechos, los cuales han sido calificados provisionalmente como violaci\u00f3n a los art\u00edculos 309 y 309-1 del C\u00f3digo Penal, modificados por la Ley 24-97 sobre Violencia de G\u00e9nero e Intrafamiliar.<\/p>\n<figure class=\"wp-block-image size-full\"><img loading=\"lazy\" decoding=\"async\" width=\"900\" height=\"537\" src=\"https:\/\/cdn.deultimominuto.net\/wp-content\/uploads\/2026\/04\/Fausto-Made-Ramirez-900x537-1.webp\" alt=\"Ministerio P\u00fablico solicitar\u00e1 prisi\u00f3n preventiva contra coronel imputado de agredir a una joven\" class=\"wp-image-634987\" title=\"Ministerio P\u00fablico solicitar\u00e1 prisi\u00f3n preventiva contra coronel imputado de agredir a una joven | 1 |\"><figcaption class=\"wp-element-caption\">Ministerio P\u00fablico solicitar\u00e1 prisi\u00f3n preventiva contra coronel imputado de agredir a una joven<\/figcaption><\/figure>\n<p>La Direcci\u00f3n Especializada de Atenci\u00f3n a la Mujer y Violencia Intrafamiliar<strong> <a href=\"https:\/\/deultimominuto.net\/enlaces\/\" data-type=\"page\" data-id=\"491852\">(Deamvi)<\/a><\/strong>, de la Polic\u00eda Nacional, ejecut\u00f3 el arresto frente a la vivienda del coronel, luego de que este se entregara a las autoridades en presencia de su abogado.<\/p>\n<p>Los hechos fueron denunciados ante la Fiscal\u00eda de <a href=\"https:\/\/deultimominuto.net\/enlaces\/\" data-type=\"page\" data-id=\"491852\">Santo Domingo Este<\/a>, estableci\u00e9ndose que ocurrieron en horas de la madrugada del pasado 30 de marzo en el sector Los Mina, mientras la v\u00edctima, de 19 a\u00f1os, se encontraba dentro de un veh\u00edculo junto a una hermana menor de edad y otra persona propietaria del autom\u00f3vil.<\/p>\n<h4 class=\"wp-block-heading\"><strong>Recomendamos leer:<a href=\"https:\/\/deultimominuto.net\/enlaces\/\" data-type=\"page\" data-id=\"491852\"> Abogado del coronel Made asegura que su cliente fue agredido y anuncia presentaci\u00f3n de certificados m\u00e9dicos<\/a><\/strong><a href=\"https:\/\/deultimominuto.net\/category\/nacionales\/\"><\/a><\/h4>\n<p>Seg\u00fan la denuncia, la patrulla policial, dirigida por el coronel Mad\u00e9 Ram\u00edrez, se acerc\u00f3 de manera insistente al veh\u00edculo, por lo que el propietario del mismo les indic\u00f3 que se retirar\u00edan del lugar en breve. No obstante, la patrulla no permiti\u00f3 que los ocupantes se marcharan y uno de los agentes caus\u00f3 da\u00f1os al autom\u00f3vil, ray\u00e1ndolo, aparentemente, con un casco de botella.<\/p>\n<p>Ante la situaci\u00f3n, la joven y sus acompa\u00f1antes salieron del veh\u00edculo con la finalidad de documentar lo ocurrido, logrando grabar la placa del autom\u00f3vil.<\/p>\n<p>En ese momento, el conductor de la patrulla realiz\u00f3 maniobras bruscas con el veh\u00edculo en el que prestaban servicio. Posteriormente, el coronel se desmont\u00f3 y, al percatarse de que estaba siendo grabado, reaccion\u00f3 de manera violenta, procediendo a agredir f\u00edsica y verbalmente a la joven. Seg\u00fan el informe, la tom\u00f3 por el cabello de forma brusca y la lanz\u00f3 al suelo, caus\u00e1ndole lesiones en las rodillas y golpes en la cabeza, acciones que quedaron captadas en un video ampliamente difundido en redes sociales.<\/p>\n<p>A trav\u00e9s de un comunicado de prensa, el \u00f3rgano persecutor inform\u00f3 que en las pr\u00f3ximas horas el imputado ser\u00e1 presentado ante la Oficina Judicial de Servicios de Atenci\u00f3n Permanente de Santo Domingo Este para el conocimiento de la medida de coerci\u00f3n.<\/p>\n<p>El imputado ser\u00e1 trasladado a la c\u00e1rcel de San Luis hasta que se conozca la solicitud de prisi\u00f3n preventiva.<\/p>\n<p>\u200bSanto Domingo.- El Ministerio P\u00fablico someter\u00e1 a la justicia y solicitar\u00e1 en las pr\u00f3ximas horas la imposici\u00f3n de prisi\u00f3n preventiva, como medida de coerci\u00f3n, contra el coronel policial Fausto Mad\u00e9 Ram\u00edrez, imputado de agredir f\u00edsicamente a una joven en el sector Los Mina. El oficial fue arrestado en horas de la ma\u00f1ana de este jueves\u00a0\u00a0Nacionales, Agredir, Coronel, MP\u00a0\u00a0<\/p>\n","protected":false},"excerpt":{"rendered":"<p>Santo Domingo.- El Ministerio P\u00fablico someter\u00e1 a la justicia y solicitar\u00e1 en las pr\u00f3ximas horas la imposici\u00f3n de prisi\u00f3n preventiva, como medida de coerci\u00f3n, contra el coronel policial Fausto Mad\u00e9 Ram\u00edrez, imputado de agredir f\u00edsicamente a una joven en el sector Los Mina. El oficial fue arrestado en horas de la ma\u00f1ana de este jueves [&hellip;]<\/p>\n","protected":false},"author":1,"featured_media":11277,"comment_status":"open","ping_status":"open","sticky":false,"template":"","format":"standard","meta":{"amp_status":"","footnotes":""},"categories":[3],"tags":[],"class_list":["post-11276","post","type-post","status-publish","format-standard","has-post-thumbnail","hentry","category-de-ultimo-minuto"],"_links":{"self":[{"href":"https:\/\/ermdigital.com\/index.php\/wp-json\/wp\/v2\/posts\/11276","targetHints":{"allow":["GET"]}}],"collection":[{"href":"https:\/\/ermdigital.com\/index.php\/wp-json\/wp\/v2\/posts"}],"about":[{"href":"https:\/\/ermdigital.com\/index.php\/wp-json\/wp\/v2\/types\/post"}],"author":[{"embeddable":true,"href":"https:\/\/ermdigital.com\/index.php\/wp-json\/wp\/v2\/users\/1"}],"replies":[{"embeddable":true,"href":"https:\/\/ermdigital.com\/index.php\/wp-json\/wp\/v2\/comments?post=11276"}],"version-history":[{"count":0,"href":"https:\/\/ermdigital.com\/index.php\/wp-json\/wp\/v2\/posts\/11276\/revisions"}],"wp:featuredmedia":[{"embeddable":true,"href":"https:\/\/ermdigital.com\/index.php\/wp-json\/wp\/v2\/media\/11277"}],"wp:attachment":[{"href":"https:\/\/ermdigital.com\/index.php\/wp-json\/wp\/v2\/media?parent=11276"}],"wp:term":[{"taxonomy":"category","embeddable":true,"href":"https:\/\/ermdigital.com\/index.php\/wp-json\/wp\/v2\/categories?post=11276"},{"taxonomy":"post_tag","embeddable":true,"href":"https:\/\/ermdigital.com\/index.php\/wp-json\/wp\/v2\/tags?post=11276"}],"curies":[{"name":"wp","href":"https:\/\/api.w.org\/{rel}","templated":true}]}}