{"id":11241,"date":"2026-04-02T15:27:39","date_gmt":"2026-04-02T19:27:39","guid":{"rendered":"https:\/\/ermdigital.com\/index.php\/2026\/04\/02\/argentina-expulsa-al-representante-diplomatico-de-iran-en-su-pais\/"},"modified":"2026-04-02T15:27:39","modified_gmt":"2026-04-02T19:27:39","slug":"argentina-expulsa-al-representante-diplomatico-de-iran-en-su-pais","status":"publish","type":"post","link":"https:\/\/ermdigital.com\/index.php\/2026\/04\/02\/argentina-expulsa-al-representante-diplomatico-de-iran-en-su-pais\/","title":{"rendered":"Argentina expulsa al representante diplom\u00e1tico de Ir\u00e1n en su pa\u00eds"},"content":{"rendered":"<p><strong>Buenos Aires.-<\/strong> La <strong>Canciller\u00eda argentina<\/strong> declar\u00f3 este jueves \u2018persona non grata\u2019 al encargado de negocios de Ir\u00e1n en el pa\u00eds y le dio un plazo de 48 horas para abandonar el territorio nacional, en medio de un nuevo episodio de tensi\u00f3n diplom\u00e1tica entre ambos Estados.<\/p>\n<p>\u00abEl Ministerio de Relaciones Exteriores, Comercio Internacional y Culto informa que la Rep\u00fablica Argentina ha declarado \u2018persona non grata\u2019 al Sr. Mohsen Soltani Tehrani, Consejero y Encargado de Negocios \u2018ad interim\u2019 de la Rep\u00fablica Isl\u00e1mica de Ir\u00e1n, de conformidad con el art\u00edculo 9 de la Convenci\u00f3n de Viena sobre Relaciones Diplom\u00e1ticas de 1961, y debe abandonar el territorio nacional en un plazo de 48 horas\u00bb, se\u00f1al\u00f3 el organismo en el comunicado oficial.<\/p>\n<p>La medida se adopt\u00f3 como <strong>respuesta a un pronunciamiento previo de la Canciller\u00eda iran\u00ed<\/strong>, que, seg\u00fan el Gobierno argentino, conten\u00eda acusaciones \u00abfalsas, ofensivas e improcedentes\u00bb contra el pa\u00eds y sus autoridades, tras la decisi\u00f3n del Gobierno del presidente argentino, Javier Milei, de declarar a la Guardia Revolucionaria de Ir\u00e1n como grupo terrorista.<\/p>\n<figure class=\"wp-block-image size-full is-resized\"><img loading=\"lazy\" decoding=\"async\" width=\"502\" height=\"725\" src=\"https:\/\/cdn.deultimominuto.net\/wp-content\/uploads\/2026\/04\/Captura-de-pantalla-2026-04-02-152516.jpg\" alt=\"Argentina expulsa al representante diplom\u00e1tico de Ir\u00e1n en su pa\u00eds - Noticias de hoy en Rep\u00fablica Dominicana | De \u00daltimo Minuto\" class=\"wp-image-634911\" title=\"Argentina expulsa al representante diplom\u00e1tico de Ir\u00e1n en su pa\u00eds | 2 |\"><\/figure>\n<h2 class=\"wp-block-heading\"><strong>Los motivos de la decisi\u00f3n<\/strong><\/h2>\n<h2 class=\"wp-block-heading\">Por otra parte, la Canciller\u00eda argentina afirm\u00f3 que el pa\u00eds \u00abno tolerar\u00e1 agravios ni injerencias indebidas en sus asuntos internos y responder\u00e1 con firmeza ante cualquier acci\u00f3n que afecte su soberan\u00eda\u00bb.<\/h2>\n<p><strong>Te puede interesar: <\/strong><a href=\"https:\/\/deultimominuto.net\/internacionales\/40-paises-buques-atrapados-ormuz\/\" data-type=\"link\" data-id=\"https:\/\/deultimominuto.net\/internacionales\/40-paises-buques-atrapados-ormuz\/\">Unos 40 pa\u00edses trabajar\u00e1n con la OMI para liberar 2.000 buques atrapados en Ormuz<\/a><\/p>\n<p>El comunicado se\u00f1ala, adem\u00e1s, la falta de cooperaci\u00f3n de Ir\u00e1n con la Justicia argentina en las investigaciones de los atentados\u00a0contra la Embajada de Israel en Buenos Aires en 1992 y contra la sede de la Asociaci\u00f3n Mutual Israelita Argentina (AMIA) en 1994,\u00a0y su \u00abreiterado incumplimiento de las \u00f3rdenes internacionales de detenci\u00f3n y extradici\u00f3n de los responsables\u00bb.<\/p>\n<p>\u00abEl Gobierno argentino reafirma su compromiso indeclinable con la memoria de las v\u00edctimas, la b\u00fasqueda de la verdad y el acceso a la justicia\u00bb, a\u00f1adi\u00f3.<\/p>\n<p>Adem\u00e1s, <strong>la decisi\u00f3n de Argentina se da en el marco de la guerra que Ir\u00e1n mantiene contra Israel y Estados Unidos<\/strong>, principales socios en materia geopol\u00edtica del Gobierno de Milei, desde que los aliados atacaran a la rep\u00fablica isl\u00e1mica el pasado 28 de febrero.<\/p>\n<\/p>\n<p>\u200bBuenos Aires.- La Canciller\u00eda argentina declar\u00f3 este jueves \u2018persona non grata\u2019 al encargado de negocios de Ir\u00e1n en el pa\u00eds y le dio un plazo de 48 horas para abandonar el territorio nacional, en medio de un nuevo episodio de tensi\u00f3n diplom\u00e1tica entre ambos Estados. \u00abEl Ministerio de Relaciones Exteriores, Comercio Internacional y Culto informa\u00a0\u00a0Internacionales, Uncategorized, Argentina, Diplom\u00e1tico, Ir\u00e1n\u00a0\u00a0<\/p>\n","protected":false},"excerpt":{"rendered":"<p>Buenos Aires.- La Canciller\u00eda argentina declar\u00f3 este jueves \u2018persona non grata\u2019 al encargado de negocios de Ir\u00e1n en el pa\u00eds y le dio un plazo de 48 horas para abandonar el territorio nacional, en medio de un nuevo episodio de tensi\u00f3n diplom\u00e1tica entre ambos Estados. \u00abEl Ministerio de Relaciones Exteriores, Comercio Internacional y Culto informa [&hellip;]<\/p>\n","protected":false},"author":1,"featured_media":11242,"comment_status":"open","ping_status":"open","sticky":false,"template":"","format":"standard","meta":{"amp_status":"","footnotes":""},"categories":[3],"tags":[],"class_list":["post-11241","post","type-post","status-publish","format-standard","has-post-thumbnail","hentry","category-de-ultimo-minuto"],"_links":{"self":[{"href":"https:\/\/ermdigital.com\/index.php\/wp-json\/wp\/v2\/posts\/11241","targetHints":{"allow":["GET"]}}],"collection":[{"href":"https:\/\/ermdigital.com\/index.php\/wp-json\/wp\/v2\/posts"}],"about":[{"href":"https:\/\/ermdigital.com\/index.php\/wp-json\/wp\/v2\/types\/post"}],"author":[{"embeddable":true,"href":"https:\/\/ermdigital.com\/index.php\/wp-json\/wp\/v2\/users\/1"}],"replies":[{"embeddable":true,"href":"https:\/\/ermdigital.com\/index.php\/wp-json\/wp\/v2\/comments?post=11241"}],"version-history":[{"count":0,"href":"https:\/\/ermdigital.com\/index.php\/wp-json\/wp\/v2\/posts\/11241\/revisions"}],"wp:featuredmedia":[{"embeddable":true,"href":"https:\/\/ermdigital.com\/index.php\/wp-json\/wp\/v2\/media\/11242"}],"wp:attachment":[{"href":"https:\/\/ermdigital.com\/index.php\/wp-json\/wp\/v2\/media?parent=11241"}],"wp:term":[{"taxonomy":"category","embeddable":true,"href":"https:\/\/ermdigital.com\/index.php\/wp-json\/wp\/v2\/categories?post=11241"},{"taxonomy":"post_tag","embeddable":true,"href":"https:\/\/ermdigital.com\/index.php\/wp-json\/wp\/v2\/tags?post=11241"}],"curies":[{"name":"wp","href":"https:\/\/api.w.org\/{rel}","templated":true}]}}