{"id":11235,"date":"2026-04-02T15:58:48","date_gmt":"2026-04-02T19:58:48","guid":{"rendered":"https:\/\/ermdigital.com\/index.php\/2026\/04\/02\/periodista-solicita-al-presidente-mejorar-condiciones-educativas-para-ninos-con-autismo-en-rd\/"},"modified":"2026-04-02T15:58:48","modified_gmt":"2026-04-02T19:58:48","slug":"periodista-solicita-al-presidente-mejorar-condiciones-educativas-para-ninos-con-autismo-en-rd","status":"publish","type":"post","link":"https:\/\/ermdigital.com\/index.php\/2026\/04\/02\/periodista-solicita-al-presidente-mejorar-condiciones-educativas-para-ninos-con-autismo-en-rd\/","title":{"rendered":"Periodista solicita al presidente mejorar condiciones educativas para ni\u00f1os con autismo en RD"},"content":{"rendered":"<p>En el marco del <a href=\"https:\/\/deultimominuto.net\/estilo\/efemerides\/concienciacion-el-autismo\/\">D\u00eda Mundial de Concienciaci\u00f3n sobre el Autismo<\/a>, el periodista y padre de un ni\u00f1o con esta condici\u00f3n, Amaurys Florenz\u00e1n, hizo un llamado al presidente Luis Abinader para que se fortalezcan las condiciones educativas dirigidas a ni\u00f1os y adolescentes con trastorno del espectro autista<a href=\"https:\/\/deultimominuto.net\/estilo\/efemerides\/concienciacion-el-autismo\/\"> (TEA) <\/a>en la Rep\u00fablica Dominicana.<\/p>\n<p>Florenz\u00e1n explic\u00f3 que uno de los principales desaf\u00edos que enfrentan las familias es la escasez de centros educativos especializados, lo que genera una carga econ\u00f3mica considerable para muchos hogares.<\/p>\n<p>En ese sentido, propuso que el mandatario instruya al Ministerio de Educaci\u00f3n a realizar un levantamiento en cada distrito escolar, con el objetivo de habilitar aulas destinadas a estudiantes con TEA.<\/p>\n<h4 class=\"wp-block-heading\"><strong>Puedes leer: <a href=\"https:\/\/deultimominuto.net\/estilo\/efemerides\/concienciacion-el-autismo\/\">D\u00eda Mundial de Concienciaci\u00f3n sobre el Autismo<\/a><\/strong><\/h4>\n<p>Asimismo, asegur\u00f3 que no existen limitaciones para la contrataci\u00f3n de docentes especializados, ya que en los \u00faltimos a\u00f1os se ha incrementado la formaci\u00f3n de profesionales en \u00e1reas como educaci\u00f3n especial y psicolog\u00eda, en respuesta al aumento de la poblaci\u00f3n con autismo.<\/p>\n<p>Indic\u00f3 que la Escuela de Educaci\u00f3n Especial Santo Domingo, ubicada en el Ensanche La Fe del Distrito Nacional, representa un modelo a seguir; sin embargo, se\u00f1al\u00f3 que sus instalaciones y recursos son insuficientes para atender la creciente demanda de estudiantes con esta condici\u00f3n.<\/p>\n<p>\u201cNo basta con recordar cada 2 de abril que en el pa\u00eds hay cientos de ni\u00f1os y ni\u00f1as con autismo, mientras sus condiciones se agravan por la falta de herramientas y centros educativos\u201d, expres\u00f3 Florenz\u00e1n.<\/p>\n<p>No obstante, valor\u00f3 positivamente la implementaci\u00f3n del programa Senasa Integra, impulsado por el Seguro Nacional de Salud (SeNaSa), el cual busca garantizar atenci\u00f3n integral y cobertura m\u00e9dica para ni\u00f1os con TEA. \u201cEste seguro permitir\u00e1 a los padres costear parte de las terapias y medicamentos que requieren sus hijos en su d\u00eda a d\u00eda\u201d, concluy\u00f3.<\/p>\n<p>\u200bEn el marco del D\u00eda Mundial de Concienciaci\u00f3n sobre el Autismo, el periodista y padre de un ni\u00f1o con esta condici\u00f3n, Amaurys Florenz\u00e1n, hizo un llamado al presidente Luis Abinader para que se fortalezcan las condiciones educativas dirigidas a ni\u00f1os y adolescentes con trastorno del espectro autista (TEA) en la Rep\u00fablica Dominicana. Florenz\u00e1n explic\u00f3 que\u00a0\u00a0Nacionales, Autismo\u00a0\u00a0<\/p>\n","protected":false},"excerpt":{"rendered":"<p>En el marco del D\u00eda Mundial de Concienciaci\u00f3n sobre el Autismo, el periodista y padre de un ni\u00f1o con esta condici\u00f3n, Amaurys Florenz\u00e1n, hizo un llamado al presidente Luis Abinader para que se fortalezcan las condiciones educativas dirigidas a ni\u00f1os y adolescentes con trastorno del espectro autista (TEA) en la Rep\u00fablica Dominicana. Florenz\u00e1n explic\u00f3 que [&hellip;]<\/p>\n","protected":false},"author":1,"featured_media":11236,"comment_status":"open","ping_status":"open","sticky":false,"template":"","format":"standard","meta":{"amp_status":"","footnotes":""},"categories":[3],"tags":[],"class_list":["post-11235","post","type-post","status-publish","format-standard","has-post-thumbnail","hentry","category-de-ultimo-minuto"],"_links":{"self":[{"href":"https:\/\/ermdigital.com\/index.php\/wp-json\/wp\/v2\/posts\/11235","targetHints":{"allow":["GET"]}}],"collection":[{"href":"https:\/\/ermdigital.com\/index.php\/wp-json\/wp\/v2\/posts"}],"about":[{"href":"https:\/\/ermdigital.com\/index.php\/wp-json\/wp\/v2\/types\/post"}],"author":[{"embeddable":true,"href":"https:\/\/ermdigital.com\/index.php\/wp-json\/wp\/v2\/users\/1"}],"replies":[{"embeddable":true,"href":"https:\/\/ermdigital.com\/index.php\/wp-json\/wp\/v2\/comments?post=11235"}],"version-history":[{"count":0,"href":"https:\/\/ermdigital.com\/index.php\/wp-json\/wp\/v2\/posts\/11235\/revisions"}],"wp:featuredmedia":[{"embeddable":true,"href":"https:\/\/ermdigital.com\/index.php\/wp-json\/wp\/v2\/media\/11236"}],"wp:attachment":[{"href":"https:\/\/ermdigital.com\/index.php\/wp-json\/wp\/v2\/media?parent=11235"}],"wp:term":[{"taxonomy":"category","embeddable":true,"href":"https:\/\/ermdigital.com\/index.php\/wp-json\/wp\/v2\/categories?post=11235"},{"taxonomy":"post_tag","embeddable":true,"href":"https:\/\/ermdigital.com\/index.php\/wp-json\/wp\/v2\/tags?post=11235"}],"curies":[{"name":"wp","href":"https:\/\/api.w.org\/{rel}","templated":true}]}}