{"id":11204,"date":"2026-04-02T14:57:07","date_gmt":"2026-04-02T18:57:07","guid":{"rendered":"https:\/\/ermdigital.com\/index.php\/2026\/04\/02\/frederik-oldenburg-aclara-que-fue-el-quien-puso-fin-a-su-relacion-con-la-actriz-carmen-villalobos\/"},"modified":"2026-04-02T14:57:07","modified_gmt":"2026-04-02T18:57:07","slug":"frederik-oldenburg-aclara-que-fue-el-quien-puso-fin-a-su-relacion-con-la-actriz-carmen-villalobos","status":"publish","type":"post","link":"https:\/\/ermdigital.com\/index.php\/2026\/04\/02\/frederik-oldenburg-aclara-que-fue-el-quien-puso-fin-a-su-relacion-con-la-actriz-carmen-villalobos\/","title":{"rendered":"Frederik Oldenburg aclara que fue \u00e9l quien puso fin a su relaci\u00f3n con la actriz Carmen Villalobos"},"content":{"rendered":"<p>El presentador Frederik Oldenburg aclar\u00f3 p\u00fablicamente que fue \u00e9l quien tom\u00f3 la decisi\u00f3n de finalizar su relaci\u00f3n sentimental con la actriz colombiana Carmen Villalobos, desmintiendo versiones que circulaban en redes sociales.<\/p>\n<p>Seg\u00fan explic\u00f3, la ruptura se produjo en noviembre del a\u00f1o pasado; sin embargo, a petici\u00f3n de la propia Villalobos, ambos acordaron no hacer p\u00fablica la informaci\u00f3n hasta inicios de 2026.<\/p>\n<h4 class=\"wp-block-heading\"><strong>Puedes leer: <a href=\"https:\/\/deultimominuto.net\/entretenimiento\/sebastian-caicedo-revela-su-razon-sobre-fin-del-matrimonio-con-carmen-villalobos\/\">Sebasti\u00e1n Caicedo revela su raz\u00f3n sobre fin del matrimonio con Carmen Villalobos<\/a><\/strong><\/h4>\n<p>Posteriormente, la actriz gener\u00f3 especulaciones entre sus seguidores tras publicar un video junto a su colega Majida Issa, en el que dejaba entrever que se encontraba soltera.<\/p>\n<p>Oldenburg tambi\u00e9n revel\u00f3 que la distancia fue uno de los factores determinantes en el fin de la relaci\u00f3n, que se extendi\u00f3 por aproximadamente tres a\u00f1os. No obstante, agreg\u00f3 que la b\u00fasqueda de tranquilidad personal tambi\u00e9n influy\u00f3 en su decisi\u00f3n de cerrar ese ciclo.<\/p>\n<p>\u200bEl presentador Frederik Oldenburg aclar\u00f3 p\u00fablicamente que fue \u00e9l quien tom\u00f3 la decisi\u00f3n de finalizar su relaci\u00f3n sentimental con la actriz colombiana Carmen Villalobos, desmintiendo versiones que circulaban en redes sociales. Seg\u00fan explic\u00f3, la ruptura se produjo en noviembre del a\u00f1o pasado; sin embargo, a petici\u00f3n de la propia Villalobos, ambos acordaron no hacer p\u00fablica\u00a0\u00a0Entretenimiento, CARMEN VILLALOBOS, Frederik Oldenburg\u00a0\u00a0<\/p>\n","protected":false},"excerpt":{"rendered":"<p>El presentador Frederik Oldenburg aclar\u00f3 p\u00fablicamente que fue \u00e9l quien tom\u00f3 la decisi\u00f3n de finalizar su relaci\u00f3n sentimental con la actriz colombiana Carmen Villalobos, desmintiendo versiones que circulaban en redes sociales. Seg\u00fan explic\u00f3, la ruptura se produjo en noviembre del a\u00f1o pasado; sin embargo, a petici\u00f3n de la propia Villalobos, ambos acordaron no hacer p\u00fablica [&hellip;]<\/p>\n","protected":false},"author":1,"featured_media":11205,"comment_status":"open","ping_status":"open","sticky":false,"template":"","format":"standard","meta":{"amp_status":"","footnotes":""},"categories":[3],"tags":[],"class_list":["post-11204","post","type-post","status-publish","format-standard","has-post-thumbnail","hentry","category-de-ultimo-minuto"],"_links":{"self":[{"href":"https:\/\/ermdigital.com\/index.php\/wp-json\/wp\/v2\/posts\/11204","targetHints":{"allow":["GET"]}}],"collection":[{"href":"https:\/\/ermdigital.com\/index.php\/wp-json\/wp\/v2\/posts"}],"about":[{"href":"https:\/\/ermdigital.com\/index.php\/wp-json\/wp\/v2\/types\/post"}],"author":[{"embeddable":true,"href":"https:\/\/ermdigital.com\/index.php\/wp-json\/wp\/v2\/users\/1"}],"replies":[{"embeddable":true,"href":"https:\/\/ermdigital.com\/index.php\/wp-json\/wp\/v2\/comments?post=11204"}],"version-history":[{"count":0,"href":"https:\/\/ermdigital.com\/index.php\/wp-json\/wp\/v2\/posts\/11204\/revisions"}],"wp:featuredmedia":[{"embeddable":true,"href":"https:\/\/ermdigital.com\/index.php\/wp-json\/wp\/v2\/media\/11205"}],"wp:attachment":[{"href":"https:\/\/ermdigital.com\/index.php\/wp-json\/wp\/v2\/media?parent=11204"}],"wp:term":[{"taxonomy":"category","embeddable":true,"href":"https:\/\/ermdigital.com\/index.php\/wp-json\/wp\/v2\/categories?post=11204"},{"taxonomy":"post_tag","embeddable":true,"href":"https:\/\/ermdigital.com\/index.php\/wp-json\/wp\/v2\/tags?post=11204"}],"curies":[{"name":"wp","href":"https:\/\/api.w.org\/{rel}","templated":true}]}}