{"id":11180,"date":"2026-04-02T13:37:53","date_gmt":"2026-04-02T17:37:53","guid":{"rendered":"https:\/\/ermdigital.com\/index.php\/2026\/04\/02\/el-papa-lamenta-una-humanidad-de-rodillas-por-tanta-brutalidad-en-misa-de-cena-del-senor\/"},"modified":"2026-04-02T13:37:53","modified_gmt":"2026-04-02T17:37:53","slug":"el-papa-lamenta-una-humanidad-de-rodillas-por-tanta-brutalidad-en-misa-de-cena-del-senor","status":"publish","type":"post","link":"https:\/\/ermdigital.com\/index.php\/2026\/04\/02\/el-papa-lamenta-una-humanidad-de-rodillas-por-tanta-brutalidad-en-misa-de-cena-del-senor\/","title":{"rendered":"El papa lamenta una humanidad \"de rodillas\" por tanta brutalidad en misa de Cena del Se\u00f1or"},"content":{"rendered":"<p><strong>Roma.-<\/strong> El<strong> papa Le\u00f3n XIV<\/strong> lament\u00f3 este jueves la<strong> existencia de \"una humanidad de rodillas por tantos ejemplos de brutalidad\"<\/strong>, en su homil\u00eda de la misa de la Cena del Se\u00f1or que celebr\u00f3 en la Bas\u00edlica de San Juan de Letr\u00e1n, donde lav\u00f3 los pies a doce sacerdotes romanos.<\/p>\n<h2 class=\"wp-block-heading\">\"Entonces, ante una humanidad abatida por tantos ejemplos de brutalidad, postr\u00e9monos tambi\u00e9n nosotros como hermanos y hermanas de los oprimidos. As\u00ed es como queremos seguir el ejemplo del Se\u00f1or, haciendo realidad lo que hemos escuchado en el libro del \u00c9xodo\", dijo el papa.<\/h2>\n<p>En su homil\u00eda, Le\u00f3n XIV tambi\u00e9n explic\u00f3 que con el gesto de lavar los pies a sus disc\u00edpulos antes de la \u00faltima cena, \"Jes\u00fas no s\u00f3lo purifica de las idolatr\u00edas y blasfemias que han mancillado la imagen que nos hemos hecho de Dios, sino que purifica tambi\u00e9n nuestra imagen del hombre, que se percibe poderoso cuando domina, que quiere vencer matando a quien es igual a \u00e9l, que se considera grande cuando es temido\".<\/p>\n<p>Y pidi\u00f3 entonces imitar este gesto de Jes\u00fas, \"arrodill\u00e1ndonos como \u00c9l lo hizo, y pidiendo la fuerza para imitarlo en el servicio con el mismo amor\".<\/p>\n<div class=\"wp-block-image\">\n<figure class=\"alignleft size-full is-resized\"><img decoding=\"async\" loading=\"lazy\" width=\"750\" height=\"422\" src=\"https:\/\/cdn.deultimominuto.net\/wp-content\/uploads\/2026\/04\/cq5dam.thumbnail.cropped.750.422-3.jpeg\" alt='El papa lamenta una humanidad \"de rodillas\" por tanta brutalidad en misa de Cena del Se\u00f1or - Noticias de hoy en Rep\u00fablica Dominicana | De \u00daltimo Minuto' class=\"wp-image-634863\" title='El papa lamenta una humanidad \"de rodillas\" por tanta brutalidad en misa de Cena del Se\u00f1or | 5 |'><\/figure>\n<\/div>\n<p>Tras la homil\u00eda, <strong>el papa se arrodill\u00f3 y lav\u00f3 los pies de los sacerdotes<\/strong>, once de los cuales eran los presb\u00edteros que el a\u00f1o pasado fueron ordenados por el papa y que representaban a los doce disc\u00edpulos de Jes\u00fas.<\/p>\n<p>Le\u00f3n XIV retom\u00f3 as\u00ed la tradici\u00f3n de celebrar la<strong> misa 'in Coena Domini'<\/strong> en San Juan de Letr\u00e1n, a diferencia de su antecesor, Francisco, que sol\u00eda celebrarla con presos o inmigrantes.<\/p>\n<p>La <strong>primera Semana Santa del papa estadounidense<\/strong>, que comenz\u00f3 con la celebraci\u00f3n de la misa el Domingo de Ramos, entr\u00f3 de llen\u00f3 este jueves con el inicio del 'Triduo Pascual' y la Misa Crismal de la ma\u00f1ana en San Pedro, donde se bendijeron los \u00f3leos y los sacerdotes renuevan sus votos de pobreza, castidad y obediencia.<\/p>\n<p><strong>Te puede interesar: <\/strong><a href=\"https:\/\/deultimominuto.net\/internacionales\/leon-xiv-aboga-por-una-iglesia-alejada-de-la-prepotencia-en-su-primer-jueves-santo\/\" data-type=\"link\" data-id=\"https:\/\/deultimominuto.net\/internacionales\/leon-xiv-aboga-por-una-iglesia-alejada-de-la-prepotencia-en-su-primer-jueves-santo\/\">Le\u00f3n XIV aboga por una Iglesia alejada de la prepotencia en su primer Jueves Santo<\/a><\/p>\n<h2 class=\"wp-block-heading\"><strong>El Viernes Santo presidir\u00e1 la celebraci\u00f3n de la Pasi\u00f3n en la bas\u00edlica vaticana<\/strong> y, por la noche, encabezar\u00e1 su primer v\u00eda crucis en el Coliseo de Roma, que simboliza el martirio de muchos cristianos y donde portar\u00e1 personalmente la cruz durante las catorce estaciones.<\/h2>\n<p>Ser\u00e1 la primera vez que un papa lleve la cruz durante todo el v\u00eda crucis. \"Creo que ser\u00e1 una se\u00f1al importante por lo que representa el papa: un l\u00edder espiritual en el mundo actual, una voz que afirma que Cristo sigue sufriendo. Y yo tambi\u00e9n llevo todo este sufrimiento en mis oraciones\", explic\u00f3 el pont\u00edfice sobre su decisi\u00f3n.<\/p>\n<p>La Semana Santa proseguir\u00e1 el s\u00e1bado con la vigilia pascual en la bas\u00edlica de San Pedro y culminar\u00e1 el Domingo de Resurrecci\u00f3n con la misa de Pascua, seguida de la tradicional bendici\u00f3n 'Urbi et Orbi'.\u00a0<\/p>\n<p>\u200bRoma.- El papa Le\u00f3n XIV lament\u00f3 este jueves la existencia de \"una humanidad de rodillas por tantos ejemplos de brutalidad\", en su homil\u00eda de la misa de la Cena del Se\u00f1or que celebr\u00f3 en la Bas\u00edlica de San Juan de Letr\u00e1n, donde lav\u00f3 los pies a doce sacerdotes romanos. \"Entonces, ante una humanidad abatida por\u00a0\u00a0Internacionales, misa, papa Le\u00f3n XIV, Vaticano\u00a0\u00a0<\/p>\n","protected":false},"excerpt":{"rendered":"<p>Roma.- El papa Le\u00f3n XIV lament\u00f3 este jueves la existencia de \"una humanidad de rodillas por tantos ejemplos de brutalidad\", en su homil\u00eda de la misa de la Cena del Se\u00f1or que celebr\u00f3 en la Bas\u00edlica de San Juan de Letr\u00e1n, donde lav\u00f3 los pies a doce sacerdotes romanos. \"Entonces, ante una humanidad abatida por [&hellip;]<\/p>\n","protected":false},"author":1,"featured_media":11181,"comment_status":"open","ping_status":"open","sticky":false,"template":"","format":"standard","meta":{"amp_status":"","footnotes":""},"categories":[3],"tags":[],"class_list":["post-11180","post","type-post","status-publish","format-standard","has-post-thumbnail","hentry","category-de-ultimo-minuto"],"_links":{"self":[{"href":"https:\/\/ermdigital.com\/index.php\/wp-json\/wp\/v2\/posts\/11180","targetHints":{"allow":["GET"]}}],"collection":[{"href":"https:\/\/ermdigital.com\/index.php\/wp-json\/wp\/v2\/posts"}],"about":[{"href":"https:\/\/ermdigital.com\/index.php\/wp-json\/wp\/v2\/types\/post"}],"author":[{"embeddable":true,"href":"https:\/\/ermdigital.com\/index.php\/wp-json\/wp\/v2\/users\/1"}],"replies":[{"embeddable":true,"href":"https:\/\/ermdigital.com\/index.php\/wp-json\/wp\/v2\/comments?post=11180"}],"version-history":[{"count":0,"href":"https:\/\/ermdigital.com\/index.php\/wp-json\/wp\/v2\/posts\/11180\/revisions"}],"wp:featuredmedia":[{"embeddable":true,"href":"https:\/\/ermdigital.com\/index.php\/wp-json\/wp\/v2\/media\/11181"}],"wp:attachment":[{"href":"https:\/\/ermdigital.com\/index.php\/wp-json\/wp\/v2\/media?parent=11180"}],"wp:term":[{"taxonomy":"category","embeddable":true,"href":"https:\/\/ermdigital.com\/index.php\/wp-json\/wp\/v2\/categories?post=11180"},{"taxonomy":"post_tag","embeddable":true,"href":"https:\/\/ermdigital.com\/index.php\/wp-json\/wp\/v2\/tags?post=11180"}],"curies":[{"name":"wp","href":"https:\/\/api.w.org\/{rel}","templated":true}]}}