{"id":11178,"date":"2026-04-02T13:39:41","date_gmt":"2026-04-02T17:39:41","guid":{"rendered":"https:\/\/ermdigital.com\/index.php\/2026\/04\/02\/feligreses-llaman-a-la-ciudadania-a-la-reflexion-y-a-acercarse-a-dios-durante-la-semana-santa\/"},"modified":"2026-04-02T13:39:41","modified_gmt":"2026-04-02T17:39:41","slug":"feligreses-llaman-a-la-ciudadania-a-la-reflexion-y-a-acercarse-a-dios-durante-la-semana-santa","status":"publish","type":"post","link":"https:\/\/ermdigital.com\/index.php\/2026\/04\/02\/feligreses-llaman-a-la-ciudadania-a-la-reflexion-y-a-acercarse-a-dios-durante-la-semana-santa\/","title":{"rendered":"Feligreses llaman a la ciudadan\u00eda a la reflexi\u00f3n y a acercarse a Dios durante la Semana Santa"},"content":{"rendered":"<p><strong>Santo Domingo.\u2013<\/strong> Feligreses de diversas parroquias del pa\u00eds hicieron un llamado a la ciudadan\u00eda a vivir la Semana Santa en un ambiente de recogimiento, oraci\u00f3n y reflexi\u00f3n sobre los valores espirituales, invitando a aprovechar estos d\u00edas para acercarse a Dios y fortalecer la fe.<\/p>\n<p>Durante misas, encuentros comunitarios y actividades religiosas, los creyentes exhortaron a los ciudadanos a alejarse de las distracciones del d\u00eda a d\u00eda y dedicar tiempo a la meditaci\u00f3n, la oraci\u00f3n y la reconciliaci\u00f3n familiar.<\/p>\n<h3 class=\"wp-block-heading\"><strong>Leer m\u00e1s:  <a href=\"https:\/\/deultimominuto.net\/internacionales\/feligreses-duermen-en-calles-de-roma-por-funeral-del-papa\/\" data-type=\"post\" data-id=\"468196\">Feligreses duermen en calles de Roma por funeral del papa<\/a><\/strong><\/h3>\n<p><strong>\u201cEste es un tiempo para estar recogidos, meditar sobre nuestras acciones y buscar acercarnos m\u00e1s a Dios\u201d,<\/strong> expres\u00f3 Mar\u00eda Gonz\u00e1lez, feligresa de la Parroquia San Antonio de Padua.<\/p>\n<p>Asimismo, se destac\u00f3 la importancia de interiorizar los valores de la fe cristiana y practicar la solidaridad, el respeto y la paz durante esta temporada. \u201cLa Semana Santa nos recuerda la importancia de la familia y de mantenernos unidos en la fe\u201d, coment\u00f3 Jos\u00e9 Ram\u00edrez, miembro de la comunidad parroquial.<\/p>\n<p>Los fieles tambi\u00e9n hicieron un llamado a vivir esta celebraci\u00f3n de manera consciente y espiritual. \u201cDebemos aprovechar estos d\u00edas para reflexionar, orar y renovar nuestro compromiso con Dios y con los dem\u00e1s\u201d, afirm\u00f3 Ana Beltr\u00e9, quien participa activamente en actividades de la parroquia local.<\/p>\n<p>Las autoridades religiosas han recomendado a la poblaci\u00f3n vivir la Semana Santa con prudencia, priorizando los momentos de encuentro con la espiritualidad y evitando excesos. Los mensajes de los feligreses enfatizan que este per\u00edodo es propicio para cultivar la paz interior, la humildad y la esperanza.<\/p>\n<p>En un contexto donde muchas personas buscan reconectar con su espiritualidad, los feligreses invitan a todos a tomar estos d\u00edas como una oportunidad de reflexi\u00f3n personal, oraci\u00f3n constante y acercamiento a Dios, haciendo de esta Semana Santa un espacio de renovaci\u00f3n y fortalecimiento de la fe.<\/p>\n<p>\u200bSanto Domingo.\u2013 Feligreses de diversas parroquias del pa\u00eds hicieron un llamado a la ciudadan\u00eda a vivir la Semana Santa en un ambiente de recogimiento, oraci\u00f3n y reflexi\u00f3n sobre los valores espirituales, invitando a aprovechar estos d\u00edas para acercarse a Dios y fortalecer la fe. Durante misas, encuentros comunitarios y actividades religiosas, los creyentes exhortaron a\u00a0\u00a0Estilo, Deultimominuto, ElPeri\u00f3dicodelaVerdad, feligreses, Reflexi\u00f3n, Rep\u00fablica Dominicana, Semana Santa\u00a0\u00a0<\/p>\n","protected":false},"excerpt":{"rendered":"<p>Santo Domingo.\u2013 Feligreses de diversas parroquias del pa\u00eds hicieron un llamado a la ciudadan\u00eda a vivir la Semana Santa en un ambiente de recogimiento, oraci\u00f3n y reflexi\u00f3n sobre los valores espirituales, invitando a aprovechar estos d\u00edas para acercarse a Dios y fortalecer la fe. Durante misas, encuentros comunitarios y actividades religiosas, los creyentes exhortaron a [&hellip;]<\/p>\n","protected":false},"author":1,"featured_media":11179,"comment_status":"open","ping_status":"open","sticky":false,"template":"","format":"standard","meta":{"amp_status":"","footnotes":""},"categories":[3],"tags":[],"class_list":["post-11178","post","type-post","status-publish","format-standard","has-post-thumbnail","hentry","category-de-ultimo-minuto"],"_links":{"self":[{"href":"https:\/\/ermdigital.com\/index.php\/wp-json\/wp\/v2\/posts\/11178","targetHints":{"allow":["GET"]}}],"collection":[{"href":"https:\/\/ermdigital.com\/index.php\/wp-json\/wp\/v2\/posts"}],"about":[{"href":"https:\/\/ermdigital.com\/index.php\/wp-json\/wp\/v2\/types\/post"}],"author":[{"embeddable":true,"href":"https:\/\/ermdigital.com\/index.php\/wp-json\/wp\/v2\/users\/1"}],"replies":[{"embeddable":true,"href":"https:\/\/ermdigital.com\/index.php\/wp-json\/wp\/v2\/comments?post=11178"}],"version-history":[{"count":0,"href":"https:\/\/ermdigital.com\/index.php\/wp-json\/wp\/v2\/posts\/11178\/revisions"}],"wp:featuredmedia":[{"embeddable":true,"href":"https:\/\/ermdigital.com\/index.php\/wp-json\/wp\/v2\/media\/11179"}],"wp:attachment":[{"href":"https:\/\/ermdigital.com\/index.php\/wp-json\/wp\/v2\/media?parent=11178"}],"wp:term":[{"taxonomy":"category","embeddable":true,"href":"https:\/\/ermdigital.com\/index.php\/wp-json\/wp\/v2\/categories?post=11178"},{"taxonomy":"post_tag","embeddable":true,"href":"https:\/\/ermdigital.com\/index.php\/wp-json\/wp\/v2\/tags?post=11178"}],"curies":[{"name":"wp","href":"https:\/\/api.w.org\/{rel}","templated":true}]}}